{"id":1141,"date":"2018-12-19T16:02:22","date_gmt":"2018-12-19T15:02:22","guid":{"rendered":"http:\/\/citeelegance.net\/?p=1141"},"modified":"2018-12-19T16:02:47","modified_gmt":"2018-12-19T15:02:47","slug":"reconnaissance-acteurs-de-culture-decores","status":"publish","type":"post","link":"https:\/\/citeelegance.net\/?p=1141","title":{"rendered":"Reconnaissance : Des acteurs de la culture d\u00e9cor\u00e9s"},"content":{"rendered":"<p><strong><em>Ce lundi 17 d\u00e9cembre 2018, le Minist\u00e8re de la Culture des Arts et du Tourisme a organis\u00e9 une c\u00e9r\u00e9monie solennelle de d\u00e9coration au FESPACO pour reconnaitre le m\u00e9rite d\u2019une vingtaine d\u2019acteurs de la culture. Ces r\u00e9cipiendaires sont r\u00e9compens\u00e9s sur la base de l\u2019excellence et du travail bien fait.<\/em><\/strong><\/p>\n<p>La c\u00e9r\u00e9monie de d\u00e9coration du Minist\u00e8re de la Culture des Arts et du Tourisme (MCAT) a eu lieu sous la pr\u00e9sidence de leur ministre M. Abdoul Karim Sango. Comme chaque ann\u00e9e, dans le cadre de la comm\u00e9moration de l\u2019ind\u00e9pendance du Burkina Faso, la nation r\u00e9compense les filles et fils du pays des hommes int\u00e8gres qui se sont distingu\u00e9s par leur ardeur, leur exemplarit\u00e9 et leur d\u00e9vouement au travail. Ce sont au total 26 acteurs de la culture qui ont \u00e9t\u00e9 d\u00e9cor\u00e9 au titre de l\u2019ordre du m\u00e9rite des arts, des lettres et de la communication dont 04 officiers de l\u2019ordre du m\u00e9rite des arts, des lettres et de la communication et 22 chevaliers de l\u2019ordre du m\u00e9rite des arts, des lettres et de la communication. Il s\u2019agit entre autre des agents du MCAT et des acteurs priv\u00e9s. Cette c\u00e9r\u00e9monie a connu la participation des parents, amis et coll\u00e8gues qui sont venus soutenir les r\u00e9cipiendaires.<\/p>\n<p>Pour le Ministre de la Culture, des Arts et du Tourisme M. Abdoul Karim Sango <em>\u00ab\u00a0cette c\u00e9r\u00e9monie est une reconnaissance du m\u00e9rite de ces collaborateurs et de ces partenaires qui au regard des nombreux d\u00e9fis auxquels le minist\u00e8re est confront\u00e9, s\u2019\u00e9chinent chaque jour \u00e0 porter haut le rayonnement culturel et touristique du Burkina Faso. Sous le leadership du chef de l\u2019Etat nous avons \u00e9t\u00e9 instruit de proc\u00e9der \u00e0 cette c\u00e9r\u00e9monie de d\u00e9coration qui est symbolique mais aussi une grande reconnaissance de toute la nation. Nous leurs souhaitons beaucoup de bonheur, de conviction et d\u2019engagement dans les \u0153uvres qu\u2019ils font\u00a0\u00bb<\/em>.<\/p>\n<p>Les r\u00e9cipiendaires n\u2019ont pas manqu\u00e9 \u00e0 t\u00e9moigner leur gratitude aux autorit\u00e9s. C\u2019est pourquoi Abdoulaye Ciss\u00e9, un r\u00e9cipiendaire d\u00e9cor\u00e9 pour la deuxi\u00e8me fois, s\u2019exprime en ces termes \u00ab\u00a0<em>c\u2019est un immense plaisir d\u2019\u00eatre d\u00e9cor\u00e9 officier de l\u2019ordre du m\u00e9rite des arts, des lettres et de la communication. C\u2019est un signe que tout ce que j\u2019ai fait pour mon pays n\u2019est pas pass\u00e9 inaper\u00e7u. J\u2019ai encore une bonne raison de croire que ce que je fais est utile. C\u2019est ensemble qu\u2019on va promouvoir la musique burkinab\u00e8\u00a0\u00bb<\/em>.<\/p>\n<p>C\u2019est dans une ambiance festive et un lunch que la c\u00e9r\u00e9monie de d\u00e9coration a pris fin.<\/p>\n<p><strong>\u00a0<\/strong><\/p>\n<p><strong>\u00a0\u00a0\u00a0\u00a0\u00a0\u00a0\u00a0\u00a0\u00a0\u00a0\u00a0\u00a0\u00a0\u00a0\u00a0\u00a0\u00a0\u00a0\u00a0\u00a0\u00a0\u00a0\u00a0\u00a0\u00a0\u00a0\u00a0\u00a0\u00a0\u00a0\u00a0\u00a0\u00a0\u00a0\u00a0\u00a0\u00a0\u00a0\u00a0\u00a0\u00a0\u00a0\u00a0\u00a0\u00a0\u00a0\u00a0\u00a0\u00a0\u00a0\u00a0\u00a0\u00a0\u00a0\u00a0\u00a0\u00a0\u00a0\u00a0\u00a0\u00a0\u00a0\u00a0\u00a0\u00a0\u00a0\u00a0\u00a0\u00a0\u00a0\u00a0\u00a0\u00a0\u00a0\u00a0\u00a0\u00a0\u00a0\u00a0\u00a0\u00a0\u00a0\u00a0\u00a0\u00a0\u00a0\u00a0\u00a0\u00a0\u00a0\u00a0\u00a0\u00a0\u00a0\u00a0\u00a0\u00a0\u00a0\u00a0\u00a0\u00a0\u00a0\u00a0\u00a0\u00a0\u00a0\u00a0 Isma\u00ebl KIEKIETA (stagiaire)<\/strong><\/p>\n<aside class=\"mashsb-container mashsb-main mashsb-stretched\"><div class=\"mashsb-box\"><div class=\"mashsb-buttons\"><a class=\"mashicon-facebook mash-small mash-center mashsb-noshadow\" href=\"https:\/\/www.facebook.com\/sharer.php?u=https%3A%2F%2Fciteelegance.net%2F%3Fp%3D1141\" target=\"_top\" rel=\"nofollow\"><span class=\"icon\"><\/span><span class=\"text\">Partagez<\/span><\/a><a class=\"mashicon-twitter mash-small mash-center mashsb-noshadow\" href=\"https:\/\/twitter.com\/intent\/tweet?text=&url=https:\/\/citeelegance.net\/?p=1141\" target=\"_top\" rel=\"nofollow\"><span class=\"icon\"><\/span><span class=\"text\">Tweet<\/span><\/a><div class=\"onoffswitch2 mash-small mashsb-noshadow\" style=\"display:none;\"><\/div><\/div>\n            <\/div>\n                <div style=\"clear:both;\"><\/div><\/aside>\n            <!-- Share buttons by mashshare.net - Version: 3.8.0--><div class=\"pdf24Plugin-cp\"> \t<form name=\"pdf24Form0\" method=\"post\" action=\"https:\/\/doc2pdf.pdf24.org\/wordpress.php\" target=\"pdf24PopWin\" onsubmit=\"var pdf24Win = window.open('about:blank', 'pdf24PopWin', 'resizable=yes,scrollbars=yes,width=600,height=250,left='+(screen.width\/2-300)+',top='+(screen.height\/3-125)+''); pdf24Win.focus(); if(typeof pdf24OnCreatePDF === 'function'){void(pdf24OnCreatePDF(this,pdf24Win));}\"> \t\t<input type=\"hidden\" name=\"blogCharset\" value=\"Cw1x07UAAA==\" \/><input type=\"hidden\" name=\"blogPosts\" value=\"MwQA\" \/><input type=\"hidden\" name=\"blogUrl\" value=\"yygpKSi20tdPzixJTc1JTU\/MS07Vy0stAQA=\" \/><input type=\"hidden\" name=\"blogName\" value=\"c\/YMcVVw9XF1d\/RzdgUA\" \/><input type=\"hidden\" name=\"blogValueEncoding\" value=\"gzdeflate base64\" \/><input type=\"hidden\" name=\"postId_0\" value=\"MzQ0MQQA\" \/><input type=\"hidden\" name=\"postTitle_0\" value=\"C0pNzs\/LS8wsLk7MS05VsFJwSS1WSEwuSS0tKlZISVXISVRILs0pKS1KVUg5vDI5v+jwymIA\" \/><input type=\"hidden\" name=\"postLink_0\" value=\"yygpKSi20tdPzixJTc1JTU\/MS07Vy0st0bcvsDU0NDEEAA==\" \/><input type=\"hidden\" name=\"postAuthor_0\" value=\"805MSS0CAA==\" \/><input type=\"hidden\" name=\"postDateTime_0\" value=\"MzIwtNA1NNI1tFQwNLMyNLIyMgIA\" \/><input type=\"hidden\" name=\"postContent_0\" value=\"3VbLbhxFFN3nKy4jBRFpHrEdQWQ8ExkTS4EEItlii6q7a6Yrqa7q1GM8ZsU\/sGKXHTH5BHYe8SN8CedWdXvssUGKyIrEsntquu4999xzT9VBOzvwwVmzmB3IZnYkSUdTKdr5gqr1RSmbwknafbjzeEha0gtllA\/rd1ir8Kago6hDTJ88HbrgSQaqIp3a6JRvJAmybiGwaX1B0Ugq1xdufdFYoyR5q6UxUusUjLNZJ4KyhkSk46cnLw+PvqcWkcjJ0hojVEAmvN0giArY8tfPv3LQpTKLIJTJK6IMMjrfASwzwDEdASFSl6pV0lRCOXz21oS0aJtWGmDEEtJhWyF8LhEB5apkkKaUXXXBiaVQmgpEojlgjQ8m4O5g0hM5aWf3DtrZc3Gj3q0iEeiD6fzsxdHh6QOwKiNphV\/eRs8bW2TxqkogORQYoCZFR7QXYzosKhs1fSucauhEmIUFI7ZByLIWbyIaZcz6Qg6pEsYzx6WorlCBnoaL6IFnWpRBNS1zmZJG+iq618oIOhbeDnmfye9vCGZgnuZK8x+UhifPO1tx7lPNNUPypAxIWXCH3kRFXuZGVagGnY7cpla4XKRwFf4M8we5kk2rUWOA3BA\/LQLl0kbZSIQQV81jQeSwvGaD0LT7Od2pnQSC31xfcNzcQzzwxiTJjhDrEmVxo08UINDFYXrSMgSX697QGo0qO1Y5w8NHZOdzVSrZgfjPYbG8u4smy6XQHy3qmJ5p8jxrCxUIxCKUiKETrlhgJfWV1ZpD+CtqW6eW6CDzH8JNQ+AsxsSkZ0ABDW2vuNRxDjsk0aiEq7RaQyWxVwnzt5Qm8ljHII1ySW1bMz\/uh\/MlG8uVpW1P4PAfR\/DOYSL2zsv3l2\/LW0VJH5Lz9R7mfT8vG+apRDKuRxQ8ZImnzHyZK0c52bG4UujOyQWEnzAayxYdV6zLOZgRcYV51mmIm42\/MAwAmMOgIOJh6h6YqeGa4K0zgVfMyfotTBcZHdXoKYdx4hzQ8wR1M6EZX0icBMVbt+Z\/TCfJmXjiRQXd1arldyDEeS\/Bp0EEwMdrYmnhOnm8lEE3okrVt86CSmxnULep3TJU5obL9OdNYXVC1YjEiPcq9WDhhKlut0JyJUFuLGtM32X03AioqYbHM8JCilja2PKWwpo6OQ93yZqlKvt540NImgXGIDHWOaqnP3+Jy9xDdk90aI5eXL69\/COdHlfCfH7HQWV4YhGrFR41mTfwQKYkMBNqYWRnhgtmIsSKp3HFE2mTFfKwMSZww8fpm2hVp2FxLukIPLAiotlKu3G6dAiDHVjtSq3fYQrmVvksIrnCRGMFRyGLFbphB+dZ4Jkou7wIrmDtfATAoJXHcDJN69\/D9Ty9930kkzraJPfMErEkuNVAmp5fsYWpdITnGqGrfBiZni\/B88cEQZiilW79WxzTN3kfTlsLfKysggcEg6J8PiBLZ5XLSfpckvP47AdBabnBx7Q0hZZZGQiw5APdNjYurUrEN9EnPRd5xIr1u9u66aMlvTEm0RQqCXyOZbVMtxdQgftdWSdI+l\/vJ4xB8WltrlL0N0X0dvuus\/nq\/\/ifnvlGrN\/D8589xc\/pIX3mAw4\/HpMHW1wIvodRqaGa6aARvvbFCAaRLqhQWF6AMZn+mU+fAGOsBrODSi23thZ2dfd6DOxJ+E5c\/0Yh1WguSllY+zplGAG61vmxhCFtQBjra1HZswHVTs6ngzqE1u9PJmdnZ+M+xBgzNcFrTrpxW7dP4jS9dX\/v8P7uMX5KjKXUOI4gtLGRgVf3jtv7e1\/v7DzaGVAQbiHDdPBjsO0AzqunA2PnOOqQFqJphenRM\/IBX6KxdvObIFdhMHuJwYen\/tS\/MRF3lR7OVOhL\/PDKu92paFxCsQdLUoYnDGH6aXR62r+6XfjkSTv92CWfcu7r9V6TgUXMuQfest7drvZGhT6cazkd4PYM5z3fN9bILzkpYnW\/79G1f3cspWVO3YUqcaa7\/cKG+lqgJPutUJ+MRnTC2qFOrVScZ4C8yKzRiH7A7QB+s09748fjh6PR7G8=\" \/> \t\t<a href=\"https:\/\/www.pdf24.org\" target=\"_blank\" title=\"www.pdf24.org\" rel=\"nofollow\"><img src=\"https:\/\/citeelegance.net\/wp-content\/plugins\/pdf24-posts-to-pdf\/img\/pdf_32x32.png\" alt=\"\" border=\"0\" height=\"32\" \/><\/a> \t\t<span class=\"pdf24Plugin-cp-space\">&nbsp;&nbsp;<\/span> \t\t<span class=\"pdf24Plugin-cp-text\">Send article as PDF<\/span> \t\t<span class=\"pdf24Plugin-cp-space\">&nbsp;&nbsp;<\/span> \t\t<input class=\"pdf24Plugin-cp-input\" style=\"margin: 0px;\" type=\"text\" name=\"sendEmailTo\" placeholder=\"Enter email address\" \/> \t\t<input class=\"pdf24Plugin-cp-submit\" style=\"margin: 0px;\" type=\"submit\" value=\"Send\" \/> \t<\/form> <\/div>","protected":false},"excerpt":{"rendered":"<p>Ce lundi 17 d\u00e9cembre 2018, le Minist\u00e8re de la Culture des Arts et du Tourisme a organis\u00e9 une c\u00e9r\u00e9monie solennelle de d\u00e9coration au FESPACO pour reconnaitre le m\u00e9rite d\u2019une vingtaine d\u2019acteurs de la culture. Ces r\u00e9cipiendaires sont r\u00e9compens\u00e9s sur la base de l\u2019excellence et du travail bien fait. La c\u00e9r\u00e9monie de d\u00e9coration du Minist\u00e8re de [&hellip;]<\/p>\n","protected":false},"author":3,"featured_media":1142,"comment_status":"open","ping_status":"open","sticky":false,"template":"","format":"standard","meta":{"footnotes":""},"categories":[2,16,13],"tags":[],"yoast_head":"<!-- This site is optimized with the Yoast SEO plugin v18.1 - https:\/\/yoast.com\/wordpress\/plugins\/seo\/ -->\n<title>Reconnaissance : Des acteurs de la culture d\u00e9cor\u00e9s - CITE ELEGANCE<\/title>\n<meta name=\"robots\" content=\"index, follow, max-snippet:-1, max-image-preview:large, max-video-preview:-1\" \/>\n<link rel=\"canonical\" href=\"https:\/\/citeelegance.net\/?p=1141\" \/>\n<meta property=\"og:locale\" content=\"fr_FR\" \/>\n<meta property=\"og:type\" content=\"article\" \/>\n<meta property=\"og:title\" content=\"Reconnaissance : Des acteurs de la culture d\u00e9cor\u00e9s - CITE ELEGANCE\" \/>\n<meta property=\"og:description\" content=\"Ce lundi 17 d\u00e9cembre 2018, le Minist\u00e8re de la Culture des Arts et du Tourisme a organis\u00e9 une c\u00e9r\u00e9monie solennelle de d\u00e9coration au FESPACO pour reconnaitre le m\u00e9rite d\u2019une vingtaine d\u2019acteurs de la culture. Ces r\u00e9cipiendaires sont r\u00e9compens\u00e9s sur la base de l\u2019excellence et du travail bien fait. La c\u00e9r\u00e9monie de d\u00e9coration du Minist\u00e8re de [&hellip;]\" \/>\n<meta property=\"og:url\" content=\"https:\/\/citeelegance.net\/?p=1141\" \/>\n<meta property=\"og:site_name\" content=\"CITE ELEGANCE\" \/>\n<meta property=\"article:published_time\" content=\"2018-12-19T15:02:22+00:00\" \/>\n<meta property=\"article:modified_time\" content=\"2018-12-19T15:02:47+00:00\" \/>\n<meta property=\"og:image\" content=\"https:\/\/citeelegance.net\/wp-content\/uploads\/2018\/12\/ok-2.jpg\" \/>\n\t<meta property=\"og:image:width\" content=\"1052\" \/>\n\t<meta property=\"og:image:height\" content=\"592\" \/>\n\t<meta property=\"og:image:type\" content=\"image\/jpeg\" \/>\n<meta name=\"twitter:label1\" content=\"\u00c9crit par\" \/>\n\t<meta name=\"twitter:data1\" content=\"Kader\" \/>\n\t<meta name=\"twitter:label2\" content=\"Dur\u00e9e de lecture estim\u00e9e\" \/>\n\t<meta name=\"twitter:data2\" content=\"2 minutes\" \/>\n<script type=\"application\/ld+json\" class=\"yoast-schema-graph\">{\"@context\":\"https:\/\/schema.org\",\"@graph\":[{\"@type\":\"WebSite\",\"@id\":\"https:\/\/citeelegance.net\/#website\",\"url\":\"https:\/\/citeelegance.net\/\",\"name\":\"CITE ELEGANCE\",\"description\":\"\",\"potentialAction\":[{\"@type\":\"SearchAction\",\"target\":{\"@type\":\"EntryPoint\",\"urlTemplate\":\"https:\/\/citeelegance.net\/?s={search_term_string}\"},\"query-input\":\"required name=search_term_string\"}],\"inLanguage\":\"fr-FR\"},{\"@type\":\"ImageObject\",\"@id\":\"https:\/\/citeelegance.net\/?p=1141#primaryimage\",\"inLanguage\":\"fr-FR\",\"url\":\"https:\/\/citeelegance.net\/wp-content\/uploads\/2018\/12\/ok-2.jpg\",\"contentUrl\":\"https:\/\/citeelegance.net\/wp-content\/uploads\/2018\/12\/ok-2.jpg\",\"width\":1052,\"height\":592},{\"@type\":\"WebPage\",\"@id\":\"https:\/\/citeelegance.net\/?p=1141#webpage\",\"url\":\"https:\/\/citeelegance.net\/?p=1141\",\"name\":\"Reconnaissance : Des acteurs de la culture d\u00e9cor\u00e9s - CITE ELEGANCE\",\"isPartOf\":{\"@id\":\"https:\/\/citeelegance.net\/#website\"},\"primaryImageOfPage\":{\"@id\":\"https:\/\/citeelegance.net\/?p=1141#primaryimage\"},\"datePublished\":\"2018-12-19T15:02:22+00:00\",\"dateModified\":\"2018-12-19T15:02:47+00:00\",\"author\":{\"@id\":\"https:\/\/citeelegance.net\/#\/schema\/person\/e06163d4cd2cfc8a3cfc96dc84443ae4\"},\"breadcrumb\":{\"@id\":\"https:\/\/citeelegance.net\/?p=1141#breadcrumb\"},\"inLanguage\":\"fr-FR\",\"potentialAction\":[{\"@type\":\"ReadAction\",\"target\":[\"https:\/\/citeelegance.net\/?p=1141\"]}]},{\"@type\":\"BreadcrumbList\",\"@id\":\"https:\/\/citeelegance.net\/?p=1141#breadcrumb\",\"itemListElement\":[{\"@type\":\"ListItem\",\"position\":1,\"name\":\"Accueil\",\"item\":\"https:\/\/citeelegance.net\/\"},{\"@type\":\"ListItem\",\"position\":2,\"name\":\"Reconnaissance : Des acteurs de la culture d\u00e9cor\u00e9s\"}]},{\"@type\":\"Person\",\"@id\":\"https:\/\/citeelegance.net\/#\/schema\/person\/e06163d4cd2cfc8a3cfc96dc84443ae4\",\"name\":\"Kader\",\"url\":\"https:\/\/citeelegance.net\/?author=3\"}]}<\/script>\n<!-- \/ Yoast SEO plugin. -->","yoast_head_json":{"title":"Reconnaissance : Des acteurs de la culture d\u00e9cor\u00e9s - CITE ELEGANCE","robots":{"index":"index","follow":"follow","max-snippet":"max-snippet:-1","max-image-preview":"max-image-preview:large","max-video-preview":"max-video-preview:-1"},"canonical":"https:\/\/citeelegance.net\/?p=1141","og_locale":"fr_FR","og_type":"article","og_title":"Reconnaissance : Des acteurs de la culture d\u00e9cor\u00e9s - CITE ELEGANCE","og_description":"Ce lundi 17 d\u00e9cembre 2018, le Minist\u00e8re de la Culture des Arts et du Tourisme a organis\u00e9 une c\u00e9r\u00e9monie solennelle de d\u00e9coration au FESPACO pour reconnaitre le m\u00e9rite d\u2019une vingtaine d\u2019acteurs de la culture. Ces r\u00e9cipiendaires sont r\u00e9compens\u00e9s sur la base de l\u2019excellence et du travail bien fait. La c\u00e9r\u00e9monie de d\u00e9coration du Minist\u00e8re de [&hellip;]","og_url":"https:\/\/citeelegance.net\/?p=1141","og_site_name":"CITE ELEGANCE","article_published_time":"2018-12-19T15:02:22+00:00","article_modified_time":"2018-12-19T15:02:47+00:00","og_image":[{"width":1052,"height":592,"url":"https:\/\/citeelegance.net\/wp-content\/uploads\/2018\/12\/ok-2.jpg","type":"image\/jpeg"}],"twitter_misc":{"\u00c9crit par":"Kader","Dur\u00e9e de lecture estim\u00e9e":"2 minutes"},"schema":{"@context":"https:\/\/schema.org","@graph":[{"@type":"WebSite","@id":"https:\/\/citeelegance.net\/#website","url":"https:\/\/citeelegance.net\/","name":"CITE ELEGANCE","description":"","potentialAction":[{"@type":"SearchAction","target":{"@type":"EntryPoint","urlTemplate":"https:\/\/citeelegance.net\/?s={search_term_string}"},"query-input":"required name=search_term_string"}],"inLanguage":"fr-FR"},{"@type":"ImageObject","@id":"https:\/\/citeelegance.net\/?p=1141#primaryimage","inLanguage":"fr-FR","url":"https:\/\/citeelegance.net\/wp-content\/uploads\/2018\/12\/ok-2.jpg","contentUrl":"https:\/\/citeelegance.net\/wp-content\/uploads\/2018\/12\/ok-2.jpg","width":1052,"height":592},{"@type":"WebPage","@id":"https:\/\/citeelegance.net\/?p=1141#webpage","url":"https:\/\/citeelegance.net\/?p=1141","name":"Reconnaissance : Des acteurs de la culture d\u00e9cor\u00e9s - CITE ELEGANCE","isPartOf":{"@id":"https:\/\/citeelegance.net\/#website"},"primaryImageOfPage":{"@id":"https:\/\/citeelegance.net\/?p=1141#primaryimage"},"datePublished":"2018-12-19T15:02:22+00:00","dateModified":"2018-12-19T15:02:47+00:00","author":{"@id":"https:\/\/citeelegance.net\/#\/schema\/person\/e06163d4cd2cfc8a3cfc96dc84443ae4"},"breadcrumb":{"@id":"https:\/\/citeelegance.net\/?p=1141#breadcrumb"},"inLanguage":"fr-FR","potentialAction":[{"@type":"ReadAction","target":["https:\/\/citeelegance.net\/?p=1141"]}]},{"@type":"BreadcrumbList","@id":"https:\/\/citeelegance.net\/?p=1141#breadcrumb","itemListElement":[{"@type":"ListItem","position":1,"name":"Accueil","item":"https:\/\/citeelegance.net\/"},{"@type":"ListItem","position":2,"name":"Reconnaissance : Des acteurs de la culture d\u00e9cor\u00e9s"}]},{"@type":"Person","@id":"https:\/\/citeelegance.net\/#\/schema\/person\/e06163d4cd2cfc8a3cfc96dc84443ae4","name":"Kader","url":"https:\/\/citeelegance.net\/?author=3"}]}},"_links":{"self":[{"href":"https:\/\/citeelegance.net\/index.php?rest_route=\/wp\/v2\/posts\/1141"}],"collection":[{"href":"https:\/\/citeelegance.net\/index.php?rest_route=\/wp\/v2\/posts"}],"about":[{"href":"https:\/\/citeelegance.net\/index.php?rest_route=\/wp\/v2\/types\/post"}],"author":[{"embeddable":true,"href":"https:\/\/citeelegance.net\/index.php?rest_route=\/wp\/v2\/users\/3"}],"replies":[{"embeddable":true,"href":"https:\/\/citeelegance.net\/index.php?rest_route=%2Fwp%2Fv2%2Fcomments&post=1141"}],"version-history":[{"count":1,"href":"https:\/\/citeelegance.net\/index.php?rest_route=\/wp\/v2\/posts\/1141\/revisions"}],"predecessor-version":[{"id":1143,"href":"https:\/\/citeelegance.net\/index.php?rest_route=\/wp\/v2\/posts\/1141\/revisions\/1143"}],"wp:featuredmedia":[{"embeddable":true,"href":"https:\/\/citeelegance.net\/index.php?rest_route=\/wp\/v2\/media\/1142"}],"wp:attachment":[{"href":"https:\/\/citeelegance.net\/index.php?rest_route=%2Fwp%2Fv2%2Fmedia&parent=1141"}],"wp:term":[{"taxonomy":"category","embeddable":true,"href":"https:\/\/citeelegance.net\/index.php?rest_route=%2Fwp%2Fv2%2Fcategories&post=1141"},{"taxonomy":"post_tag","embeddable":true,"href":"https:\/\/citeelegance.net\/index.php?rest_route=%2Fwp%2Fv2%2Ftags&post=1141"}],"curies":[{"name":"wp","href":"https:\/\/api.w.org\/{rel}","templated":true}]}}