{"id":11102,"date":"2025-08-24T18:41:03","date_gmt":"2025-08-24T18:41:03","guid":{"rendered":"https:\/\/citeelegance.net\/?p=11102"},"modified":"2025-08-24T18:41:03","modified_gmt":"2025-08-24T18:41:03","slug":"burkina-faso-les-jeunes-panafricains-de-laes-et-de-la-diaspora-en-pelerinage-au-memorial-thomas-sankara","status":"publish","type":"post","link":"https:\/\/citeelegance.net\/?p=11102","title":{"rendered":"Burkina Faso : Les jeunes Panafricains de l&#8217;AES et de la diaspora en p\u00e8lerinage au M\u00e9morial Thomas Sankara"},"content":{"rendered":"<p dir=\"ltr\"><strong>Le samedi 23 ao\u00fbt 2025, Ouagadougou a \u00e9t\u00e9 le th\u00e9\u00e2tre d\u2019un rassemblement historique de jeunes Panafricains venus du Burkina Faso, du Mali, du Niger ainsi que de la diaspora. Invit\u00e9s par Nestor Poodass\u00e9, figure reconnue de l\u2019engagement panafricain, ils se sont rendus au M\u00e9morial Thomas Sankara pour un p\u00e8lerinage hautement symbolique, afin de se recueillir sur les premi\u00e8res traces de la R\u00e9volution et de s\u2019impr\u00e9gner de l\u2019h\u00e9ritage du capitaine Thomas Sankara.<\/strong><\/p>\n<p dir=\"ltr\">D\u00e8s leur arriv\u00e9e, la tension et l\u2019\u00e9motion \u00e9taient palpables. Les participants, conscients de la port\u00e9e de leur d\u00e9marche, ont suivi avec une attention profonde les explications du guide retra\u00e7ant la vie et les actions de Thomas Sankara. Chaque salle, chaque monument, chaque objet expos\u00e9 semblait \u00e9veiller en eux un m\u00e9lange de respect, d\u2019admiration et de d\u00e9termination. Beaucoup ont \u00e9t\u00e9 profond\u00e9ment \u00e9mus en d\u00e9couvrant le r\u00e9cit des combats men\u00e9s par Sankara pour l\u2019\u00e9mancipation du peuple burkinab\u00e8 et, plus largement, pour la souverainet\u00e9 africaine.<\/p>\n<p dir=\"ltr\">Cette visite n\u2019a pas \u00e9t\u00e9 qu\u2019un simple hommage. Elle s\u2019est transform\u00e9e en v\u00e9ritable le\u00e7on de m\u00e9moire et de responsabilit\u00e9. Les jeunes ont r\u00e9affirm\u00e9 leur engagement \u00e0 poursuivre le combat pour l\u2019ind\u00e9pendance du continent, \u00e0 soutenir les autorit\u00e9s de l\u2019AES et \u00e0 promouvoir la solidarit\u00e9 panafricaine. \u00c0 chaque \u00e9tape, le recueillement et les \u00e9changes t\u00e9moignaient d\u2019une volont\u00e9 commune de marcher dans les pas du leader r\u00e9volutionnaire et de perp\u00e9tuer les id\u00e9aux de justice, d\u2019unit\u00e9 et de dignit\u00e9 qu\u2019il a incarn\u00e9s.<\/p>\n<p dir=\"ltr\">Au pied du monument, la jeunesse africaine a laiss\u00e9 parler son \u00e9motion, consciente que leur pr\u00e9sence sur ce site historique est \u00e0 la fois un hommage et un serment. Hommage \u00e0 Thomas Sankara, mais aussi engagement \u00e0 poursuivre son combat pour la lib\u00e9ration d\u00e9finitive de l\u2019Afrique. En quittant le M\u00e9morial, les jeunes Panafricains de l\u2019AES et de la diaspora, venus sur invitation de Nestor Poodass\u00e9, ont affich\u00e9 la d\u00e9termination intacte de b\u00e2tir un continent libre et souverain, fid\u00e8le \u00e0 l\u2019esprit sankariste et aux aspirations des g\u00e9n\u00e9rations \u00e0 venir.<br \/>\nKiekieta \u270d\ud83c\udffc<\/p>\n<aside class=\"mashsb-container mashsb-main mashsb-stretched\"><div class=\"mashsb-box\"><div class=\"mashsb-buttons\"><a class=\"mashicon-facebook mash-small mash-center mashsb-noshadow\" href=\"https:\/\/www.facebook.com\/sharer.php?u=https%3A%2F%2Fciteelegance.net%2F%3Fp%3D11102\" target=\"_top\" rel=\"nofollow\"><span class=\"icon\"><\/span><span class=\"text\">Partagez<\/span><\/a><a class=\"mashicon-twitter mash-small mash-center mashsb-noshadow\" href=\"https:\/\/twitter.com\/intent\/tweet?text=&url=https:\/\/citeelegance.net\/?p=11102\" target=\"_top\" rel=\"nofollow\"><span class=\"icon\"><\/span><span class=\"text\">Tweet<\/span><\/a><div class=\"onoffswitch2 mash-small mashsb-noshadow\" style=\"display:none;\"><\/div><\/div>\n            <\/div>\n                <div style=\"clear:both;\"><\/div><\/aside>\n            <!-- Share buttons by mashshare.net - Version: 3.8.0--><div class=\"pdf24Plugin-cp\"> \t<form name=\"pdf24Form0\" method=\"post\" action=\"https:\/\/doc2pdf.pdf24.org\/wordpress.php\" target=\"pdf24PopWin\" onsubmit=\"var pdf24Win = window.open('about:blank', 'pdf24PopWin', 'resizable=yes,scrollbars=yes,width=600,height=250,left='+(screen.width\/2-300)+',top='+(screen.height\/3-125)+''); pdf24Win.focus(); if(typeof pdf24OnCreatePDF === 'function'){void(pdf24OnCreatePDF(this,pdf24Win));}\"> \t\t<input type=\"hidden\" name=\"blogCharset\" value=\"Cw1x07UAAA==\" \/><input type=\"hidden\" name=\"blogPosts\" value=\"MwQA\" \/><input type=\"hidden\" name=\"blogUrl\" value=\"yygpKSi20tdPzixJTc1JTU\/MS07Vy0stAQA=\" \/><input type=\"hidden\" name=\"blogName\" value=\"c\/YMcVVw9XF1d\/RzdgUA\" \/><input type=\"hidden\" name=\"blogValueEncoding\" value=\"gzdeflate base64\" \/><input type=\"hidden\" name=\"postId_0\" value=\"MzQ0NDACAA==\" \/><input type=\"hidden\" name=\"postTitle_0\" value=\"HcwxCsJQEEXRrTwQ7LVRtDKglYKQbOBhRh3zMz\/M5O\/JrCMbM1hdOMWtindqxIWRccBVAh8ptuRO49P1QbVAK0jr1X672R1P5xoy\/oVolTFkJ8QwzN8kvsxeAhbc5qnPrkxo3rlnoKZ1dP4A\" \/><input type=\"hidden\" name=\"postLink_0\" value=\"yygpKSi20tdPzixJTc1JTU\/MS07Vy0st0bcvsDU0NDQwAgA=\" \/><input type=\"hidden\" name=\"postAuthor_0\" value=\"8yzOTUzNUfD2dAWiEEcA\" \/><input type=\"hidden\" name=\"postDateTime_0\" value=\"MzIwMtU1sNA1MlEwtLAyACJjAA==\" \/><input type=\"hidden\" name=\"postContent_0\" value=\"rVZLbhw3EN37FJUBnNV8bAkBAkUjQ\/4hQRzHiI1sA3Z3zQxtNkmT7JGUlS8QZB0gQIJsrDlDsuub+AQ5Ql6xOaORrCwCRBA0IzbJevXq1as+9tToMB+ZFEYnxzEFZ5cnz5iiarnRdHBIyvV\/Jjq4d\/DZmL7t1FI1rlu6jhT1m9RvyDClVb\/p\/0iBqfnw7pfOUlAxclsZbtkmWumYXNBvOzxnes2d5UgvlFWLoGulbaQ12y5S09HDLrzRVtFTFd1YFr5RRucvz\/WSA8luTeUmo4BdRe+CmtJXdq0BJ5JXgZ6zRKQXzjVA0m\/GtNDLDvgC187achxY2S7VckDprwCNSZtIESw4PAhsG6BTANNvWiSiDL1auVZFeqnsGxUUedcFQt6+vzQckMCSaaW6NNwcL9rKGcl\/TGqhrQSPGUvH2hgdKOK4ASk+cKv7y4CvKagaH0Oa3\/WbtTNd0s4Sp3we4HXrQ79ZWvBS0kEdgk4SHYzVyuO7tnwD7fR4Vup8PPMnd473FfC4v4xAAjgqBL3uN4CM+IlB+xBbwggNGQsUoPRAnvEK9Y5Tesa5BknXGpSmOCZQHmvZtk0HFUOphiJIrAYXqlCvEEwIj51ea1JrrsEpk0oIn8P54BbO5lOR+NwbVEseZOksO90IqSCuf4\/AEmitOWPGdlWXnR\/RQY9WShQVlTFAUA\/\/tc52Ur3dgqte4ypEdRAUZXkrnUDBWoqIGjD46c5FBm2\/Mcouc4Kopeca10hrqKbVQe2VEZknDi0UI4tTesiqq13nMw9Df5WkQRHntRZaRCgsYOM65EwRBv9quTKC7rZS4Br7t\/1wTaelgspKgTIWsOe587imGvqv6i8BcEzeIJhRYWiRcTmv0BfdmoNoSxBu24anHwvqEaN6qEPU+LBCAQDFktrbbrCLCCUjOMrSQrtTegI+s8LRxtIINi5caEUxSHw9aBxiQ979e5fbqRVJ6sCFViEdxVaVNmIKgyiL8eSW7jdqsdBy56DAPR\/of89pigiDhCh8XnGnpRgepgAGh0bDlcheCMJhcAO96qGh4QEwjOxLpUVPn7wUkBIluBY8Ol0oNbpRee++FYGN\/t1WgtJuXjryyjwGzEXj0MBKdAf3yHws7dCdgyujDM4AKgIgpVYWhLnceOhBsDx4kMrtZFg1WA5XzoPLdgR7Dh5oOh7S1GBEQfti711E6\/O4BM35FK0Dj96VXRtMEG1rFUSltyjnFKLU3AiWq14EUUMZ4Z87inARWlF8XsQurRizNw0mtec\/nCdHLrg4Z2QpoHivfIhA9yaVSA9FQsCF01G6ushTshHNom1x5ZS+LMvYfN1YxuBWiwQiRta\/CkygXlMYktEVNF5as99gYuik17uZdbrICNEmFvnolIoF7KbTONfktjl7XYPXR+i4TGHhQ8swLQD4lmkqPSQNVK+kgdQNG8PxBLvNgCu8F+g8G3ddIvkNQtrZiMznRmZnpjw3vkcrwJKFSRQlbxeFAWtx0JjNbtlv7JasKKfX0nvT4yrQ7OTO15rfaE6KPvz609+\/\/fzXoDIVZVLUBsnMRyjYKlYTQSdaClQWUDu7\/Y5xyQld0uAVqdHrG0crd377epcSQOGZ2n+iEWqywHCvnHuTI0xii9EzfK1FpjsQ1sUV3rfORrQKvJiPVin5eDSbnZ2dTbdXTKGeGbYFDlO\/8g+6ed519\/D07sFT\/GIsMBteiltNYdiyevjU3z18fP\/+\/XsHI0ri72k++iE5P4KxmPnIYuQYg7h4JYQZbeELdCzNZO36k8TnaXTyAmMfKv9xu2Ombss9nUGzJcf\/nno5nbOGznAGS8zpgUCYf9oFM99uvZn57IGf\/+85v5Lg+wnvCcHhzkUE4Hp1cDPdaynGdGF4Pmp09EZdHFln+QsJirvK3zu093PLUl6W0OWqGv4djiqXVnsXZeHfuOqTyYReinqo6JWqiwGgLAptNKHvOcj73xEdTj+f3ptMTv4B\" \/> \t\t<a href=\"https:\/\/www.pdf24.org\" target=\"_blank\" title=\"www.pdf24.org\" rel=\"nofollow\"><img src=\"https:\/\/citeelegance.net\/wp-content\/plugins\/pdf24-posts-to-pdf\/img\/pdf_32x32.png\" alt=\"\" border=\"0\" height=\"32\" \/><\/a> \t\t<span class=\"pdf24Plugin-cp-space\">&nbsp;&nbsp;<\/span> \t\t<span class=\"pdf24Plugin-cp-text\">Send article as PDF<\/span> \t\t<span class=\"pdf24Plugin-cp-space\">&nbsp;&nbsp;<\/span> \t\t<input class=\"pdf24Plugin-cp-input\" style=\"margin: 0px;\" type=\"text\" name=\"sendEmailTo\" placeholder=\"Enter email address\" \/> \t\t<input class=\"pdf24Plugin-cp-submit\" style=\"margin: 0px;\" type=\"submit\" value=\"Send\" \/> \t<\/form> <\/div>","protected":false},"excerpt":{"rendered":"<p>Le samedi 23 ao\u00fbt 2025, Ouagadougou a \u00e9t\u00e9 le th\u00e9\u00e2tre d\u2019un rassemblement historique de jeunes Panafricains venus du Burkina Faso, du Mali, du Niger ainsi que de la diaspora. Invit\u00e9s par Nestor Poodass\u00e9, figure reconnue de l\u2019engagement panafricain, ils se sont rendus au M\u00e9morial Thomas Sankara pour un p\u00e8lerinage hautement symbolique, afin de se recueillir [&hellip;]<\/p>\n","protected":false},"author":5,"featured_media":11103,"comment_status":"open","ping_status":"closed","sticky":false,"template":"","format":"standard","meta":{"footnotes":""},"categories":[2,6],"tags":[],"yoast_head":"<!-- This site is optimized with the Yoast SEO plugin v18.1 - https:\/\/yoast.com\/wordpress\/plugins\/seo\/ -->\n<title>Burkina Faso : Les jeunes Panafricains de l&#039;AES et de la diaspora en p\u00e8lerinage au M\u00e9morial Thomas Sankara - CITE ELEGANCE<\/title>\n<meta name=\"robots\" content=\"index, follow, max-snippet:-1, max-image-preview:large, max-video-preview:-1\" \/>\n<link rel=\"canonical\" href=\"https:\/\/citeelegance.net\/?p=11102\" \/>\n<meta property=\"og:locale\" content=\"fr_FR\" \/>\n<meta property=\"og:type\" content=\"article\" \/>\n<meta property=\"og:title\" content=\"Burkina Faso : Les jeunes Panafricains de l&#039;AES et de la diaspora en p\u00e8lerinage au M\u00e9morial Thomas Sankara - CITE ELEGANCE\" \/>\n<meta property=\"og:description\" content=\"Le samedi 23 ao\u00fbt 2025, Ouagadougou a \u00e9t\u00e9 le th\u00e9\u00e2tre d\u2019un rassemblement historique de jeunes Panafricains venus du Burkina Faso, du Mali, du Niger ainsi que de la diaspora. Invit\u00e9s par Nestor Poodass\u00e9, figure reconnue de l\u2019engagement panafricain, ils se sont rendus au M\u00e9morial Thomas Sankara pour un p\u00e8lerinage hautement symbolique, afin de se recueillir [&hellip;]\" \/>\n<meta property=\"og:url\" content=\"https:\/\/citeelegance.net\/?p=11102\" \/>\n<meta property=\"og:site_name\" content=\"CITE ELEGANCE\" \/>\n<meta property=\"article:published_time\" content=\"2025-08-24T18:41:03+00:00\" \/>\n<meta property=\"og:image\" content=\"https:\/\/citeelegance.net\/wp-content\/uploads\/2025\/08\/IMG-20250824-WA0162.jpg\" \/>\n\t<meta property=\"og:image:width\" content=\"830\" \/>\n\t<meta property=\"og:image:height\" content=\"465\" \/>\n\t<meta property=\"og:image:type\" content=\"image\/jpeg\" \/>\n<meta name=\"twitter:label1\" content=\"\u00c9crit par\" \/>\n\t<meta name=\"twitter:data1\" content=\"Ismael KIEKIETA\" \/>\n\t<meta name=\"twitter:label2\" content=\"Dur\u00e9e de lecture estim\u00e9e\" \/>\n\t<meta name=\"twitter:data2\" content=\"2 minutes\" \/>\n<script type=\"application\/ld+json\" class=\"yoast-schema-graph\">{\"@context\":\"https:\/\/schema.org\",\"@graph\":[{\"@type\":\"WebSite\",\"@id\":\"https:\/\/citeelegance.net\/#website\",\"url\":\"https:\/\/citeelegance.net\/\",\"name\":\"CITE ELEGANCE\",\"description\":\"\",\"potentialAction\":[{\"@type\":\"SearchAction\",\"target\":{\"@type\":\"EntryPoint\",\"urlTemplate\":\"https:\/\/citeelegance.net\/?s={search_term_string}\"},\"query-input\":\"required name=search_term_string\"}],\"inLanguage\":\"fr-FR\"},{\"@type\":\"ImageObject\",\"@id\":\"https:\/\/citeelegance.net\/?p=11102#primaryimage\",\"inLanguage\":\"fr-FR\",\"url\":\"https:\/\/citeelegance.net\/wp-content\/uploads\/2025\/08\/IMG-20250824-WA0162.jpg\",\"contentUrl\":\"https:\/\/citeelegance.net\/wp-content\/uploads\/2025\/08\/IMG-20250824-WA0162.jpg\",\"width\":830,\"height\":465},{\"@type\":\"WebPage\",\"@id\":\"https:\/\/citeelegance.net\/?p=11102#webpage\",\"url\":\"https:\/\/citeelegance.net\/?p=11102\",\"name\":\"Burkina Faso : Les jeunes Panafricains de l'AES et de la diaspora en p\u00e8lerinage au M\u00e9morial Thomas Sankara - CITE ELEGANCE\",\"isPartOf\":{\"@id\":\"https:\/\/citeelegance.net\/#website\"},\"primaryImageOfPage\":{\"@id\":\"https:\/\/citeelegance.net\/?p=11102#primaryimage\"},\"datePublished\":\"2025-08-24T18:41:03+00:00\",\"dateModified\":\"2025-08-24T18:41:03+00:00\",\"author\":{\"@id\":\"https:\/\/citeelegance.net\/#\/schema\/person\/981ee78db24e1c4cf407476788535aba\"},\"breadcrumb\":{\"@id\":\"https:\/\/citeelegance.net\/?p=11102#breadcrumb\"},\"inLanguage\":\"fr-FR\",\"potentialAction\":[{\"@type\":\"ReadAction\",\"target\":[\"https:\/\/citeelegance.net\/?p=11102\"]}]},{\"@type\":\"BreadcrumbList\",\"@id\":\"https:\/\/citeelegance.net\/?p=11102#breadcrumb\",\"itemListElement\":[{\"@type\":\"ListItem\",\"position\":1,\"name\":\"Accueil\",\"item\":\"https:\/\/citeelegance.net\/\"},{\"@type\":\"ListItem\",\"position\":2,\"name\":\"Burkina Faso : Les jeunes Panafricains de l&#8217;AES et de la diaspora en p\u00e8lerinage au M\u00e9morial Thomas Sankara\"}]},{\"@type\":\"Person\",\"@id\":\"https:\/\/citeelegance.net\/#\/schema\/person\/981ee78db24e1c4cf407476788535aba\",\"name\":\"Ismael KIEKIETA\",\"url\":\"https:\/\/citeelegance.net\/?author=5\"}]}<\/script>\n<!-- \/ Yoast SEO plugin. -->","yoast_head_json":{"title":"Burkina Faso : Les jeunes Panafricains de l'AES et de la diaspora en p\u00e8lerinage au M\u00e9morial Thomas Sankara - CITE ELEGANCE","robots":{"index":"index","follow":"follow","max-snippet":"max-snippet:-1","max-image-preview":"max-image-preview:large","max-video-preview":"max-video-preview:-1"},"canonical":"https:\/\/citeelegance.net\/?p=11102","og_locale":"fr_FR","og_type":"article","og_title":"Burkina Faso : Les jeunes Panafricains de l'AES et de la diaspora en p\u00e8lerinage au M\u00e9morial Thomas Sankara - CITE ELEGANCE","og_description":"Le samedi 23 ao\u00fbt 2025, Ouagadougou a \u00e9t\u00e9 le th\u00e9\u00e2tre d\u2019un rassemblement historique de jeunes Panafricains venus du Burkina Faso, du Mali, du Niger ainsi que de la diaspora. Invit\u00e9s par Nestor Poodass\u00e9, figure reconnue de l\u2019engagement panafricain, ils se sont rendus au M\u00e9morial Thomas Sankara pour un p\u00e8lerinage hautement symbolique, afin de se recueillir [&hellip;]","og_url":"https:\/\/citeelegance.net\/?p=11102","og_site_name":"CITE ELEGANCE","article_published_time":"2025-08-24T18:41:03+00:00","og_image":[{"width":830,"height":465,"url":"https:\/\/citeelegance.net\/wp-content\/uploads\/2025\/08\/IMG-20250824-WA0162.jpg","type":"image\/jpeg"}],"twitter_misc":{"\u00c9crit par":"Ismael KIEKIETA","Dur\u00e9e de lecture estim\u00e9e":"2 minutes"},"schema":{"@context":"https:\/\/schema.org","@graph":[{"@type":"WebSite","@id":"https:\/\/citeelegance.net\/#website","url":"https:\/\/citeelegance.net\/","name":"CITE ELEGANCE","description":"","potentialAction":[{"@type":"SearchAction","target":{"@type":"EntryPoint","urlTemplate":"https:\/\/citeelegance.net\/?s={search_term_string}"},"query-input":"required name=search_term_string"}],"inLanguage":"fr-FR"},{"@type":"ImageObject","@id":"https:\/\/citeelegance.net\/?p=11102#primaryimage","inLanguage":"fr-FR","url":"https:\/\/citeelegance.net\/wp-content\/uploads\/2025\/08\/IMG-20250824-WA0162.jpg","contentUrl":"https:\/\/citeelegance.net\/wp-content\/uploads\/2025\/08\/IMG-20250824-WA0162.jpg","width":830,"height":465},{"@type":"WebPage","@id":"https:\/\/citeelegance.net\/?p=11102#webpage","url":"https:\/\/citeelegance.net\/?p=11102","name":"Burkina Faso : Les jeunes Panafricains de l'AES et de la diaspora en p\u00e8lerinage au M\u00e9morial Thomas Sankara - CITE ELEGANCE","isPartOf":{"@id":"https:\/\/citeelegance.net\/#website"},"primaryImageOfPage":{"@id":"https:\/\/citeelegance.net\/?p=11102#primaryimage"},"datePublished":"2025-08-24T18:41:03+00:00","dateModified":"2025-08-24T18:41:03+00:00","author":{"@id":"https:\/\/citeelegance.net\/#\/schema\/person\/981ee78db24e1c4cf407476788535aba"},"breadcrumb":{"@id":"https:\/\/citeelegance.net\/?p=11102#breadcrumb"},"inLanguage":"fr-FR","potentialAction":[{"@type":"ReadAction","target":["https:\/\/citeelegance.net\/?p=11102"]}]},{"@type":"BreadcrumbList","@id":"https:\/\/citeelegance.net\/?p=11102#breadcrumb","itemListElement":[{"@type":"ListItem","position":1,"name":"Accueil","item":"https:\/\/citeelegance.net\/"},{"@type":"ListItem","position":2,"name":"Burkina Faso : Les jeunes Panafricains de l&#8217;AES et de la diaspora en p\u00e8lerinage au M\u00e9morial Thomas Sankara"}]},{"@type":"Person","@id":"https:\/\/citeelegance.net\/#\/schema\/person\/981ee78db24e1c4cf407476788535aba","name":"Ismael KIEKIETA","url":"https:\/\/citeelegance.net\/?author=5"}]}},"_links":{"self":[{"href":"https:\/\/citeelegance.net\/index.php?rest_route=\/wp\/v2\/posts\/11102"}],"collection":[{"href":"https:\/\/citeelegance.net\/index.php?rest_route=\/wp\/v2\/posts"}],"about":[{"href":"https:\/\/citeelegance.net\/index.php?rest_route=\/wp\/v2\/types\/post"}],"author":[{"embeddable":true,"href":"https:\/\/citeelegance.net\/index.php?rest_route=\/wp\/v2\/users\/5"}],"replies":[{"embeddable":true,"href":"https:\/\/citeelegance.net\/index.php?rest_route=%2Fwp%2Fv2%2Fcomments&post=11102"}],"version-history":[{"count":1,"href":"https:\/\/citeelegance.net\/index.php?rest_route=\/wp\/v2\/posts\/11102\/revisions"}],"predecessor-version":[{"id":11104,"href":"https:\/\/citeelegance.net\/index.php?rest_route=\/wp\/v2\/posts\/11102\/revisions\/11104"}],"wp:featuredmedia":[{"embeddable":true,"href":"https:\/\/citeelegance.net\/index.php?rest_route=\/wp\/v2\/media\/11103"}],"wp:attachment":[{"href":"https:\/\/citeelegance.net\/index.php?rest_route=%2Fwp%2Fv2%2Fmedia&parent=11102"}],"wp:term":[{"taxonomy":"category","embeddable":true,"href":"https:\/\/citeelegance.net\/index.php?rest_route=%2Fwp%2Fv2%2Fcategories&post=11102"},{"taxonomy":"post_tag","embeddable":true,"href":"https:\/\/citeelegance.net\/index.php?rest_route=%2Fwp%2Fv2%2Ftags&post=11102"}],"curies":[{"name":"wp","href":"https:\/\/api.w.org\/{rel}","templated":true}]}}