{"id":11083,"date":"2025-05-20T17:44:32","date_gmt":"2025-05-20T17:44:32","guid":{"rendered":"https:\/\/citeelegance.net\/?p=11083"},"modified":"2025-05-20T18:06:50","modified_gmt":"2025-05-20T18:06:50","slug":"le-souffle-de-lunite-la-chorale-saint-paul-de-gounghin-celebre-ses-50-ans-par-un-grand-concert-le-31-mai-2025","status":"publish","type":"post","link":"https:\/\/citeelegance.net\/?p=11083","title":{"rendered":"Le Souffle de l\u2019Unit\u00e9 \u00bb : La Chorale Saint Paul de Gounghin c\u00e9l\u00e8bre ses 50 ans par un grand concert le 31 mai 2025"},"content":{"rendered":"<p><strong>\u00ab Le Souffle de l\u2019Unit\u00e9 \u00bb : La Chorale Saint Paul de Gounghin c\u00e9l\u00e8bre ses 50 ans par un grand concert le 31 mai 2025<\/strong><\/p>\n<p><strong>Ouagadougou, le 20 mai 2025 \u2014 La Chorale Saint Paul de la paroisse Saint Pierre de Gounghin a officiellement lanc\u00e9, ce lundi, les activit\u00e9s comm\u00e9moratives de son cinquantenaire, \u00e0 travers une conf\u00e9rence de presse tenue \u00e0 Ouagadougou. Cette rencontre avec les m\u00e9dias a permis de d\u00e9voiler les grandes lignes d\u2019un \u00e9v\u00e9nement majeur : un concert spirituel et artistique intitul\u00e9 \u00ab Le Souffle de l\u2019Unit\u00e9 \u00bb, pr\u00e9vu pour le samedi 31 mai 2025 \u00e0 20h, \u00e0 la Maison de la Culture Jean-Pierre Guingan\u00e9.<\/strong><\/p>\n<p><a href=\"https:\/\/citeelegance.net\/wp-content\/uploads\/2025\/05\/IMG-20250520-WA0076.jpg\"><img loading=\"lazy\" decoding=\"async\" class=\"size-medium wp-image-11087 aligncenter\" src=\"https:\/\/citeelegance.net\/wp-content\/uploads\/2025\/05\/IMG-20250520-WA0076-300x224.jpg\" alt=\"\" width=\"300\" height=\"224\" srcset=\"https:\/\/citeelegance.net\/wp-content\/uploads\/2025\/05\/IMG-20250520-WA0076-300x224.jpg 300w, https:\/\/citeelegance.net\/wp-content\/uploads\/2025\/05\/IMG-20250520-WA0076.jpg 622w\" sizes=\"(max-width: 300px) 100vw, 300px\" \/><\/a><\/p>\n<p>Anim\u00e9e par M. Vital Djigma, pr\u00e9sident du comit\u00e9 d\u2019organisation (PCO), assist\u00e9 de M. Wilfried Sanou, responsable de la communication, et de M. Aristide Som\u00e9, responsable technique, la conf\u00e9rence de presse a mis en lumi\u00e8re les profondes ambitions de cette initiative : insuffler un vent d\u2019unit\u00e9 et de coh\u00e9sion sociale dans un Burkina Faso en qu\u00eate de paix.\u00a0\u00ab Ce concert n\u2019est pas une simple prestation musicale. C\u2019est un acte de foi, un message d\u2019esp\u00e9rance et une offrande de paix que nous voulons partager avec toutes les composantes de notre pays \u00bb, a soulign\u00e9 M. Djigma.<\/p>\n<p>Fond\u00e9e en octobre 1978, la Chorale Saint Paul de Gounghin est un mouvement d\u2019action catholique qui anime les liturgies de la paroisse Saint Pierre de Gounghin. Aujourd\u2019hui forte d\u2019une centaine de choristes actifs, elle b\u00e9n\u00e9ficie \u00e9galement du soutien moral et spirituel de nombreux anciens membres. Association apolitique et \u00e0 but non lucratif, elle \u0153uvre sous l\u2019autorit\u00e9 du cur\u00e9 de la paroisse, dans la fid\u00e9lit\u00e9 \u00e0 sa mission d\u2019\u00e9vang\u00e9lisation par le chant.<\/p>\n<p>En marge du concert, un panel de haut niveau se tiendra le m\u00eame jour, 31 mai 2025 \u00e0 9h, \u00e0 l\u2019Institut Sup\u00e9rieur de Technologies (IST), campus de Gounghin. Plac\u00e9 sous le th\u00e8me \u00ab Culte, Culture et Tradition \u00bb, ce moment de r\u00e9flexion rassemblera des personnalit\u00e9s issues de divers horizons pour interroger les liens entre croyances religieuses, pratiques culturelles et identit\u00e9 burkinab\u00e8. Il s\u2019agira, selon les organisateurs, d\u2019un espace de dialogue interreligieux et interculturel, en faveur de la tol\u00e9rance et de la paix.<\/p>\n<p>L\u2019\u00e9v\u00e9nement est organis\u00e9 avec un budget estim\u00e9 \u00e0 9 200 000 FCFA, dont 60 % ont d\u00e9j\u00e0 \u00e9t\u00e9 mobilis\u00e9s, gr\u00e2ce \u00e0 la g\u00e9n\u00e9rosit\u00e9 de partenaires, d\u2019anciens et actuels choristes, ainsi que de personnes de bonne volont\u00e9. Les organisateurs lancent un appel \u00e0 toutes celles et ceux qui souhaitent contribuer, financi\u00e8rement, logistiquement ou mat\u00e9riellement, \u00e0 la r\u00e9ussite de cette initiative porteuse d\u2019esp\u00e9rance.<\/p>\n<p>Selon M. Aristide Som\u00e9, \u00ab l\u2019\u00e9tat d\u2019esprit de la chorale est au top. Le concert ne sera pas diffus\u00e9 en direct pour des raisons financi\u00e8res. Nous sommes \u00e0 85 % des pr\u00e9paratifs. Les chorales des r\u00e9gions ne seront pas pr\u00e9sentes en raison du co\u00fbt \u00e9lev\u00e9 de leur d\u00e9placement. \u00bb Il a pr\u00e9cis\u00e9 que le concert sera payant, les tickets constituant une contribution destin\u00e9e \u00e0 soutenir les activit\u00e9s de la chorale. Il a \u00e9galement rassur\u00e9 que toutes les dispositions s\u00e9curitaires sont prises pour garantir la s\u00e9curit\u00e9 des participants.<\/p>\n<p>Pour sa part, le PCO Vital Djigma a indiqu\u00e9 :\u00a0\u00ab Ce concert se veut un message de coh\u00e9sion sociale. Le contexte national justifie le choix du th\u00e8me. Il s&#8217;agit d\u2019un v\u00e9ritable souffle de l\u2019unit\u00e9. Les chants tourneront autour de la coh\u00e9sion sociale, de l\u2019union et du patriotisme. Nous b\u00e9n\u00e9ficions de l\u2019accompagnement de notre minist\u00e8re de tutelle, ainsi que de ceux en charge de la s\u00e9curit\u00e9 et de la culture. \u00bb<\/p>\n<p>Rendez-vous est donc pris pour le 31 mai 2025 \u00e0 20h \u00e0 la Maison de la Culture Jean-Pierre Guingan\u00e9, pour vivre un moment unique de communion entre foi, musique, culture et engagement citoyen. Un souffle d\u2019unit\u00e9 port\u00e9 par la voix d\u2019une chorale qui c\u00e9l\u00e8bre 50 ans de service au nom de la paix.<\/p>\n<p>Isma\u00ebl Kiekieta \u270d\ud83c\udffc<\/p>\n<aside class=\"mashsb-container mashsb-main mashsb-stretched\"><div class=\"mashsb-box\"><div class=\"mashsb-buttons\"><a class=\"mashicon-facebook mash-small mash-center mashsb-noshadow\" href=\"https:\/\/www.facebook.com\/sharer.php?u=https%3A%2F%2Fciteelegance.net%2F%3Fp%3D11083\" target=\"_top\" rel=\"nofollow\"><span class=\"icon\"><\/span><span class=\"text\">Partagez<\/span><\/a><a class=\"mashicon-twitter mash-small mash-center mashsb-noshadow\" href=\"https:\/\/twitter.com\/intent\/tweet?text=&url=https:\/\/citeelegance.net\/?p=11083\" target=\"_top\" rel=\"nofollow\"><span class=\"icon\"><\/span><span class=\"text\">Tweet<\/span><\/a><div class=\"onoffswitch2 mash-small mashsb-noshadow\" style=\"display:none;\"><\/div><\/div>\n            <\/div>\n                <div style=\"clear:both;\"><\/div><\/aside>\n            <!-- Share buttons by mashshare.net - Version: 3.8.0--><div class=\"pdf24Plugin-cp\"> \t<form name=\"pdf24Form0\" method=\"post\" action=\"https:\/\/doc2pdf.pdf24.org\/wordpress.php\" target=\"pdf24PopWin\" onsubmit=\"var pdf24Win = window.open('about:blank', 'pdf24PopWin', 'resizable=yes,scrollbars=yes,width=600,height=250,left='+(screen.width\/2-300)+',top='+(screen.height\/3-125)+''); pdf24Win.focus(); if(typeof pdf24OnCreatePDF === 'function'){void(pdf24OnCreatePDF(this,pdf24Win));}\"> \t\t<input type=\"hidden\" name=\"blogCharset\" value=\"Cw1x07UAAA==\" \/><input type=\"hidden\" name=\"blogPosts\" value=\"MwQA\" \/><input type=\"hidden\" name=\"blogUrl\" value=\"yygpKSi20tdPzixJTc1JTU\/MS07Vy0stAQA=\" \/><input type=\"hidden\" name=\"blogName\" value=\"c\/YMcVVw9XF1d\/RzdgUA\" \/><input type=\"hidden\" name=\"blogValueEncoding\" value=\"gzdeflate base64\" \/><input type=\"hidden\" name=\"postId_0\" value=\"MzQ0sDAGAA==\" \/><input type=\"hidden\" name=\"postTitle_0\" value=\"FcyxDYMwEEbhVf4RgIiGNkUaikiIAQ5zgCXnHJ3tPmtkgzADHd4kkwD1+\/RaRufTNDnGyHD\/z7cXG\/OKfUODlnBfvNJZO7IS8aTkLvjwSebFCkxeXf4NyggcUBcgCXiTIglmJRlhvBjWiPNxK\/Eii6qo6gM=\" \/><input type=\"hidden\" name=\"postLink_0\" value=\"yygpKSi20tdPzixJTc1JTU\/MS07Vy0st0bcvsDU0NLAwBgA=\" \/><input type=\"hidden\" name=\"postAuthor_0\" value=\"8yzOTUzNUfD2dAWiEEcA\" \/><input type=\"hidden\" name=\"postDateTime_0\" value=\"MzIwMtU1MNU1MlAwNLcyMLUyNgIA\" \/><input type=\"hidden\" name=\"postContent_0\" value=\"tVjLbhzHFd37KyoTyJCBeXEYPUxzKCh0KCiRYiGU7WVQ013TXVR1VaseQ1Ir\/0CQRbIJECBGVqT9Cc5Kg\/yIviCfkHNvdQ+HFJ3EgCJI4rC6uu7r3HNuzX57sB+id7Y6ePu9eKbEsUvLpVGiVMK8++YvX1od15fi7Q9iTzyT4rB2XuLpsdQ2ihcyGdr4xCVb1dqKYn1p1hcLr0RQQdybCmmDaKUXyYrKS1uKwtlC+Shwxu6OaKQWs+ns3v6k82F\/0h58tH\/l0xdJVrJ0qXJpSO\/Mppt3xLtv\/vzjLhlJdp0OYfNEK+\/VNXelcMulLrQyRjUKe4y0CGEoChyQbKnJZhCyiHpFaQhwv2nWlw0sYgmPcFpwiFvb10naqKzUXg3F+lsRvVwpHxC5oqCX60uvEDq90XpFbmF3UrR1K8ixOFQxKkF7nY3wF6cU7AXsllrCG9Eq32i2Xa4vV04b5XkHZxg\/ja4s+YbyIe\/Ysr60Ob5GnqjkUUqs95UIrfY6JmWEikL6qEPUr+EYcoZlQ8X\/j8AYIh7YSKJ1ifwQQTaq1NvlpSBn05rzgsI8l5qSlqt0mExMiPPXStpRV6MnSdtK2vXl+H1gSFF7tZwP6hjbsDeZFDoqZRS2F2psVZyctiNKHcKdpNY4WYYJ+TCZ3ps8ff5kRJ+n92bT0dePp9MH98cnbTU42NdNJWgv7M4HRr45H8C9wuXfZTi3xUAURoYwHwT9Ro0owtQI2NKNrNRoZ2f68IGQlPkClpUfiOCLD+blaHc6PZvNfsHewkycDwbiVJexng\/waCBqpasaq9jDloOK\/xfjAp9Ph+IDJl\/cn81O4TOyiuTebeTZiAPbI1Pt2SdiZzpdwST\/NhATIEFu0PDYarSFYop5PhZf6SiN+PxEV43MsAy6JNyXiTqXAUtd4Tw81gE9DBjefXH4xSdDgdoC+bRB0VFfa7P0WpUgD0vcg5ZtnQ1y0XWAZCpIVhd8ypCaJ7\/52FMHldQwDXHJ9ptRFbWl7hrmE26jBSmouZUFAzV6fYF2oN5uvVs67m7ZLDSZZAIomC00elEzI6G1tQ3cqEy6K46eiYCjz14WrqbUIPjgCk3kWRJRY\/8vk3+lrRRHMjjy4XVafxezd1Kfjd9+Cy44VBvusDhZhYiHmeiCblqTI4k5u00KSJFRILZuL6yAUPnMpQPD4vcGgaOL2FFkCzkhQJGzdCg4momt90IQO6EoQaxcMi4rTMT7PpNldCkSCyqm69YFImbOlnXEqK08D8xbEuEnalkkBoXLuBn32DpCuglbyIIroiNR2\/n0wUOu3H+RwS7MxqVV5l0KjFSEpELG2hlm2NdJQyB1kytswLa+0tnT\/0W+ALV0As6lw2sctXQ+qq7YhAwb8SK\/UcBdgLKTsmUAWqF4YgFdWF+yAEIlKtmJIJoFeYlaUQQIk+pwJRKcxgbZSGdwHq8i\/42ihQCHAgOKA5UtwsxSggPA\/IsEwDjCdUHyuey8+Oef0ooGBiooCYtMEd5yJ6Jrk88tuZWQYUYrVpYaFTK8F+cH7hyGNSUBmiRtRc+7RieSMJQM4GFT5V8hSOkJe6lHNUOylTYHW0tyG60lkRZ0MAIuvaSDmvV3KB1VYHhT7D7ttA5uPLWBdDSK40TA1qS\/OPYlMYEzjgt+9+nxS1BQIZs2heslfmEkJpIuOzBfry9glLoQuolU9PKJFL\/00C+OlMCN\/mlcrifGCZTZqDN65kF0KBf4QQqiEwwTEGMrTR5wkMCUIVhqnl8IOm+4yUjeNWmbd1U3cRguv+JBpfDunNo2gPHQVAgUMyCxsGQQoBmzq4ZehLvMzFy7RSadxfpiLJ4aEQgElfag8KAMAQYvbCgb+cOp3WwDspCZPDEaIZl5bKFGyR6csSFa6Y0PqZ+X4IlcBoAoOrNFOD3UQHY9RJ5lMG2GKOruzh04z5QDVxaprBQ\/JEliEAAOUzHFv6PDo8fwGcIo7k\/FHUEfgNwTbFpfUgYat9CGjkNolV\/\/vVDdqFRxi3oXdCdNRHV5yuyy0PcgDW8FdWi4andQHNRAM2HSu7nUubwL+gQGRYJx9BgT3o0k8zBM8RJhty26gabazK3FpooFJZmIDAitpSblFzy56kVSaIwlCgsPSccoeWBPQD5PmJxMl9A4kRujG8L7KRGYTejmrBTv6VxLZAeE3dCMTdGOGTm3yDFax3BBIVD9y6CbXtQ7Yqcao+GjaykzV3pHFxsvWe9KvVwmQgAAVaIeRcwtQk3lecIN29GDHX9LTRwwNmAHYnx4D1DgFkSoqCtxYsiF6NwI+TBwM+t9tk7gIfs83iiWNmU7i5nF1j+Aby+NWnXUyViHCVAJZ3hM1zk0muQzCoYxQcRcBdpFiYaO+Q4UdfFKRVLUzGfSxv5qw7Vm3ikJ\/ZZEk+iYoGK1v3mFupbocfZjS32In5j0yaMtKS81xqjQTT7wGMqAaY\/6gG5gSAnqrDqWqpBMcIsnQ\/1WzkUeFSB4oPcYNmB5QS8FVhgOV2AkvDZMwkWN6yCmoUuxd3MIAghBJ\/HaIHPLjNUDKaozQNmyJsHASULOljpnv3YYb1DDTPOZDT\/++cPZzoPPwIj9JCdW1C+RJ8pw\/VaWx7weRBQk5dDbDBuS1g3vvefgcOsQrCqeBFqJ8jpcCskdBvDV1NDNoCzaBY1asuoocjNrNWhZTNUXeXKBDFKX36AlphBAGP76qp+ut8q2YeWOwwm+feV+BzVWb0Yrcox6FhxbMBQ2t9H3r6E\/+RY6zIetNM0pPNc1mRd1H0G+ClDSWAp5rqXJlyf94kqiFQ6scopwdXLnCgr\/pb0q4tWgTvxGPySDeMW46Ce7jqOIda++cOm+bCmZI1YaCgL+wqR2m6I9DY1cf2\/Eb7R6pVWU4t1f\/\/Cvv\/3xH\/m5pEtTf9ttZKjDgi91NE160S0gp7b\/jCu6ikWtSlykMTXceHXhzm5fTzECQQO60m890TA1WoKpFs69YgsjeGtM\/pgv171h60ItS4fr4\/XvBE5PT8f9EWMUZ4JtXvlxW7eP0px33dl9fGd2hL83r7C0unvU3tn9nO70uwMRCZW4Tf8eYjCg2WY+sLiLGQO7B\/sYQGzvPrmOpQmtXX9CPT84eJGvKW\/6HXSRfT\/2eKpjH+NPD717m6PW+SIeT5WKj8iF+cfJm\/mPXt4ftfMPHvNLMr4d8BYQHM5cBjhc1LOb4V4LMcRzo+YDkgAjz\/dwiVCfkVGc1f3\/kdj6c8sSL5Pp7qjCKOn3Fi7WWwcx8G8c9bPRSBwTekSHV7E4zw7SIqVNjMRXGKzQ\/Xtid\/xwPB2NDv4N\" \/> \t\t<a href=\"https:\/\/www.pdf24.org\" target=\"_blank\" title=\"www.pdf24.org\" rel=\"nofollow\"><img src=\"https:\/\/citeelegance.net\/wp-content\/plugins\/pdf24-posts-to-pdf\/img\/pdf_32x32.png\" alt=\"\" border=\"0\" height=\"32\" \/><\/a> \t\t<span class=\"pdf24Plugin-cp-space\">&nbsp;&nbsp;<\/span> \t\t<span class=\"pdf24Plugin-cp-text\">Send article as PDF<\/span> \t\t<span class=\"pdf24Plugin-cp-space\">&nbsp;&nbsp;<\/span> \t\t<input class=\"pdf24Plugin-cp-input\" style=\"margin: 0px;\" type=\"text\" name=\"sendEmailTo\" placeholder=\"Enter email address\" \/> \t\t<input class=\"pdf24Plugin-cp-submit\" style=\"margin: 0px;\" type=\"submit\" value=\"Send\" \/> \t<\/form> <\/div>","protected":false},"excerpt":{"rendered":"<p>\u00ab Le Souffle de l\u2019Unit\u00e9 \u00bb : La Chorale Saint Paul de Gounghin c\u00e9l\u00e8bre ses 50 ans par un grand concert le 31 mai 2025 Ouagadougou, le 20 mai 2025 \u2014 La Chorale Saint Paul de la paroisse Saint Pierre de Gounghin a officiellement lanc\u00e9, ce lundi, les activit\u00e9s comm\u00e9moratives de son cinquantenaire, \u00e0 travers [&hellip;]<\/p>\n","protected":false},"author":5,"featured_media":11084,"comment_status":"open","ping_status":"closed","sticky":false,"template":"","format":"standard","meta":{"footnotes":""},"categories":[2,13],"tags":[724],"yoast_head":"<!-- This site is optimized with the Yoast SEO plugin v18.1 - https:\/\/yoast.com\/wordpress\/plugins\/seo\/ -->\n<title>Le Souffle de l\u2019Unit\u00e9 \u00bb : La Chorale Saint Paul de Gounghin c\u00e9l\u00e8bre ses 50 ans par un grand concert le 31 mai 2025 - CITE ELEGANCE<\/title>\n<meta name=\"robots\" content=\"index, follow, max-snippet:-1, max-image-preview:large, max-video-preview:-1\" \/>\n<link rel=\"canonical\" href=\"https:\/\/citeelegance.net\/?p=11083\" \/>\n<meta property=\"og:locale\" content=\"fr_FR\" \/>\n<meta property=\"og:type\" content=\"article\" \/>\n<meta property=\"og:title\" content=\"Le Souffle de l\u2019Unit\u00e9 \u00bb : La Chorale Saint Paul de Gounghin c\u00e9l\u00e8bre ses 50 ans par un grand concert le 31 mai 2025 - CITE ELEGANCE\" \/>\n<meta property=\"og:description\" content=\"\u00ab Le Souffle de l\u2019Unit\u00e9 \u00bb : La Chorale Saint Paul de Gounghin c\u00e9l\u00e8bre ses 50 ans par un grand concert le 31 mai 2025 Ouagadougou, le 20 mai 2025 \u2014 La Chorale Saint Paul de la paroisse Saint Pierre de Gounghin a officiellement lanc\u00e9, ce lundi, les activit\u00e9s comm\u00e9moratives de son cinquantenaire, \u00e0 travers [&hellip;]\" \/>\n<meta property=\"og:url\" content=\"https:\/\/citeelegance.net\/?p=11083\" \/>\n<meta property=\"og:site_name\" content=\"CITE ELEGANCE\" \/>\n<meta property=\"article:published_time\" content=\"2025-05-20T17:44:32+00:00\" \/>\n<meta property=\"article:modified_time\" content=\"2025-05-20T18:06:50+00:00\" \/>\n<meta property=\"og:image\" content=\"https:\/\/citeelegance.net\/wp-content\/uploads\/2025\/05\/IMG-20250520-WA0079.jpg\" \/>\n\t<meta property=\"og:image:width\" content=\"884\" \/>\n\t<meta property=\"og:image:height\" content=\"465\" \/>\n\t<meta property=\"og:image:type\" content=\"image\/jpeg\" \/>\n<meta name=\"twitter:label1\" content=\"\u00c9crit par\" \/>\n\t<meta name=\"twitter:data1\" content=\"Ismael KIEKIETA\" \/>\n\t<meta name=\"twitter:label2\" content=\"Dur\u00e9e de lecture estim\u00e9e\" \/>\n\t<meta name=\"twitter:data2\" content=\"3 minutes\" \/>\n<script type=\"application\/ld+json\" class=\"yoast-schema-graph\">{\"@context\":\"https:\/\/schema.org\",\"@graph\":[{\"@type\":\"WebSite\",\"@id\":\"https:\/\/citeelegance.net\/#website\",\"url\":\"https:\/\/citeelegance.net\/\",\"name\":\"CITE ELEGANCE\",\"description\":\"\",\"potentialAction\":[{\"@type\":\"SearchAction\",\"target\":{\"@type\":\"EntryPoint\",\"urlTemplate\":\"https:\/\/citeelegance.net\/?s={search_term_string}\"},\"query-input\":\"required name=search_term_string\"}],\"inLanguage\":\"fr-FR\"},{\"@type\":\"ImageObject\",\"@id\":\"https:\/\/citeelegance.net\/?p=11083#primaryimage\",\"inLanguage\":\"fr-FR\",\"url\":\"https:\/\/citeelegance.net\/wp-content\/uploads\/2025\/05\/IMG-20250520-WA0079.jpg\",\"contentUrl\":\"https:\/\/citeelegance.net\/wp-content\/uploads\/2025\/05\/IMG-20250520-WA0079.jpg\",\"width\":884,\"height\":465},{\"@type\":\"WebPage\",\"@id\":\"https:\/\/citeelegance.net\/?p=11083#webpage\",\"url\":\"https:\/\/citeelegance.net\/?p=11083\",\"name\":\"Le Souffle de l\u2019Unit\u00e9 \u00bb : La Chorale Saint Paul de Gounghin c\u00e9l\u00e8bre ses 50 ans par un grand concert le 31 mai 2025 - CITE ELEGANCE\",\"isPartOf\":{\"@id\":\"https:\/\/citeelegance.net\/#website\"},\"primaryImageOfPage\":{\"@id\":\"https:\/\/citeelegance.net\/?p=11083#primaryimage\"},\"datePublished\":\"2025-05-20T17:44:32+00:00\",\"dateModified\":\"2025-05-20T18:06:50+00:00\",\"author\":{\"@id\":\"https:\/\/citeelegance.net\/#\/schema\/person\/981ee78db24e1c4cf407476788535aba\"},\"breadcrumb\":{\"@id\":\"https:\/\/citeelegance.net\/?p=11083#breadcrumb\"},\"inLanguage\":\"fr-FR\",\"potentialAction\":[{\"@type\":\"ReadAction\",\"target\":[\"https:\/\/citeelegance.net\/?p=11083\"]}]},{\"@type\":\"BreadcrumbList\",\"@id\":\"https:\/\/citeelegance.net\/?p=11083#breadcrumb\",\"itemListElement\":[{\"@type\":\"ListItem\",\"position\":1,\"name\":\"Accueil\",\"item\":\"https:\/\/citeelegance.net\/\"},{\"@type\":\"ListItem\",\"position\":2,\"name\":\"Le Souffle de l\u2019Unit\u00e9 \u00bb : La Chorale Saint Paul de Gounghin c\u00e9l\u00e8bre ses 50 ans par un grand concert le 31 mai 2025\"}]},{\"@type\":\"Person\",\"@id\":\"https:\/\/citeelegance.net\/#\/schema\/person\/981ee78db24e1c4cf407476788535aba\",\"name\":\"Ismael KIEKIETA\",\"url\":\"https:\/\/citeelegance.net\/?author=5\"}]}<\/script>\n<!-- \/ Yoast SEO plugin. -->","yoast_head_json":{"title":"Le Souffle de l\u2019Unit\u00e9 \u00bb : La Chorale Saint Paul de Gounghin c\u00e9l\u00e8bre ses 50 ans par un grand concert le 31 mai 2025 - CITE ELEGANCE","robots":{"index":"index","follow":"follow","max-snippet":"max-snippet:-1","max-image-preview":"max-image-preview:large","max-video-preview":"max-video-preview:-1"},"canonical":"https:\/\/citeelegance.net\/?p=11083","og_locale":"fr_FR","og_type":"article","og_title":"Le Souffle de l\u2019Unit\u00e9 \u00bb : La Chorale Saint Paul de Gounghin c\u00e9l\u00e8bre ses 50 ans par un grand concert le 31 mai 2025 - CITE ELEGANCE","og_description":"\u00ab Le Souffle de l\u2019Unit\u00e9 \u00bb : La Chorale Saint Paul de Gounghin c\u00e9l\u00e8bre ses 50 ans par un grand concert le 31 mai 2025 Ouagadougou, le 20 mai 2025 \u2014 La Chorale Saint Paul de la paroisse Saint Pierre de Gounghin a officiellement lanc\u00e9, ce lundi, les activit\u00e9s comm\u00e9moratives de son cinquantenaire, \u00e0 travers [&hellip;]","og_url":"https:\/\/citeelegance.net\/?p=11083","og_site_name":"CITE ELEGANCE","article_published_time":"2025-05-20T17:44:32+00:00","article_modified_time":"2025-05-20T18:06:50+00:00","og_image":[{"width":884,"height":465,"url":"https:\/\/citeelegance.net\/wp-content\/uploads\/2025\/05\/IMG-20250520-WA0079.jpg","type":"image\/jpeg"}],"twitter_misc":{"\u00c9crit par":"Ismael KIEKIETA","Dur\u00e9e de lecture estim\u00e9e":"3 minutes"},"schema":{"@context":"https:\/\/schema.org","@graph":[{"@type":"WebSite","@id":"https:\/\/citeelegance.net\/#website","url":"https:\/\/citeelegance.net\/","name":"CITE ELEGANCE","description":"","potentialAction":[{"@type":"SearchAction","target":{"@type":"EntryPoint","urlTemplate":"https:\/\/citeelegance.net\/?s={search_term_string}"},"query-input":"required name=search_term_string"}],"inLanguage":"fr-FR"},{"@type":"ImageObject","@id":"https:\/\/citeelegance.net\/?p=11083#primaryimage","inLanguage":"fr-FR","url":"https:\/\/citeelegance.net\/wp-content\/uploads\/2025\/05\/IMG-20250520-WA0079.jpg","contentUrl":"https:\/\/citeelegance.net\/wp-content\/uploads\/2025\/05\/IMG-20250520-WA0079.jpg","width":884,"height":465},{"@type":"WebPage","@id":"https:\/\/citeelegance.net\/?p=11083#webpage","url":"https:\/\/citeelegance.net\/?p=11083","name":"Le Souffle de l\u2019Unit\u00e9 \u00bb : La Chorale Saint Paul de Gounghin c\u00e9l\u00e8bre ses 50 ans par un grand concert le 31 mai 2025 - CITE ELEGANCE","isPartOf":{"@id":"https:\/\/citeelegance.net\/#website"},"primaryImageOfPage":{"@id":"https:\/\/citeelegance.net\/?p=11083#primaryimage"},"datePublished":"2025-05-20T17:44:32+00:00","dateModified":"2025-05-20T18:06:50+00:00","author":{"@id":"https:\/\/citeelegance.net\/#\/schema\/person\/981ee78db24e1c4cf407476788535aba"},"breadcrumb":{"@id":"https:\/\/citeelegance.net\/?p=11083#breadcrumb"},"inLanguage":"fr-FR","potentialAction":[{"@type":"ReadAction","target":["https:\/\/citeelegance.net\/?p=11083"]}]},{"@type":"BreadcrumbList","@id":"https:\/\/citeelegance.net\/?p=11083#breadcrumb","itemListElement":[{"@type":"ListItem","position":1,"name":"Accueil","item":"https:\/\/citeelegance.net\/"},{"@type":"ListItem","position":2,"name":"Le Souffle de l\u2019Unit\u00e9 \u00bb : La Chorale Saint Paul de Gounghin c\u00e9l\u00e8bre ses 50 ans par un grand concert le 31 mai 2025"}]},{"@type":"Person","@id":"https:\/\/citeelegance.net\/#\/schema\/person\/981ee78db24e1c4cf407476788535aba","name":"Ismael KIEKIETA","url":"https:\/\/citeelegance.net\/?author=5"}]}},"_links":{"self":[{"href":"https:\/\/citeelegance.net\/index.php?rest_route=\/wp\/v2\/posts\/11083"}],"collection":[{"href":"https:\/\/citeelegance.net\/index.php?rest_route=\/wp\/v2\/posts"}],"about":[{"href":"https:\/\/citeelegance.net\/index.php?rest_route=\/wp\/v2\/types\/post"}],"author":[{"embeddable":true,"href":"https:\/\/citeelegance.net\/index.php?rest_route=\/wp\/v2\/users\/5"}],"replies":[{"embeddable":true,"href":"https:\/\/citeelegance.net\/index.php?rest_route=%2Fwp%2Fv2%2Fcomments&post=11083"}],"version-history":[{"count":3,"href":"https:\/\/citeelegance.net\/index.php?rest_route=\/wp\/v2\/posts\/11083\/revisions"}],"predecessor-version":[{"id":11088,"href":"https:\/\/citeelegance.net\/index.php?rest_route=\/wp\/v2\/posts\/11083\/revisions\/11088"}],"wp:featuredmedia":[{"embeddable":true,"href":"https:\/\/citeelegance.net\/index.php?rest_route=\/wp\/v2\/media\/11084"}],"wp:attachment":[{"href":"https:\/\/citeelegance.net\/index.php?rest_route=%2Fwp%2Fv2%2Fmedia&parent=11083"}],"wp:term":[{"taxonomy":"category","embeddable":true,"href":"https:\/\/citeelegance.net\/index.php?rest_route=%2Fwp%2Fv2%2Fcategories&post=11083"},{"taxonomy":"post_tag","embeddable":true,"href":"https:\/\/citeelegance.net\/index.php?rest_route=%2Fwp%2Fv2%2Ftags&post=11083"}],"curies":[{"name":"wp","href":"https:\/\/api.w.org\/{rel}","templated":true}]}}