{"id":11059,"date":"2025-03-20T11:41:56","date_gmt":"2025-03-20T11:41:56","guid":{"rendered":"https:\/\/citeelegance.net\/?p=11059"},"modified":"2025-03-20T12:12:54","modified_gmt":"2025-03-20T12:12:54","slug":"le-front-de-defense-pour-la-patrie-avec-sa-tete-lassane-sawadogo-sexprime-sur-les-enjeux-nationaux-et-renouvelle-son-soutien-aux-forces-de-defense","status":"publish","type":"post","link":"https:\/\/citeelegance.net\/?p=11059","title":{"rendered":"Accusations Contre les FDS et VDP : Le FDP Monte au Cr\u00e9neau et Clarifie sa Position"},"content":{"rendered":"<p><strong>Ce jeudi 20 mars 2025 \u00e0 Ouagadougou, Le Mouvement Front de D\u00e9fense pour la Patrie (FDP) a tenu une conf\u00e9rence de presse sur la situation nationale qui pr\u00e9vaut. Face \u00e0 l\u2019actualit\u00e9 nationale marqu\u00e9e par des accusations port\u00e9es contre les Forces de D\u00e9fense et de S\u00e9curit\u00e9 (FDS) et les Volontaires pour la D\u00e9fense de la Patrie (VDP), le FDP a pris la parole pour exprimer sa position et renouveler son soutien aux autorit\u00e9s de transition.<\/strong><\/p>\n<p><a href=\"https:\/\/faso-info.net\/wp-content\/uploads\/2025\/03\/IMG-20250320-WA0004.jpg\"><img loading=\"lazy\" decoding=\"async\" class=\"alignnone size-medium wp-image-5271\" src=\"https:\/\/faso-info.net\/wp-content\/uploads\/2025\/03\/IMG-20250320-WA0004-300x166.jpg\" sizes=\"auto, (max-width: 300px) 100vw, 300px\" srcset=\"https:\/\/faso-info.net\/wp-content\/uploads\/2025\/03\/IMG-20250320-WA0004-300x166.jpg 300w, https:\/\/faso-info.net\/wp-content\/uploads\/2025\/03\/IMG-20250320-WA0004-1024x566.jpg 1024w, https:\/\/faso-info.net\/wp-content\/uploads\/2025\/03\/IMG-20250320-WA0004-768x425.jpg 768w, https:\/\/faso-info.net\/wp-content\/uploads\/2025\/03\/IMG-20250320-WA0004.jpg 1080w\" alt=\"\" width=\"300\" height=\"166\" \/><\/a><\/p>\n<p>Le mouvement a d\u00e9nonc\u00e9 ce qu\u2019il qualifie de \u00ab man\u0153uvres imp\u00e9rialistes \u00bb orchestr\u00e9es par certaines organisations non gouvernementales et m\u00e9dias internationaux. Selon le FDP, des entit\u00e9s comme Human Rights Watch, Jeune Afrique, France 24 et RFI diffusent des all\u00e9gations infond\u00e9es visant \u00e0 ternir l\u2019image des forces combattantes burkinab\u00e8. Il rejette fermement les accusations concernant les op\u00e9rations militaires men\u00e9es dans les r\u00e9gions de Yamba, Solenzo et S\u00e9gu\u00e9n\u00e9ga, saluant le professionnalisme des FDS et VDP dans la lutte contre les groupes arm\u00e9s terroristes.<\/p>\n<p><a href=\"https:\/\/faso-info.net\/wp-content\/uploads\/2025\/03\/IMG-20250320-WA0002.jpg\"><img loading=\"lazy\" decoding=\"async\" class=\"alignnone size-medium wp-image-5273\" src=\"https:\/\/faso-info.net\/wp-content\/uploads\/2025\/03\/IMG-20250320-WA0002-300x224.jpg\" sizes=\"auto, (max-width: 300px) 100vw, 300px\" srcset=\"https:\/\/faso-info.net\/wp-content\/uploads\/2025\/03\/IMG-20250320-WA0002-300x224.jpg 300w, https:\/\/faso-info.net\/wp-content\/uploads\/2025\/03\/IMG-20250320-WA0002-1024x766.jpg 1024w, https:\/\/faso-info.net\/wp-content\/uploads\/2025\/03\/IMG-20250320-WA0002-768x575.jpg 768w, https:\/\/faso-info.net\/wp-content\/uploads\/2025\/03\/IMG-20250320-WA0002.jpg 1080w\" alt=\"\" width=\"300\" height=\"224\" \/><\/a><\/p>\n<p>Le Front de D\u00e9fense pour la Patrie s\u2019est \u00e9galement insurg\u00e9 contre certains membres de la soci\u00e9t\u00e9 civile qu\u2019il accuse de servir des agendas \u00e9trangers. Il a d\u00e9nonc\u00e9 leur r\u00f4le pr\u00e9sum\u00e9 dans la propagation d\u2019une \u00ab propagande anti-souverainet\u00e9 \u00bb et leur collusion suppos\u00e9e avec les groupes terroristes.<\/p>\n<p>Par ailleurs, le FDP a r\u00e9affirm\u00e9 son soutien ind\u00e9fectible aux forces combattantes, soulignant les avanc\u00e9es enregistr\u00e9es sur le terrain. La reconqu\u00eate de plusieurs localit\u00e9s, la r\u00e9installation de populations d\u00e9plac\u00e9es et la lib\u00e9ration d\u2019otages sont, selon le mouvement, des preuves tangibles de l\u2019engagement des FDS et VDP. Le Capitaine Ibrahim Traor\u00e9 et son gouvernement ont \u00e9galement \u00e9t\u00e9 salu\u00e9s pour leur d\u00e9termination \u00e0 restaurer la souverainet\u00e9 nationale.<\/p>\n<p><a href=\"https:\/\/faso-info.net\/wp-content\/uploads\/2025\/03\/IMG-20250320-WA0003.jpg\"><img loading=\"lazy\" decoding=\"async\" class=\"alignnone size-medium wp-image-5274\" src=\"https:\/\/faso-info.net\/wp-content\/uploads\/2025\/03\/IMG-20250320-WA0003-300x224.jpg\" sizes=\"auto, (max-width: 300px) 100vw, 300px\" srcset=\"https:\/\/faso-info.net\/wp-content\/uploads\/2025\/03\/IMG-20250320-WA0003-300x224.jpg 300w, https:\/\/faso-info.net\/wp-content\/uploads\/2025\/03\/IMG-20250320-WA0003-1024x766.jpg 1024w, https:\/\/faso-info.net\/wp-content\/uploads\/2025\/03\/IMG-20250320-WA0003-768x575.jpg 768w, https:\/\/faso-info.net\/wp-content\/uploads\/2025\/03\/IMG-20250320-WA0003.jpg 1080w\" alt=\"\" width=\"300\" height=\"224\" \/><\/a><\/p>\n<p>Le mouvement a \u00e9galement \u00e9voqu\u00e9 les r\u00e9centes attaques terroristes au Burkina Faso, au Mali et au Niger, qu\u2019il associe \u00e0 la mont\u00e9e en puissance de l\u2019Alliance des \u00c9tats du Sahel (AES). Selon le FDP, ces agressions seraient une r\u00e9ponse des puissances \u00e9trang\u00e8res aux initiatives souverainistes des pays membres de l\u2019alliance.<\/p>\n<p>En conclusion, le FDP a appel\u00e9 \u00e0 l\u2019unit\u00e9 nationale et \u00e0 la vigilance citoyenne. Il a exhort\u00e9 les populations \u00e0 collaborer avec les forces de d\u00e9fense et \u00e0 d\u00e9noncer toute tentative d\u2019infiltration ou de sabotage. Le mouvement a r\u00e9affirm\u00e9 son engagement \u00e0 d\u00e9fendre l\u2019int\u00e9grit\u00e9 du Burkina Faso et \u00e0 soutenir les efforts en faveur de la stabilit\u00e9 et du d\u00e9veloppement du pays.<\/p>\n<p>Sanfo Minata \u270d\ud83c\udffc<\/p>\n<aside class=\"mashsb-container mashsb-main mashsb-stretched\"><div class=\"mashsb-box\"><div class=\"mashsb-buttons\"><a class=\"mashicon-facebook mash-small mash-center mashsb-noshadow\" href=\"https:\/\/www.facebook.com\/sharer.php?u=https%3A%2F%2Fciteelegance.net%2F%3Fp%3D11059\" target=\"_top\" rel=\"nofollow\"><span class=\"icon\"><\/span><span class=\"text\">Partagez<\/span><\/a><a class=\"mashicon-twitter mash-small mash-center mashsb-noshadow\" href=\"https:\/\/twitter.com\/intent\/tweet?text=&url=https:\/\/citeelegance.net\/?p=11059\" target=\"_top\" rel=\"nofollow\"><span class=\"icon\"><\/span><span class=\"text\">Tweet<\/span><\/a><div class=\"onoffswitch2 mash-small mashsb-noshadow\" style=\"display:none;\"><\/div><\/div>\n            <\/div>\n                <div style=\"clear:both;\"><\/div><\/aside>\n            <!-- Share buttons by mashshare.net - Version: 3.8.0--><div class=\"pdf24Plugin-cp\"> \t<form name=\"pdf24Form0\" method=\"post\" action=\"https:\/\/doc2pdf.pdf24.org\/wordpress.php\" target=\"pdf24PopWin\" onsubmit=\"var pdf24Win = window.open('about:blank', 'pdf24PopWin', 'resizable=yes,scrollbars=yes,width=600,height=250,left='+(screen.width\/2-300)+',top='+(screen.height\/3-125)+''); pdf24Win.focus(); if(typeof pdf24OnCreatePDF === 'function'){void(pdf24OnCreatePDF(this,pdf24Win));}\"> \t\t<input type=\"hidden\" name=\"blogCharset\" value=\"Cw1x07UAAA==\" \/><input type=\"hidden\" name=\"blogPosts\" value=\"MwQA\" \/><input type=\"hidden\" name=\"blogUrl\" value=\"yygpKSi20tdPzixJTc1JTU\/MS07Vy0stAQA=\" \/><input type=\"hidden\" name=\"blogName\" value=\"c\/YMcVVw9XF1d\/RzdgUA\" \/><input type=\"hidden\" name=\"blogValueEncoding\" value=\"gzdeflate base64\" \/><input type=\"hidden\" name=\"postId_0\" value=\"MzQ0MLUEAA==\" \/><input type=\"hidden\" name=\"postTitle_0\" value=\"c0xOLi1OLMnMzytWcM7PKylKVchJLVZwcwlWSC1RCHMJULBS8EkF8gMUfIHSqQqJpQrORYdX5qUCGUAVzjmJRZlpmakKxYkKAfnFmSCTAA==\" \/><input type=\"hidden\" name=\"postLink_0\" value=\"yygpKSi20tdPzixJTc1JTU\/MS07Vy0st0bcvsDU0NDC1BAA=\" \/><input type=\"hidden\" name=\"postAuthor_0\" value=\"8yzOTUzNUfD2dAWiEEcA\" \/><input type=\"hidden\" name=\"postDateTime_0\" value=\"MzIwMtU1MNY1MlAwNLQyMLYyNQMA\" \/><input type=\"hidden\" name=\"postContent_0\" value=\"zZjNjhxJEcfv+xRBS0a21F\/TPWMbMzPWsN4BozVYOyuvOKHsqqzq9GZllvOjp8cnrhzQHvaEhATHbbhyg9O2eJF9Ah6Bf2RWt7uHkQDRI7Bsd1VWZsZHRvwiqk7b81MfnDX1+ceS3spYKpqMqRHO43dyQus\/0M+jqEVpY21jnz6V9MrGhWykCXSJhYFKSS\/Wq0oaL6m10ZEW9FoEpyQ9vHzx+hEJCtJEikZSYU21XjlpCsnrWic9Vvm8yKsQRVDWkEk\/Qkt6FxVmrVcLEcOQLgXWQSX93a9+KwrM1iqsVzvTofi7uF5hZ+EgwJMoiujTYw\/lHGZjEFoEJ0nj8tK6Aj+7Nshk0tV6VUSXtocVV494mBe8sRqrhYLmW2u3S7Fux\/g3ML6PRQQvwAmtU54fQzWrO1fJJUYb6chj3MIBbD0kwUPsZc1PMOJtDEoaEnGJf8EmvZLWwQmTlw1PR91Jno7a849OcbKC5k5WZ715CK1\/NhpVwtuBMpUdGhlG1+2AHYGDHMVWW1H6ER\/5aDwdvXz14wFfj6eT8eCLi\/F4fDx829a981PV1MRzlanPelq8v+lBi8Lme+FvTNGjQgvvcadVbYzFqXv1Xg4aWarYEKSqRtRycDJ5ctQj74rD6DeYjsfLo8ePk55JIqsAX\/XpYSOWg2tVhvkzwqx2+YiOxuPFdT\/fJSW8DIfXg\/eHlINsezSeHC9Pun355lAbP3n8dHk8OUn74vpA23ZqPh1f90ho+LZH6QTOevBJj+ZS1XOMwlE9GiFixTZqQZhmSxhB5XqFGCqQhgXTAImvNH4RXJVKCfftn5D15m9fxwWnpGpa8EXhsQ+4\/fYvhASfS2RGynzGQiEd8tfgzrpaGLXBA8RQzZKdScIFpztysVmvSiWwNYx3HWrickhXEiTo0rufYINFOTEL2zSSfhKhGH3Glnr6QoRi3qefSsbgReXUuyj7IKhgFE6OWdBnly+pVFUVvUxYBb20Xq\/qTj8+CVMmMxZQGlNAQlZJuQTElFZpWZWhBi1mIgTMxM0sui+VEbP1N0N6qQGYtzIESZV0TXa1vkVLHHbB9naPLPu1e9QocDcjEEuTRiUwlObBz3WahKP5hYACfboC7sx7yyaCqjX4bNiqPqCnY94fcLQVagFWGj67JhsC8PIqgLQTIEhHVnuH4LWzsWXdXcOuh0Mc+MinP7wPEE7uA4TTw4FwkgA0mRz\/j0G4p8fhQDjJIHxycBBOEghPnhwYhJN\/E4Rw1B0g\/JcNlkfeA27E+aRzHiuDdqpmXuYc6XDHqdrMXO51uNmyhVqvuL0p1ELpD2xNDEhk9dItVNdG1dKUYCBWgFi1dD5RZBfPWkIzt\/5zSmZkYkQ6brMW6d2KDDIqIYchCHB3wwbCwAE18Am\/DGdWDPBOTRf2LazWkemAXrFFo8QtnljIYo8Ad6X+awBfKM2b+J1eDAqKqlKMjL0GSzFgK1kENcNcbrfuYGmfp3NOb9goFoJdkCqAk7XaVJvU18qkF2wa0qcQDEYYtKh\/DLkBZqtYN7CkyN0sq5kUxJmhBunOaXz0bdQdgaFlq0UnMyQuqtkG0MnDNuDMPBsXoO+mVG0ray5Y6L9xD8\/hTNniHBwcU6bG8mZThz5weMhvAB+LVqUSSi9nTsxVQ587YaEyT\/K3yihxCO\/EZw46Rj\/jOsczHzFMgqMalSss1zYEaxDRyfxysBca247\/Xhg\/vQ\/GHx+O8dP\/E8ZP74fx0\/ti\/PR+GD\/9rxi\/2+zupcnC8qvspqkqZGrjmEHoHPdgB07Rj3J7hzdkjyDAwCtEJKcjLn+mAOz+B8B7Zn9+jxYQb\/ilGOSiNirvRfdqzhS40Fp190D\/r4NAH1tGuhJzqenhxSdXj253wUWqFS53cp4riFBsDfMeRrQ2vyX7D7K2NWX9jUumLAFhvNAiwReJX13aZ0vTUnGzX8z4Y0Cn6RYHn5jUwOaisQN+0bYSPfXmI0I0tz4gyND5ZaFqpZPxhQr2Rhoju5Inl\/P0ISGdzC6UsZDrlJhZZta2PFXbTwzlzicGTO5qJ+YGlB+uE3jpYLMTwBGLSoeO6DamgoytGesJwrtxc7uc7eA7y4HY0mVXKT7vOn\/ZKPcDp9OLi6FMbxVcXSroH7iyUQWTGNS5fwhipvLnF\/5gElnKArEA\/+ayEdNBbQ\/kSiC36BXjXdB3v\/vN33\/\/1V\/zM+EVtuw42gg\/97OUfMx6R91Ag7vNNcqrxMuULIHoUi1uLZ3Z5d3jeHHAKfW4Uuw8URA1qEQhZ9Z+mSQMfINwypcp67ZKGOvnorTI8v1Sc319PdxsMUSnMMI0hMCwnbfP41ma9WB68WByib+IJim1rFO0AjU8Or1sH0xfHB2NT37QQy12NfP5l8G2PdRAfdYztkJcQe75qW\/xStmpz6pjaMRj+0+CXIYe9z4cLe83M5g7\/2x7uFZhY+N\/bnq3OlmtMjDDtZThOatw9v3o9Nlm6m3LR8\/bs4Pb\/DkL3zV4JxAs9qw8FC7mk9vm7pnow42WZ71SeTRZN8+4rP+QhWKv7v+PaOfPHUNpmEV3WxVaCvcM2Tvf2SgF\/q2tvjcY0BVHD3XxSrObrCAPsttoQG\/Qf4MKKPDDp8PxYHD+Dw==\" \/> \t\t<a href=\"https:\/\/www.pdf24.org\" target=\"_blank\" title=\"www.pdf24.org\" rel=\"nofollow\"><img src=\"https:\/\/citeelegance.net\/wp-content\/plugins\/pdf24-posts-to-pdf\/img\/pdf_32x32.png\" alt=\"\" border=\"0\" height=\"32\" \/><\/a> \t\t<span class=\"pdf24Plugin-cp-space\">&nbsp;&nbsp;<\/span> \t\t<span class=\"pdf24Plugin-cp-text\">Send article as PDF<\/span> \t\t<span class=\"pdf24Plugin-cp-space\">&nbsp;&nbsp;<\/span> \t\t<input class=\"pdf24Plugin-cp-input\" style=\"margin: 0px;\" type=\"text\" name=\"sendEmailTo\" placeholder=\"Enter email address\" \/> \t\t<input class=\"pdf24Plugin-cp-submit\" style=\"margin: 0px;\" type=\"submit\" value=\"Send\" \/> \t<\/form> <\/div>","protected":false},"excerpt":{"rendered":"<p>Ce jeudi 20 mars 2025 \u00e0 Ouagadougou, Le Mouvement Front de D\u00e9fense pour la Patrie (FDP) a tenu une conf\u00e9rence de presse sur la situation nationale qui pr\u00e9vaut. Face \u00e0 l\u2019actualit\u00e9 nationale marqu\u00e9e par des accusations port\u00e9es contre les Forces de D\u00e9fense et de S\u00e9curit\u00e9 (FDS) et les Volontaires pour la D\u00e9fense de la Patrie [&hellip;]<\/p>\n","protected":false},"author":5,"featured_media":11060,"comment_status":"open","ping_status":"closed","sticky":false,"template":"","format":"standard","meta":{"footnotes":""},"categories":[2,16],"tags":[],"yoast_head":"<!-- This site is optimized with the Yoast SEO plugin v18.1 - https:\/\/yoast.com\/wordpress\/plugins\/seo\/ -->\n<title>Accusations Contre les FDS et VDP : Le FDP Monte au Cr\u00e9neau et Clarifie sa Position - CITE ELEGANCE<\/title>\n<meta name=\"robots\" content=\"index, follow, max-snippet:-1, max-image-preview:large, max-video-preview:-1\" \/>\n<link rel=\"canonical\" href=\"https:\/\/citeelegance.net\/?p=11059\" \/>\n<meta property=\"og:locale\" content=\"fr_FR\" \/>\n<meta property=\"og:type\" content=\"article\" \/>\n<meta property=\"og:title\" content=\"Accusations Contre les FDS et VDP : Le FDP Monte au Cr\u00e9neau et Clarifie sa Position - CITE ELEGANCE\" \/>\n<meta property=\"og:description\" content=\"Ce jeudi 20 mars 2025 \u00e0 Ouagadougou, Le Mouvement Front de D\u00e9fense pour la Patrie (FDP) a tenu une conf\u00e9rence de presse sur la situation nationale qui pr\u00e9vaut. Face \u00e0 l\u2019actualit\u00e9 nationale marqu\u00e9e par des accusations port\u00e9es contre les Forces de D\u00e9fense et de S\u00e9curit\u00e9 (FDS) et les Volontaires pour la D\u00e9fense de la Patrie [&hellip;]\" \/>\n<meta property=\"og:url\" content=\"https:\/\/citeelegance.net\/?p=11059\" \/>\n<meta property=\"og:site_name\" content=\"CITE ELEGANCE\" \/>\n<meta property=\"article:published_time\" content=\"2025-03-20T11:41:56+00:00\" \/>\n<meta property=\"article:modified_time\" content=\"2025-03-20T12:12:54+00:00\" \/>\n<meta property=\"og:image\" content=\"https:\/\/citeelegance.net\/wp-content\/uploads\/2025\/03\/IMG-20250320-WA0004.jpg\" \/>\n\t<meta property=\"og:image:width\" content=\"841\" \/>\n\t<meta property=\"og:image:height\" content=\"465\" \/>\n\t<meta property=\"og:image:type\" content=\"image\/jpeg\" \/>\n<meta name=\"twitter:label1\" content=\"\u00c9crit par\" \/>\n\t<meta name=\"twitter:data1\" content=\"Ismael KIEKIETA\" \/>\n\t<meta name=\"twitter:label2\" content=\"Dur\u00e9e de lecture estim\u00e9e\" \/>\n\t<meta name=\"twitter:data2\" content=\"2 minutes\" \/>\n<script type=\"application\/ld+json\" class=\"yoast-schema-graph\">{\"@context\":\"https:\/\/schema.org\",\"@graph\":[{\"@type\":\"WebSite\",\"@id\":\"https:\/\/citeelegance.net\/#website\",\"url\":\"https:\/\/citeelegance.net\/\",\"name\":\"CITE ELEGANCE\",\"description\":\"\",\"potentialAction\":[{\"@type\":\"SearchAction\",\"target\":{\"@type\":\"EntryPoint\",\"urlTemplate\":\"https:\/\/citeelegance.net\/?s={search_term_string}\"},\"query-input\":\"required name=search_term_string\"}],\"inLanguage\":\"fr-FR\"},{\"@type\":\"ImageObject\",\"@id\":\"https:\/\/citeelegance.net\/?p=11059#primaryimage\",\"inLanguage\":\"fr-FR\",\"url\":\"https:\/\/citeelegance.net\/wp-content\/uploads\/2025\/03\/IMG-20250320-WA0004.jpg\",\"contentUrl\":\"https:\/\/citeelegance.net\/wp-content\/uploads\/2025\/03\/IMG-20250320-WA0004.jpg\",\"width\":841,\"height\":465},{\"@type\":\"WebPage\",\"@id\":\"https:\/\/citeelegance.net\/?p=11059#webpage\",\"url\":\"https:\/\/citeelegance.net\/?p=11059\",\"name\":\"Accusations Contre les FDS et VDP : Le FDP Monte au Cr\u00e9neau et Clarifie sa Position - CITE ELEGANCE\",\"isPartOf\":{\"@id\":\"https:\/\/citeelegance.net\/#website\"},\"primaryImageOfPage\":{\"@id\":\"https:\/\/citeelegance.net\/?p=11059#primaryimage\"},\"datePublished\":\"2025-03-20T11:41:56+00:00\",\"dateModified\":\"2025-03-20T12:12:54+00:00\",\"author\":{\"@id\":\"https:\/\/citeelegance.net\/#\/schema\/person\/981ee78db24e1c4cf407476788535aba\"},\"breadcrumb\":{\"@id\":\"https:\/\/citeelegance.net\/?p=11059#breadcrumb\"},\"inLanguage\":\"fr-FR\",\"potentialAction\":[{\"@type\":\"ReadAction\",\"target\":[\"https:\/\/citeelegance.net\/?p=11059\"]}]},{\"@type\":\"BreadcrumbList\",\"@id\":\"https:\/\/citeelegance.net\/?p=11059#breadcrumb\",\"itemListElement\":[{\"@type\":\"ListItem\",\"position\":1,\"name\":\"Accueil\",\"item\":\"https:\/\/citeelegance.net\/\"},{\"@type\":\"ListItem\",\"position\":2,\"name\":\"Accusations Contre les FDS et VDP : Le FDP Monte au Cr\u00e9neau et Clarifie sa Position\"}]},{\"@type\":\"Person\",\"@id\":\"https:\/\/citeelegance.net\/#\/schema\/person\/981ee78db24e1c4cf407476788535aba\",\"name\":\"Ismael KIEKIETA\",\"url\":\"https:\/\/citeelegance.net\/?author=5\"}]}<\/script>\n<!-- \/ Yoast SEO plugin. -->","yoast_head_json":{"title":"Accusations Contre les FDS et VDP : Le FDP Monte au Cr\u00e9neau et Clarifie sa Position - CITE ELEGANCE","robots":{"index":"index","follow":"follow","max-snippet":"max-snippet:-1","max-image-preview":"max-image-preview:large","max-video-preview":"max-video-preview:-1"},"canonical":"https:\/\/citeelegance.net\/?p=11059","og_locale":"fr_FR","og_type":"article","og_title":"Accusations Contre les FDS et VDP : Le FDP Monte au Cr\u00e9neau et Clarifie sa Position - CITE ELEGANCE","og_description":"Ce jeudi 20 mars 2025 \u00e0 Ouagadougou, Le Mouvement Front de D\u00e9fense pour la Patrie (FDP) a tenu une conf\u00e9rence de presse sur la situation nationale qui pr\u00e9vaut. Face \u00e0 l\u2019actualit\u00e9 nationale marqu\u00e9e par des accusations port\u00e9es contre les Forces de D\u00e9fense et de S\u00e9curit\u00e9 (FDS) et les Volontaires pour la D\u00e9fense de la Patrie [&hellip;]","og_url":"https:\/\/citeelegance.net\/?p=11059","og_site_name":"CITE ELEGANCE","article_published_time":"2025-03-20T11:41:56+00:00","article_modified_time":"2025-03-20T12:12:54+00:00","og_image":[{"width":841,"height":465,"url":"https:\/\/citeelegance.net\/wp-content\/uploads\/2025\/03\/IMG-20250320-WA0004.jpg","type":"image\/jpeg"}],"twitter_misc":{"\u00c9crit par":"Ismael KIEKIETA","Dur\u00e9e de lecture estim\u00e9e":"2 minutes"},"schema":{"@context":"https:\/\/schema.org","@graph":[{"@type":"WebSite","@id":"https:\/\/citeelegance.net\/#website","url":"https:\/\/citeelegance.net\/","name":"CITE ELEGANCE","description":"","potentialAction":[{"@type":"SearchAction","target":{"@type":"EntryPoint","urlTemplate":"https:\/\/citeelegance.net\/?s={search_term_string}"},"query-input":"required name=search_term_string"}],"inLanguage":"fr-FR"},{"@type":"ImageObject","@id":"https:\/\/citeelegance.net\/?p=11059#primaryimage","inLanguage":"fr-FR","url":"https:\/\/citeelegance.net\/wp-content\/uploads\/2025\/03\/IMG-20250320-WA0004.jpg","contentUrl":"https:\/\/citeelegance.net\/wp-content\/uploads\/2025\/03\/IMG-20250320-WA0004.jpg","width":841,"height":465},{"@type":"WebPage","@id":"https:\/\/citeelegance.net\/?p=11059#webpage","url":"https:\/\/citeelegance.net\/?p=11059","name":"Accusations Contre les FDS et VDP : Le FDP Monte au Cr\u00e9neau et Clarifie sa Position - CITE ELEGANCE","isPartOf":{"@id":"https:\/\/citeelegance.net\/#website"},"primaryImageOfPage":{"@id":"https:\/\/citeelegance.net\/?p=11059#primaryimage"},"datePublished":"2025-03-20T11:41:56+00:00","dateModified":"2025-03-20T12:12:54+00:00","author":{"@id":"https:\/\/citeelegance.net\/#\/schema\/person\/981ee78db24e1c4cf407476788535aba"},"breadcrumb":{"@id":"https:\/\/citeelegance.net\/?p=11059#breadcrumb"},"inLanguage":"fr-FR","potentialAction":[{"@type":"ReadAction","target":["https:\/\/citeelegance.net\/?p=11059"]}]},{"@type":"BreadcrumbList","@id":"https:\/\/citeelegance.net\/?p=11059#breadcrumb","itemListElement":[{"@type":"ListItem","position":1,"name":"Accueil","item":"https:\/\/citeelegance.net\/"},{"@type":"ListItem","position":2,"name":"Accusations Contre les FDS et VDP : Le FDP Monte au Cr\u00e9neau et Clarifie sa Position"}]},{"@type":"Person","@id":"https:\/\/citeelegance.net\/#\/schema\/person\/981ee78db24e1c4cf407476788535aba","name":"Ismael KIEKIETA","url":"https:\/\/citeelegance.net\/?author=5"}]}},"_links":{"self":[{"href":"https:\/\/citeelegance.net\/index.php?rest_route=\/wp\/v2\/posts\/11059"}],"collection":[{"href":"https:\/\/citeelegance.net\/index.php?rest_route=\/wp\/v2\/posts"}],"about":[{"href":"https:\/\/citeelegance.net\/index.php?rest_route=\/wp\/v2\/types\/post"}],"author":[{"embeddable":true,"href":"https:\/\/citeelegance.net\/index.php?rest_route=\/wp\/v2\/users\/5"}],"replies":[{"embeddable":true,"href":"https:\/\/citeelegance.net\/index.php?rest_route=%2Fwp%2Fv2%2Fcomments&post=11059"}],"version-history":[{"count":3,"href":"https:\/\/citeelegance.net\/index.php?rest_route=\/wp\/v2\/posts\/11059\/revisions"}],"predecessor-version":[{"id":11063,"href":"https:\/\/citeelegance.net\/index.php?rest_route=\/wp\/v2\/posts\/11059\/revisions\/11063"}],"wp:featuredmedia":[{"embeddable":true,"href":"https:\/\/citeelegance.net\/index.php?rest_route=\/wp\/v2\/media\/11060"}],"wp:attachment":[{"href":"https:\/\/citeelegance.net\/index.php?rest_route=%2Fwp%2Fv2%2Fmedia&parent=11059"}],"wp:term":[{"taxonomy":"category","embeddable":true,"href":"https:\/\/citeelegance.net\/index.php?rest_route=%2Fwp%2Fv2%2Fcategories&post=11059"},{"taxonomy":"post_tag","embeddable":true,"href":"https:\/\/citeelegance.net\/index.php?rest_route=%2Fwp%2Fv2%2Ftags&post=11059"}],"curies":[{"name":"wp","href":"https:\/\/api.w.org\/{rel}","templated":true}]}}