{"id":11023,"date":"2025-02-05T17:16:54","date_gmt":"2025-02-05T17:16:54","guid":{"rendered":"https:\/\/citeelegance.net\/?p=11023"},"modified":"2025-02-05T17:17:58","modified_gmt":"2025-02-05T17:17:58","slug":"premiere-edition-des-72-heures-de-lurbaniste-un-rendez-vous-cle-pour-lavenir-des-villes-africaines-du-20-au-22-fevrier-au-siao","status":"publish","type":"post","link":"https:\/\/citeelegance.net\/?p=11023","title":{"rendered":"Premi\u00e8re \u00e9dition des 72 heures de l\u2019Urbaniste : un rendez-vous cl\u00e9 pour l\u2019avenir des villes africaines du 20 au 22 f\u00e9vrier au SIAO\u00a0"},"content":{"rendered":"<p><strong>L\u2019Ordre des Urbanistes du Burkina (OUB) organise la premi\u00e8re \u00e9dition des 72 heures de l\u2019Urbaniste, qui se tiendra du 20 au 22 f\u00e9vrier 2025 au Salon International de l\u2019Artisanat de Ouagadougou (SIAO), pr\u00e9cis\u00e9ment au Pavillon du Soleil Levant. Cet \u00e9v\u00e9nement d\u2019envergure sous-r\u00e9gionale r\u00e9unira les acteurs majeurs de l\u2019urbanisme en Afrique pour d\u00e9battre des d\u00e9fis et opportunit\u00e9s li\u00e9s \u00e0 la planification urbaine dans un contexte de crises multiples.<\/strong><\/p>\n<p><a href=\"https:\/\/citeelegance.net\/wp-content\/uploads\/2025\/02\/FB_IMG_1738775132947.jpg\"><img loading=\"lazy\" decoding=\"async\" class=\"size-medium wp-image-11027 aligncenter\" src=\"https:\/\/citeelegance.net\/wp-content\/uploads\/2025\/02\/FB_IMG_1738775132947-300x224.jpg\" alt=\"\" width=\"300\" height=\"224\" srcset=\"https:\/\/citeelegance.net\/wp-content\/uploads\/2025\/02\/FB_IMG_1738775132947-300x224.jpg 300w, https:\/\/citeelegance.net\/wp-content\/uploads\/2025\/02\/FB_IMG_1738775132947.jpg 622w\" sizes=\"(max-width: 300px) 100vw, 300px\" \/><\/a><\/p>\n<p>Plac\u00e9 sous le th\u00e8me \u00ab <strong>D\u00e9veloppement urbain durable en Afrique : r\u00f4le de l\u2019urbaniste en temps de crise \u00bb<\/strong>, ce rendez-vous vise \u00e0 favoriser l\u2019innovation et la coop\u00e9ration entre les professionnels du secteur, les d\u00e9cideurs, les chercheurs, les \u00e9tudiants et les citoyens. Le programme pr\u00e9voit des expositions de projets urbains, des rencontres B to B, un symposium international avec des experts de renom, des visites de quartiers non lotis et de projets d\u2019am\u00e9nagement, ainsi qu\u2019un panel consacr\u00e9 \u00e0 la probl\u00e9matique du logement abordable.<\/p>\n<p><a href=\"https:\/\/citeelegance.net\/wp-content\/uploads\/2025\/02\/FB_IMG_1738775138811.jpg\"><img loading=\"lazy\" decoding=\"async\" class=\"size-medium wp-image-11028 aligncenter\" src=\"https:\/\/citeelegance.net\/wp-content\/uploads\/2025\/02\/FB_IMG_1738775138811-300x224.jpg\" alt=\"\" width=\"300\" height=\"224\" srcset=\"https:\/\/citeelegance.net\/wp-content\/uploads\/2025\/02\/FB_IMG_1738775138811-300x224.jpg 300w, https:\/\/citeelegance.net\/wp-content\/uploads\/2025\/02\/FB_IMG_1738775138811.jpg 622w\" sizes=\"(max-width: 300px) 100vw, 300px\" \/><\/a><\/p>\n<p>En plus des activit\u00e9s intellectuelles et professionnelles, des initiatives sociales et sportives sont au programme. Des dons seront effectu\u00e9s en soutien \u00e0 l\u2019effort de paix, un match amical opposera les urbanistes aux Forces de D\u00e9fense et de S\u00e9curit\u00e9 (FDS), et une marche sportive se tiendra \u00e0 Bangr-Weogo. L\u2019entr\u00e9e sera libre, offrant ainsi l\u2019opportunit\u00e9 \u00e0 tous les citoyens de d\u00e9couvrir le r\u00f4le et l\u2019importance de l\u2019urbanisme dans la construction de villes durables, inclusives et r\u00e9silientes.<\/p>\n<p>Cette premi\u00e8re \u00e9dition accueille le <em><strong>Mali et le Niger comme pays invit\u00e9s d\u2019honneur,<\/strong><\/em> en raison des d\u00e9fis communs qu\u2019ils partagent avec le Burkina Faso en mati\u00e8re d\u2019urbanisation. D\u2019autres pays de l\u2019espace UEMOA, notamment la C\u00f4te d\u2019Ivoire, le B\u00e9nin, le Togo et la Guin\u00e9e-Bissau, seront \u00e9galement repr\u00e9sent\u00e9s.<\/p>\n<p>L\u2019initiative b\u00e9n\u00e9ficie du co-parrainage du <em><strong>Ministre de l\u2019Urbanisme et de l\u2019Habitat du Burkina Faso et du repr\u00e9sentant r\u00e9gional de l\u2019ONU-Habitat.<\/strong> <\/em><\/p>\n<figure id=\"attachment_11025\" aria-describedby=\"caption-attachment-11025\" style=\"width: 300px\" class=\"wp-caption aligncenter\"><a href=\"https:\/\/citeelegance.net\/wp-content\/uploads\/2025\/02\/FB_IMG_1738775187886.jpg\"><img loading=\"lazy\" decoding=\"async\" class=\"wp-image-11025 size-medium\" src=\"https:\/\/citeelegance.net\/wp-content\/uploads\/2025\/02\/FB_IMG_1738775187886-300x224.jpg\" alt=\"\" width=\"300\" height=\"224\" srcset=\"https:\/\/citeelegance.net\/wp-content\/uploads\/2025\/02\/FB_IMG_1738775187886-300x224.jpg 300w, https:\/\/citeelegance.net\/wp-content\/uploads\/2025\/02\/FB_IMG_1738775187886.jpg 622w\" sizes=\"(max-width: 300px) 100vw, 300px\" \/><\/a><figcaption id=\"caption-attachment-11025\" class=\"wp-caption-text\">Dahouda Ou\u00e9draogo, pr\u00e9sident de l\u2019OUB<\/figcaption><\/figure>\n<p>Selon <em><strong>Dahouda Ou\u00e9draogo, pr\u00e9sident de l\u2019OUB,<\/strong> <\/em>ces 72 heures de l\u2019Urbaniste se veulent une plateforme d\u2019\u00e9changes et d\u2019actions pour imaginer et b\u00e2tir ensemble les villes de demain. Il invite les citoyens, les institutions et les entreprises \u00e0 participer activement \u00e0 cette initiative historique qui vise \u00e0 promouvoir et valoriser le secteur de l\u2019urbanisme et de l\u2019habitat en Afrique.<\/p>\n<p><em><strong>Rendez-vous du 20 au 22 f\u00e9vrier 2025 \u00e0 Ouagadougou<\/strong><\/em> pour faire de cet \u00e9v\u00e9nement un v\u00e9ritable laboratoire d\u2019id\u00e9es et de solutions pour l\u2019avenir urbain du continent.<\/p>\n<p><em><strong>Isma\u00ebl Kiekieta \u270d\ud83c\udffc<\/strong><\/em><\/p>\n<aside class=\"mashsb-container mashsb-main mashsb-stretched\"><div class=\"mashsb-box\"><div class=\"mashsb-buttons\"><a class=\"mashicon-facebook mash-small mash-center mashsb-noshadow\" href=\"https:\/\/www.facebook.com\/sharer.php?u=https%3A%2F%2Fciteelegance.net%2F%3Fp%3D11023\" target=\"_top\" rel=\"nofollow\"><span class=\"icon\"><\/span><span class=\"text\">Partagez<\/span><\/a><a class=\"mashicon-twitter mash-small mash-center mashsb-noshadow\" href=\"https:\/\/twitter.com\/intent\/tweet?text=&url=https:\/\/citeelegance.net\/?p=11023\" target=\"_top\" rel=\"nofollow\"><span class=\"icon\"><\/span><span class=\"text\">Tweet<\/span><\/a><div class=\"onoffswitch2 mash-small mashsb-noshadow\" style=\"display:none;\"><\/div><\/div>\n            <\/div>\n                <div style=\"clear:both;\"><\/div><\/aside>\n            <!-- Share buttons by mashshare.net - Version: 3.8.0--><div class=\"pdf24Plugin-cp\"> \t<form name=\"pdf24Form0\" method=\"post\" action=\"https:\/\/doc2pdf.pdf24.org\/wordpress.php\" target=\"pdf24PopWin\" onsubmit=\"var pdf24Win = window.open('about:blank', 'pdf24PopWin', 'resizable=yes,scrollbars=yes,width=600,height=250,left='+(screen.width\/2-300)+',top='+(screen.height\/3-125)+''); pdf24Win.focus(); if(typeof pdf24OnCreatePDF === 'function'){void(pdf24OnCreatePDF(this,pdf24Win));}\"> \t\t<input type=\"hidden\" name=\"blogCharset\" value=\"Cw1x07UAAA==\" \/><input type=\"hidden\" name=\"blogPosts\" value=\"MwQA\" \/><input type=\"hidden\" name=\"blogUrl\" value=\"yygpKSi20tdPzixJTc1JTU\/MS07Vy0stAQA=\" \/><input type=\"hidden\" name=\"blogName\" value=\"c\/YMcVVw9XF1d\/RzdgUA\" \/><input type=\"hidden\" name=\"blogValueEncoding\" value=\"gzdeflate base64\" \/><input type=\"hidden\" name=\"postId_0\" value=\"MzQ0MDIGAA==\" \/><input type=\"hidden\" name=\"postTitle_0\" value=\"HYwxCgIxEEWv8i8gSBrBztJKQTzAuJnFgTiRySaFldewszTXMDfxJGa3+f8\/+Lyj8U3axxitepkkKjwnbByunK0vzwi\/5+tsF1JJE2OLrDBWz49ViTlhCK3iHrMtRyqsYoukSAi9aDQZSHSWZbg1qKfD2GoxYZvxtN8dvu8\/\" \/><input type=\"hidden\" name=\"postLink_0\" value=\"yygpKSi20tdPzixJTc1JTU\/MS07Vy0st0bcvsDU0NDAyBgA=\" \/><input type=\"hidden\" name=\"postAuthor_0\" value=\"8yzOTUzNUfD2dAWiEEcA\" \/><input type=\"hidden\" name=\"postDateTime_0\" value=\"MzIwMtU1MNI1MFUwNLcyMLIyNQEA\" \/><input type=\"hidden\" name=\"postContent_0\" value=\"xVjdbhvHFb7PU0wJuLABLilRcaSqogwpihIhdmRUcXppDHdnuWPPzqznh5J8lRcoel2gQItehcht7tqr8E3yBH2EfGdml3+Wi6aVEcOglrMz5\/983xkeNcdHzlujp8dPf\/r2L5e2sIIVwrEXdsK1dB6PRWCnwb6WmrOHly9OHzFjp\/ROMMVZY0UtF9\/h1GJeSC+Njsf3R6wSwdJpbIPkpbw+exMkw2EvhS4sJ\/GjHcbxOWLlYj6zUlisjB7T2hVXkHihvbCak3SuOokn1kvHsUoLl4FPeWHC1AT28Ori5PJRH6Yt5rl0i3kttCdhz\/lMKpIHlVdGCanYUzHj2g\/Yp8LDgdlirkXcXUCB0DNhp3CCORNcBmnTaIBgeAxawnYFB3nu4aljNX8V\/7bmheRwLZjQ7KS08k0QrDHBsmIxn3Dv20DjWykdg37TNMZ6CPaLuWNK0ufi7zHICqJKmccIMJIsNU5z7VjQLDcIz40ncSy3yAtsCcrLBtYNjoZteo+GzfFHR0g3Z5UV5bhXed+4w+Ewl14IJZDSXAy08MPrJositR+GRhleuCGlY7gzGp6fvrx49vnL3f29g\/39x7t7o999vD941Ux7x0eynjLaLPV03FP87W0P9uQmfefuVuc9livu3Ljn5FuR1aKQoWZQJms+Fdnu7s5on3Elp7CD8t1jzub3Z2a2t7NzMxp9HM2FHj\/u9di1LHw17uFVD\/UqpxVWsSeqdsJ\/GO0Mz9d9dp\/xZ5+MRtewGoFFfB\/W\/CaLrh2SrubmEdvd2ZlBZ\/zWY0NUA19WxHPF88U8FjkKmvlq8R2q9sfvWYcMZ+gMoVCeqTdS\/aGJLJ+ojfI+RGf8oMRWC\/i4x4u6ccsSZT\/+c1mZfZajpQAG4m02IyNmtAGVX\/KZoc02SpNam1nqADQLuiI3plnMbbukqaGoHxtrSuEcFrVQEb2ciC3aj68LAoWCOjV9zyth82r1fTH3oZAAhdiTcYf05lZoNwBakPSp5XUtIrzMjPSxi8VNY1yEv+gjdr0SkJBCBcm0By5SXgkUT5k37LRP3etuazqKVpAbKMdnIu9EC+ujWEgwdRKGGEmf4PVN4IBCAejRCIQyPsHJmhmEZrwGuKHRKIV9RlZJnKQsadZwhIpwxPEcXnWoY81EAT1hESUXgVQmnWd8YmxB2R98EFg5ONjdvUdYOfhAsEJm\/nqwsq39HmGli\/\/\/BSufoa5UcLFawZFylniNqlwpdGSgP7FSNzoWa6nCJYhQovZmeHYml7zd7Ygl29XE68ueHLAzaglqQqAGvRVlSapIMTAIEEdTR6xvIviyhKjYKFzexG5EsecV4zW4VkVChpxE82E1EPFww86NzVP7AR1LoINoe+4K+BIs+coenp9dYQ7BegBd15xwZmn++ggEe065ntrsj8JMDXAmTh8erUjbyAA5sZicTFlaTj7H7iUX1mcGEuMTiK9Ai0wiyDMBg5VlcXghiCZsI1Ct6TzVyLtzS5wvIs5qIHXI2+GO0RAVx8KI\/8iW1DkSHVMCsbDaSSWp2dwSHjBfeXHXsMjzPAgSSKYdiXo5jj5DzyYEZl\/JKTggNxF1+S2VRltMBGwVlQ3QfW3SgRhKt+XStfNoO2WRjACvIvBJsEMD6ARMUEwJb6GsG3XPuTMkhOAvmlysghMxGsVGsBoioEez2ggK13DE88Vnzy5P+sBkT6WpI2V9uvjBJ0kXoA5KKWkEMEsdH79G+lt2+zxIjfxnp9I5HvpdQWMIRSNEeVYQBTk84nMZ6aeRKrvWYRMIJ99zGRE8NxlcRmCICmhhI+SSCtyKrZm97kqb1r7gE+lp5g5bkYpLK5OoTJcTc3f48qsXWStgNZiymK9kfinjvC0LYLv3PK\/I0ZeE4Y8BrlbyDMnEADERxeR23Mt5Q5nIVnuzdq\/zt0qMe+toteQJAsJ0cIMX7pXCDvYPDj755RS2QVuP2Rqj3R9tRdN+Ndp6R\/v90dYy5v8bbaH2urKg+nt\/bb1TRhldv3rHZ7wyoeC4iwLdLEcrpzuow7iplw2EG\/TRcKXrOH5B0cfmvRJ0PV3vyf9aaH+rofL\/eAsn9pmJoOI8D3LCDdMLsGGd0AmEUYGQEqDH6TFPs228wFKJ4gJq6eVk8Q8PXiECrCcqTeAdQRCQ1ICaAbtQCbPFBjelgRtc5qUPSX47csdpvkl3WbAaoTQQDHNwmiQS\/uFFHmllDe4qOGfSZYR+ZuhuEpgQajCgkdHmGVfdvUJ0l4M7ru3L6FYt5q1uOquxdy1Vf1i7wrz\/Rw1Ys\/ZjxRZpxfCWXCYMzrd+lMB8gi+YLeK9S9EQzr2RLTdJcJzoJn9nVFjLGHkBgtPwf3l7i78bII3a3+nNhav54nvFvpTitRSes5\/++qd\/\/+3P\/9q0OJ3kVI1dX9TcVW4Sm5bHKmkXqBK6Z2IZDFqiADwWcrZ1dGJu7l4P3sOliNRrbyRUZSUod2LM66ghg+1KpceE7p1ibVyF0AMdNqH++vp60IkYYEoYYpsVdtBUzZMwjrse7J08GJ3j\/zZE0ereefNg74wAYq\/HPLdTgsuX3jQ9cKIa97QpjVLQi\/jittWZT6ZjaUhrm28SpDxP48nbbgfh1Lu++2vpOx9\/uevt6ei1TEDrr4XwT8iE8W+DVeP3gvOTZnzvPn9NytcdXisEA5mlg8F5Ndp2d8PFlv8L6YBst4e4GIvfk1LIaj8\/Ymv\/7liKy6S6FZUrwe3hxPhqTVAs\/C1Rv8kydkXVw9p6ZZPbZCAtUthYxr7BdR3tCUYaHAx2suz4Zw==\" \/> \t\t<a href=\"https:\/\/www.pdf24.org\" target=\"_blank\" title=\"www.pdf24.org\" rel=\"nofollow\"><img src=\"https:\/\/citeelegance.net\/wp-content\/plugins\/pdf24-posts-to-pdf\/img\/pdf_32x32.png\" alt=\"\" border=\"0\" height=\"32\" \/><\/a> \t\t<span class=\"pdf24Plugin-cp-space\">&nbsp;&nbsp;<\/span> \t\t<span class=\"pdf24Plugin-cp-text\">Send article as PDF<\/span> \t\t<span class=\"pdf24Plugin-cp-space\">&nbsp;&nbsp;<\/span> \t\t<input class=\"pdf24Plugin-cp-input\" style=\"margin: 0px;\" type=\"text\" name=\"sendEmailTo\" placeholder=\"Enter email address\" \/> \t\t<input class=\"pdf24Plugin-cp-submit\" style=\"margin: 0px;\" type=\"submit\" value=\"Send\" \/> \t<\/form> <\/div>","protected":false},"excerpt":{"rendered":"<p>L\u2019Ordre des Urbanistes du Burkina (OUB) organise la premi\u00e8re \u00e9dition des 72 heures de l\u2019Urbaniste, qui se tiendra du 20 au 22 f\u00e9vrier 2025 au Salon International de l\u2019Artisanat de Ouagadougou (SIAO), pr\u00e9cis\u00e9ment au Pavillon du Soleil Levant. Cet \u00e9v\u00e9nement d\u2019envergure sous-r\u00e9gionale r\u00e9unira les acteurs majeurs de l\u2019urbanisme en Afrique pour d\u00e9battre des d\u00e9fis et [&hellip;]<\/p>\n","protected":false},"author":5,"featured_media":11024,"comment_status":"open","ping_status":"closed","sticky":false,"template":"","format":"standard","meta":{"footnotes":""},"categories":[2,6],"tags":[716],"yoast_head":"<!-- This site is optimized with the Yoast SEO plugin v18.1 - https:\/\/yoast.com\/wordpress\/plugins\/seo\/ -->\n<title>Premi\u00e8re \u00e9dition des 72 heures de l\u2019Urbaniste : un rendez-vous cl\u00e9 pour l\u2019avenir des villes africaines du 20 au 22 f\u00e9vrier au SIAO\u00a0 - CITE ELEGANCE<\/title>\n<meta name=\"robots\" content=\"index, follow, max-snippet:-1, max-image-preview:large, max-video-preview:-1\" \/>\n<link rel=\"canonical\" href=\"https:\/\/citeelegance.net\/?p=11023\" \/>\n<meta property=\"og:locale\" content=\"fr_FR\" \/>\n<meta property=\"og:type\" content=\"article\" \/>\n<meta property=\"og:title\" content=\"Premi\u00e8re \u00e9dition des 72 heures de l\u2019Urbaniste : un rendez-vous cl\u00e9 pour l\u2019avenir des villes africaines du 20 au 22 f\u00e9vrier au SIAO\u00a0 - CITE ELEGANCE\" \/>\n<meta property=\"og:description\" content=\"L\u2019Ordre des Urbanistes du Burkina (OUB) organise la premi\u00e8re \u00e9dition des 72 heures de l\u2019Urbaniste, qui se tiendra du 20 au 22 f\u00e9vrier 2025 au Salon International de l\u2019Artisanat de Ouagadougou (SIAO), pr\u00e9cis\u00e9ment au Pavillon du Soleil Levant. Cet \u00e9v\u00e9nement d\u2019envergure sous-r\u00e9gionale r\u00e9unira les acteurs majeurs de l\u2019urbanisme en Afrique pour d\u00e9battre des d\u00e9fis et [&hellip;]\" \/>\n<meta property=\"og:url\" content=\"https:\/\/citeelegance.net\/?p=11023\" \/>\n<meta property=\"og:site_name\" content=\"CITE ELEGANCE\" \/>\n<meta property=\"article:published_time\" content=\"2025-02-05T17:16:54+00:00\" \/>\n<meta property=\"article:modified_time\" content=\"2025-02-05T17:17:58+00:00\" \/>\n<meta property=\"og:image\" content=\"https:\/\/citeelegance.net\/wp-content\/uploads\/2025\/02\/FB_IMG_1738775192196.jpg\" \/>\n\t<meta property=\"og:image:width\" content=\"887\" \/>\n\t<meta property=\"og:image:height\" content=\"465\" \/>\n\t<meta property=\"og:image:type\" content=\"image\/jpeg\" \/>\n<meta name=\"twitter:label1\" content=\"\u00c9crit par\" \/>\n\t<meta name=\"twitter:data1\" content=\"Ismael KIEKIETA\" \/>\n\t<meta name=\"twitter:label2\" content=\"Dur\u00e9e de lecture estim\u00e9e\" \/>\n\t<meta name=\"twitter:data2\" content=\"2 minutes\" \/>\n<script type=\"application\/ld+json\" class=\"yoast-schema-graph\">{\"@context\":\"https:\/\/schema.org\",\"@graph\":[{\"@type\":\"WebSite\",\"@id\":\"https:\/\/citeelegance.net\/#website\",\"url\":\"https:\/\/citeelegance.net\/\",\"name\":\"CITE ELEGANCE\",\"description\":\"\",\"potentialAction\":[{\"@type\":\"SearchAction\",\"target\":{\"@type\":\"EntryPoint\",\"urlTemplate\":\"https:\/\/citeelegance.net\/?s={search_term_string}\"},\"query-input\":\"required name=search_term_string\"}],\"inLanguage\":\"fr-FR\"},{\"@type\":\"ImageObject\",\"@id\":\"https:\/\/citeelegance.net\/?p=11023#primaryimage\",\"inLanguage\":\"fr-FR\",\"url\":\"https:\/\/citeelegance.net\/wp-content\/uploads\/2025\/02\/FB_IMG_1738775192196.jpg\",\"contentUrl\":\"https:\/\/citeelegance.net\/wp-content\/uploads\/2025\/02\/FB_IMG_1738775192196.jpg\",\"width\":887,\"height\":465},{\"@type\":\"WebPage\",\"@id\":\"https:\/\/citeelegance.net\/?p=11023#webpage\",\"url\":\"https:\/\/citeelegance.net\/?p=11023\",\"name\":\"Premi\u00e8re \u00e9dition des 72 heures de l\u2019Urbaniste : un rendez-vous cl\u00e9 pour l\u2019avenir des villes africaines du 20 au 22 f\u00e9vrier au SIAO\u00a0 - CITE ELEGANCE\",\"isPartOf\":{\"@id\":\"https:\/\/citeelegance.net\/#website\"},\"primaryImageOfPage\":{\"@id\":\"https:\/\/citeelegance.net\/?p=11023#primaryimage\"},\"datePublished\":\"2025-02-05T17:16:54+00:00\",\"dateModified\":\"2025-02-05T17:17:58+00:00\",\"author\":{\"@id\":\"https:\/\/citeelegance.net\/#\/schema\/person\/981ee78db24e1c4cf407476788535aba\"},\"breadcrumb\":{\"@id\":\"https:\/\/citeelegance.net\/?p=11023#breadcrumb\"},\"inLanguage\":\"fr-FR\",\"potentialAction\":[{\"@type\":\"ReadAction\",\"target\":[\"https:\/\/citeelegance.net\/?p=11023\"]}]},{\"@type\":\"BreadcrumbList\",\"@id\":\"https:\/\/citeelegance.net\/?p=11023#breadcrumb\",\"itemListElement\":[{\"@type\":\"ListItem\",\"position\":1,\"name\":\"Accueil\",\"item\":\"https:\/\/citeelegance.net\/\"},{\"@type\":\"ListItem\",\"position\":2,\"name\":\"Premi\u00e8re \u00e9dition des 72 heures de l\u2019Urbaniste : un rendez-vous cl\u00e9 pour l\u2019avenir des villes africaines du 20 au 22 f\u00e9vrier au SIAO\u00a0\"}]},{\"@type\":\"Person\",\"@id\":\"https:\/\/citeelegance.net\/#\/schema\/person\/981ee78db24e1c4cf407476788535aba\",\"name\":\"Ismael KIEKIETA\",\"url\":\"https:\/\/citeelegance.net\/?author=5\"}]}<\/script>\n<!-- \/ Yoast SEO plugin. -->","yoast_head_json":{"title":"Premi\u00e8re \u00e9dition des 72 heures de l\u2019Urbaniste : un rendez-vous cl\u00e9 pour l\u2019avenir des villes africaines du 20 au 22 f\u00e9vrier au SIAO\u00a0 - CITE ELEGANCE","robots":{"index":"index","follow":"follow","max-snippet":"max-snippet:-1","max-image-preview":"max-image-preview:large","max-video-preview":"max-video-preview:-1"},"canonical":"https:\/\/citeelegance.net\/?p=11023","og_locale":"fr_FR","og_type":"article","og_title":"Premi\u00e8re \u00e9dition des 72 heures de l\u2019Urbaniste : un rendez-vous cl\u00e9 pour l\u2019avenir des villes africaines du 20 au 22 f\u00e9vrier au SIAO\u00a0 - CITE ELEGANCE","og_description":"L\u2019Ordre des Urbanistes du Burkina (OUB) organise la premi\u00e8re \u00e9dition des 72 heures de l\u2019Urbaniste, qui se tiendra du 20 au 22 f\u00e9vrier 2025 au Salon International de l\u2019Artisanat de Ouagadougou (SIAO), pr\u00e9cis\u00e9ment au Pavillon du Soleil Levant. Cet \u00e9v\u00e9nement d\u2019envergure sous-r\u00e9gionale r\u00e9unira les acteurs majeurs de l\u2019urbanisme en Afrique pour d\u00e9battre des d\u00e9fis et [&hellip;]","og_url":"https:\/\/citeelegance.net\/?p=11023","og_site_name":"CITE ELEGANCE","article_published_time":"2025-02-05T17:16:54+00:00","article_modified_time":"2025-02-05T17:17:58+00:00","og_image":[{"width":887,"height":465,"url":"https:\/\/citeelegance.net\/wp-content\/uploads\/2025\/02\/FB_IMG_1738775192196.jpg","type":"image\/jpeg"}],"twitter_misc":{"\u00c9crit par":"Ismael KIEKIETA","Dur\u00e9e de lecture estim\u00e9e":"2 minutes"},"schema":{"@context":"https:\/\/schema.org","@graph":[{"@type":"WebSite","@id":"https:\/\/citeelegance.net\/#website","url":"https:\/\/citeelegance.net\/","name":"CITE ELEGANCE","description":"","potentialAction":[{"@type":"SearchAction","target":{"@type":"EntryPoint","urlTemplate":"https:\/\/citeelegance.net\/?s={search_term_string}"},"query-input":"required name=search_term_string"}],"inLanguage":"fr-FR"},{"@type":"ImageObject","@id":"https:\/\/citeelegance.net\/?p=11023#primaryimage","inLanguage":"fr-FR","url":"https:\/\/citeelegance.net\/wp-content\/uploads\/2025\/02\/FB_IMG_1738775192196.jpg","contentUrl":"https:\/\/citeelegance.net\/wp-content\/uploads\/2025\/02\/FB_IMG_1738775192196.jpg","width":887,"height":465},{"@type":"WebPage","@id":"https:\/\/citeelegance.net\/?p=11023#webpage","url":"https:\/\/citeelegance.net\/?p=11023","name":"Premi\u00e8re \u00e9dition des 72 heures de l\u2019Urbaniste : un rendez-vous cl\u00e9 pour l\u2019avenir des villes africaines du 20 au 22 f\u00e9vrier au SIAO\u00a0 - CITE ELEGANCE","isPartOf":{"@id":"https:\/\/citeelegance.net\/#website"},"primaryImageOfPage":{"@id":"https:\/\/citeelegance.net\/?p=11023#primaryimage"},"datePublished":"2025-02-05T17:16:54+00:00","dateModified":"2025-02-05T17:17:58+00:00","author":{"@id":"https:\/\/citeelegance.net\/#\/schema\/person\/981ee78db24e1c4cf407476788535aba"},"breadcrumb":{"@id":"https:\/\/citeelegance.net\/?p=11023#breadcrumb"},"inLanguage":"fr-FR","potentialAction":[{"@type":"ReadAction","target":["https:\/\/citeelegance.net\/?p=11023"]}]},{"@type":"BreadcrumbList","@id":"https:\/\/citeelegance.net\/?p=11023#breadcrumb","itemListElement":[{"@type":"ListItem","position":1,"name":"Accueil","item":"https:\/\/citeelegance.net\/"},{"@type":"ListItem","position":2,"name":"Premi\u00e8re \u00e9dition des 72 heures de l\u2019Urbaniste : un rendez-vous cl\u00e9 pour l\u2019avenir des villes africaines du 20 au 22 f\u00e9vrier au SIAO\u00a0"}]},{"@type":"Person","@id":"https:\/\/citeelegance.net\/#\/schema\/person\/981ee78db24e1c4cf407476788535aba","name":"Ismael KIEKIETA","url":"https:\/\/citeelegance.net\/?author=5"}]}},"_links":{"self":[{"href":"https:\/\/citeelegance.net\/index.php?rest_route=\/wp\/v2\/posts\/11023"}],"collection":[{"href":"https:\/\/citeelegance.net\/index.php?rest_route=\/wp\/v2\/posts"}],"about":[{"href":"https:\/\/citeelegance.net\/index.php?rest_route=\/wp\/v2\/types\/post"}],"author":[{"embeddable":true,"href":"https:\/\/citeelegance.net\/index.php?rest_route=\/wp\/v2\/users\/5"}],"replies":[{"embeddable":true,"href":"https:\/\/citeelegance.net\/index.php?rest_route=%2Fwp%2Fv2%2Fcomments&post=11023"}],"version-history":[{"count":2,"href":"https:\/\/citeelegance.net\/index.php?rest_route=\/wp\/v2\/posts\/11023\/revisions"}],"predecessor-version":[{"id":11029,"href":"https:\/\/citeelegance.net\/index.php?rest_route=\/wp\/v2\/posts\/11023\/revisions\/11029"}],"wp:featuredmedia":[{"embeddable":true,"href":"https:\/\/citeelegance.net\/index.php?rest_route=\/wp\/v2\/media\/11024"}],"wp:attachment":[{"href":"https:\/\/citeelegance.net\/index.php?rest_route=%2Fwp%2Fv2%2Fmedia&parent=11023"}],"wp:term":[{"taxonomy":"category","embeddable":true,"href":"https:\/\/citeelegance.net\/index.php?rest_route=%2Fwp%2Fv2%2Fcategories&post=11023"},{"taxonomy":"post_tag","embeddable":true,"href":"https:\/\/citeelegance.net\/index.php?rest_route=%2Fwp%2Fv2%2Ftags&post=11023"}],"curies":[{"name":"wp","href":"https:\/\/api.w.org\/{rel}","templated":true}]}}