{"id":11002,"date":"2024-12-30T22:57:32","date_gmt":"2024-12-30T22:57:32","guid":{"rendered":"https:\/\/citeelegance.net\/?p=11002"},"modified":"2024-12-30T22:57:32","modified_gmt":"2024-12-30T22:57:32","slug":"handicap-au-burkina-faso-la-febah-plaide-pour-une-meilleure-inclusion-et-application-des-lois","status":"publish","type":"post","link":"https:\/\/citeelegance.net\/?p=11002","title":{"rendered":"Handicap au Burkina Faso : La FEBAH plaide pour une meilleure inclusion et application des lois"},"content":{"rendered":"<p><strong>Vers une soci\u00e9t\u00e9 plus inclusive, la FEBAH dresse un bilan des droits des personnes handicap\u00e9es.<\/strong><\/p>\n<p><strong>La F\u00e9d\u00e9ration burkinab\u00e8 des associations pour la promotion des personnes handicap\u00e9es (FEBAH) a organis\u00e9, ce lundi 30 d\u00e9cembre 2024, une conf\u00e9rence de presse \u00e0 Ouagadougou pour faire le point sur la mise en \u0153uvre des droits des personnes handicap\u00e9es au Burkina Faso. Depuis la ratification de la Convention relative aux droits des personnes handicap\u00e9es (CDPH) et de son protocole facultatif en 2009, le pays s\u2019est engag\u00e9 \u00e0 promouvoir, prot\u00e9ger et garantir les droits des personnes handicap\u00e9es. Des textes l\u00e9gislatifs et r\u00e9glementaires ont \u00e9t\u00e9 adopt\u00e9s pour renforcer la cons\u00e9cration juridique de ces droits et interdire la discrimination fond\u00e9e sur le handicap.<\/strong><\/p>\n<p>Cependant, malgr\u00e9 ces avanc\u00e9es, la FEBAH souligne que les personnes handicap\u00e9es continuent de faire face \u00e0 de nombreux d\u00e9fis. Plusieurs d\u00e9crets d\u2019application restent en suspens, limitant ainsi la mise en \u0153uvre effective des droits de cette population vuln\u00e9rable.<\/p>\n<p><a href=\"https:\/\/citeelegance.net\/wp-content\/uploads\/2024\/12\/IMG-20241230-WA0004.jpg\"><img loading=\"lazy\" decoding=\"async\" class=\"size-medium wp-image-11004 aligncenter\" src=\"https:\/\/citeelegance.net\/wp-content\/uploads\/2024\/12\/IMG-20241230-WA0004-300x224.jpg\" alt=\"\" width=\"300\" height=\"224\" srcset=\"https:\/\/citeelegance.net\/wp-content\/uploads\/2024\/12\/IMG-20241230-WA0004-300x224.jpg 300w, https:\/\/citeelegance.net\/wp-content\/uploads\/2024\/12\/IMG-20241230-WA0004.jpg 622w\" sizes=\"(max-width: 300px) 100vw, 300px\" \/><\/a><\/p>\n<p><strong>Yacouba Sawadogo, porte-parole de la FEBAH et charg\u00e9 des affaires juridiques<\/strong>, a soulign\u00e9 que bien que les consultations des organisations de personnes handicap\u00e9es (OPH) soient souvent sollicit\u00e9es lors de l\u2019\u00e9laboration des politiques publiques, leurs pr\u00e9occupations ne sont pas toujours prises en compte.<\/p>\n<p><a href=\"https:\/\/citeelegance.net\/wp-content\/uploads\/2024\/12\/IMG-20241230-WA0005.jpg\"><img loading=\"lazy\" decoding=\"async\" class=\"size-medium wp-image-11005 aligncenter\" src=\"https:\/\/citeelegance.net\/wp-content\/uploads\/2024\/12\/IMG-20241230-WA0005-300x224.jpg\" alt=\"\" width=\"300\" height=\"224\" srcset=\"https:\/\/citeelegance.net\/wp-content\/uploads\/2024\/12\/IMG-20241230-WA0005-300x224.jpg 300w, https:\/\/citeelegance.net\/wp-content\/uploads\/2024\/12\/IMG-20241230-WA0005.jpg 622w\" sizes=\"(max-width: 300px) 100vw, 300px\" \/><\/a><\/p>\n<p>Dans le secteur de l&#8217;emploi, l&#8217;application des quotas r\u00e9serv\u00e9s aux personnes handicap\u00e9es reste insuffisante. \u00ab Les quotas de 10 % dans la fonction publique et de 5 % dans le secteur priv\u00e9 sont rarement respect\u00e9s \u00bb, a d\u00e9plor\u00e9 <strong>Yacouba Sawadogo<\/strong>. En mati\u00e8re de mobilit\u00e9 et d\u2019inclusion, l\u2019accessibilit\u00e9 des transports publics et priv\u00e9s demeure un probl\u00e8me majeur pour certaines cat\u00e9gories de personnes handicap\u00e9es.<\/p>\n<p><a href=\"https:\/\/citeelegance.net\/wp-content\/uploads\/2024\/12\/IMG-20241230-WA0006.jpg\"><img loading=\"lazy\" decoding=\"async\" class=\"size-medium wp-image-11006 aligncenter\" src=\"https:\/\/citeelegance.net\/wp-content\/uploads\/2024\/12\/IMG-20241230-WA0006-300x224.jpg\" alt=\"\" width=\"300\" height=\"224\" srcset=\"https:\/\/citeelegance.net\/wp-content\/uploads\/2024\/12\/IMG-20241230-WA0006-300x224.jpg 300w, https:\/\/citeelegance.net\/wp-content\/uploads\/2024\/12\/IMG-20241230-WA0006.jpg 622w\" sizes=\"(max-width: 300px) 100vw, 300px\" \/><\/a><\/p>\n<p>Pour <strong>Issa Palenfo, pr\u00e9sident de la FEBAH<\/strong>, qui intervient depuis 1992 dans les 13 r\u00e9gions du Burkina Faso, la situation des personnes handicap\u00e9es reste pr\u00e9caire, surtout en p\u00e9riode de crise. \u00ab Lors des attaques, les personnes handicap\u00e9es sont les plus vuln\u00e9rables. Il est donc essentiel de mettre en \u0153uvre les lois pour les prot\u00e9ger \u00bb, a-t-il insist\u00e9.<\/p>\n<p><a href=\"https:\/\/citeelegance.net\/wp-content\/uploads\/2024\/12\/IMG-20241230-WA0007.jpg\"><img loading=\"lazy\" decoding=\"async\" class=\"size-medium wp-image-11007 aligncenter\" src=\"https:\/\/citeelegance.net\/wp-content\/uploads\/2024\/12\/IMG-20241230-WA0007-300x224.jpg\" alt=\"\" width=\"300\" height=\"224\" srcset=\"https:\/\/citeelegance.net\/wp-content\/uploads\/2024\/12\/IMG-20241230-WA0007-300x224.jpg 300w, https:\/\/citeelegance.net\/wp-content\/uploads\/2024\/12\/IMG-20241230-WA0007.jpg 622w\" sizes=\"(max-width: 300px) 100vw, 300px\" \/><\/a><\/p>\n<p>Un progr\u00e8s a n\u00e9anmoins \u00e9t\u00e9 r\u00e9alis\u00e9 en 2019 lors du cinqui\u00e8me recensement g\u00e9n\u00e9ral de la population et de l\u2019habitation (RGPH), gr\u00e2ce \u00e0 l\u2019introduction du questionnaire du Washington Group dans les outils de collecte des donn\u00e9es. Bien que cette action repr\u00e9sente un pas en avant, la FEBAH continue de plaider pour la g\u00e9n\u00e9ralisation de cette pratique dans tous les secteurs administratifs afin de disposer de donn\u00e9es statistiques fiables et uniformes sur les personnes handicap\u00e9es, comme le prescrit l\u2019article 31 de la CDPH.<\/p>\n<p>Face \u00e0 ces d\u00e9fis persistants, la FEBAH a formul\u00e9 plusieurs recommandations. L\u2019application effective de la loi 012\/AN du 1er avril 2012 portant protection et promotion des droits des personnes handicap\u00e9es est une priorit\u00e9. Par ailleurs, la FEBAH pr\u00e9conise le renforcement de l\u2019autonomisation \u00e9conomique des personnes handicap\u00e9es, notamment par la fourniture de mat\u00e9riel agricole adapt\u00e9 pour soutenir les activit\u00e9s agrosylvopastorales, ainsi que le financement de microprojets. Elle insiste \u00e9galement sur la mise en \u0153uvre effective du quota de 10 % dans la fonction publique et les \u00e9tablissements publics de l&#8217;\u00c9tat, et appelle \u00e0 la cr\u00e9ation de m\u00e9canismes permettant une prise en charge des personnes handicap\u00e9es d\u00e9plac\u00e9es internes dans les interventions humanitaires.<\/p>\n<p>Enfin, les conf\u00e9renciers ont exprim\u00e9 leur gratitude envers l&#8217;ONG CBM pour son soutien technique et financier, ainsi qu\u2019au Minist\u00e8re de l&#8217;Action Humanitaire et de la Solidarit\u00e9 Nationale pour son accompagnement dans la mise en \u0153uvre des projets en faveur des personnes handicap\u00e9es.<\/p>\n<p>Isma\u00ebl Kiekieta \u270d\ud83c\udffc<\/p>\n<aside class=\"mashsb-container mashsb-main mashsb-stretched\"><div class=\"mashsb-box\"><div class=\"mashsb-buttons\"><a class=\"mashicon-facebook mash-small mash-center mashsb-noshadow\" href=\"https:\/\/www.facebook.com\/sharer.php?u=https%3A%2F%2Fciteelegance.net%2F%3Fp%3D11002\" target=\"_top\" rel=\"nofollow\"><span class=\"icon\"><\/span><span class=\"text\">Partagez<\/span><\/a><a class=\"mashicon-twitter mash-small mash-center mashsb-noshadow\" href=\"https:\/\/twitter.com\/intent\/tweet?text=&url=https:\/\/citeelegance.net\/?p=11002\" target=\"_top\" rel=\"nofollow\"><span class=\"icon\"><\/span><span class=\"text\">Tweet<\/span><\/a><div class=\"onoffswitch2 mash-small mashsb-noshadow\" style=\"display:none;\"><\/div><\/div>\n            <\/div>\n                <div style=\"clear:both;\"><\/div><\/aside>\n            <!-- Share buttons by mashshare.net - Version: 3.8.0--><div class=\"pdf24Plugin-cp\"> \t<form name=\"pdf24Form0\" method=\"post\" action=\"https:\/\/doc2pdf.pdf24.org\/wordpress.php\" target=\"pdf24PopWin\" onsubmit=\"var pdf24Win = window.open('about:blank', 'pdf24PopWin', 'resizable=yes,scrollbars=yes,width=600,height=250,left='+(screen.width\/2-300)+',top='+(screen.height\/3-125)+''); pdf24Win.focus(); if(typeof pdf24OnCreatePDF === 'function'){void(pdf24OnCreatePDF(this,pdf24Win));}\"> \t\t<input type=\"hidden\" name=\"blogCharset\" value=\"Cw1x07UAAA==\" \/><input type=\"hidden\" name=\"blogPosts\" value=\"MwQA\" \/><input type=\"hidden\" name=\"blogUrl\" value=\"yygpKSi20tdPzixJTc1JTU\/MS07Vy0stAQA=\" \/><input type=\"hidden\" name=\"blogName\" value=\"c\/YMcVVw9XF1d\/RzdgUA\" \/><input type=\"hidden\" name=\"blogValueEncoding\" value=\"gzdeflate base64\" \/><input type=\"hidden\" name=\"postId_0\" value=\"MzQ0MDACAA==\" \/><input type=\"hidden\" name=\"postTitle_0\" value=\"FcyxDYAwDAXRVf4cdEQCUbCElbiwMLaVxPsTunvNXWRNKgUoUbI\/YoSThmPDveoo+4VQksYIz440xsuiytkZYlVziBt4giJ0rebPxgPqMj4=\" \/><input type=\"hidden\" name=\"postLink_0\" value=\"yygpKSi20tdPzixJTc1JTU\/MS07Vy0st0bcvsDU0NDAwAgA=\" \/><input type=\"hidden\" name=\"postAuthor_0\" value=\"8yzOTUzNUfD2dAWiEEcA\" \/><input type=\"hidden\" name=\"postDateTime_0\" value=\"MzIwMtE1NNI1NlAwMrIyNLIyNgIA\" \/><input type=\"hidden\" name=\"postContent_0\" value=\"xVnLbhzHFd37KyoTyJCBeXFokpbMoaC3hOiFOImRVVDTXT1TUnVVqx5DUitvszC8yCpAgARZifAnJCsP8iP+gnxCzr3VPRxKoqVAJCQImpnq6lv3de49t7TfHOyH6J2dH\/xB+SCSVSK4Qq9O4upENCYFoW2BD71UfWGkuHf31s0HovQqBIXdYqaNtKJUAWtOx8BfG4hy1uLbQtpSF7JZnagw3B+1R+2PmoPP9k+PfgS5q5NydeJl1A5Ck3+hrZytXrM4GUglfgTZLnlSpPGudrz7\/BPFVVb3CyGF83NpdVid9EWhhEnYJLbHAmcWqp55JSbjyZd9tr9wtoIqymJjqXAQ27r6h3ia5FyWLs1dympUUuNNgz1O2yhC1qzW2K6s+M9f0tKrD\/ONkEncylaLezK4obijmqQDySOnVNjYGktLt51dKssLXhk8WSpIOPqAc67evvMMDlGRJGED+TG6wsGIShbJRDqMtJ+Mx9f6bJs8DiL8\/N1fVYh4MJdzZAa8wQFIS6d9n4WsTubKk+C59BK6wRcflBWwNIiojiI+DIToQAZVgUR5\/Daqhqnk6SAcvJxTE3Fo8NnmA4JVOV8o9j\/ihzgXbS49T16X+mXiWBanGkE6YqZ8ySGUotSh8LpGAPi1ylnkhsoxVWuN387h26pRtoTBfVFLM4fGfIpcSluQfRuoCS4ZPUeGkTbm\/BjBgKhtgtWkc04yBIdzEAvWUcJStFcnlYYDnxE+VQJ8KZ29In8jXrJpTJc2cF4keQhsSAEak16wNkJxIbUN+h2Zq6pKFZxbZ3IY9sVIOd8kk6Uvk7EE3plRwzW2pVh4VU17ixibcH00KnRUyijAsFBDq+LosBmQpVBrlBrjZBlGBMLR1mT08PH9AX3fmmyPB9\/eHI\/HXw6fN\/Pewb6u54L2ajuf9ox8ddyDRoXLv2U4tkVPFAYVY9oL+pUa1KrUqRY4S9dyrgZbW5AlJMWhUBT\/ngi+uDAtB9vj8dFkkrXFMXHa64lDXcbFtIdHPbFQer7AKvbwyUHFSzkcxW182BcX6HyxO5kcQmd4Fc69WsujARt2nY5qjr4Q8OwSR\/KvnhgBIfKtSv9HWbg0k+IbeQgEzx1Kh\/NRDRrpqQTl6pbRAoAWC+mp2nATqKpcA9aADmss9lHgW3BhN6FrppHGHcyoIOTKRg2EhLXdYL1ybrV8SsUyOE3YwQnL\/GmAKx15h3GeBRgAbnVi5Mx5edqVnNGRVRVNmhn+RjWVoNqgUriiSE2rBDdeSG8kqqFLz13eBEQGgmTh6iZeGrp2LhBdO5eGrp1Pia6dS0PXzkej645EAgE+AeUaycX5+Pmvv5ps7X2tapyv++vfm02BUvRlchEZh2QMyi+poRKPOAcO3EXQNkOq0HjQOtRQ\/PSjeHQqBydvjcUVUbJGktpowWd1+d8yj531nlOtkexQIKPAS89tn45s8JwU++lfhHO0OFhEbfa8mrIuC0Nx16IpR716zTxM1A50lYDLWgCxLbd1ts8AlgVad9DdJvJPBJcJVKNaCBfMHLKqZG4NzZkIgwLNzOp1jVPkczaHiAkoCagLORI+B5lxXqtfKDiXhe\/dC8T37qXhe\/dT4nv30vC9+9H4fkap1KX7wxCkeCYNUd4+t5Ggy5Yrds1zozO+TDoT3aXOm3is2Lp2bdIBEL+2mWnnZnh2EGH6GnRM8n2zVi4OpE9BjbpP1BmNjDkndnjtyszBqaflupF7J0pOjLLrjefK57rAz2kq3aCcYMAPjaDppES1ETStgT8rw4gHVfWbnNZwz9bdHEni1rMLF5hBHGhDNU4HLF8WIPcuEJB7lwbIvU8JyL1LA+TeRwPy91zvMey9RvIKJKK0tUPOtMMpMICQBOozNEhvXWtpYhKFtgAktwmvELGQuxxILmezaUG8MVvlfkndaSFnOpNYcfW390FM+wIa\/DPPhYa7GUBfptxwcRhBir5bniCx8K0MC2RWxOP73qXmtAIAp9rk4Q7slhpynvnwch7Sb3WEOg9\/smjHSq4\/lHncAyVzVZp948bc282z3PeMRLXy62ucteUtG9+YL4lI89xOSqKSZE1btgC\/lxjWAVKfbwtkpfllzPGNA5fh7636IpDfQkvFK81VgzybrK6cr2lHVw3eWXz6xL\/rfNWDOocSFjNh8FEXWNze6i5m7jx7sK4Z99qZnW8deFZn8VAE\/tm8GCCe5Otk2iu3PMsjP3AmlMgDwlA8emOm3xzPSRbKmhgj4W8+oVhvwQVy6VHLkIATHrNo1qdqp4ous85eor3\/9oiKLF2Rgf+AyVB9RCfCOdrwULNhEvcBZ+lCwaj1\/Uzd9SkyJSEPXd3FnbfjZ76pOT8QFjyzZjmYGTPFTN6iQbUUj2iWp+ov517zvZYsZcO3mZRyGOJQJdrLKcripWZyid0uHJulQw5HzHCGzsoXI3mMRNpYKjedCbUuvIP\/nquI2NyFA9qmgZCfzGW+tTrnSnAjcikz5w8jzqQzKgzSV4dcOU5Z6QbnX\/0Z6d6nF5AuijSjAiHReVGXOpDV1KcRnzr7mhol5Ucb3awuz9+\/FI7MxiVfdGWWQTvWVSXzjnxRiRcTslnnm7w1Ru5a+LXfjentvaumq2hq9+oIukBTnplR7aB9TCXptqQtncFPn9wXt2897iJsOcpUsJDqC9t5LwcQsk8Dy2koHnMd6YaETujN7P8Hp1p3tRijBgb7UjICxBN2qeRb4PZ4zBEY1+XcttnSxvQdF8NtAtFqJZd5dgvvGw4ehlqufjTiN1q90ArJ8\/Pfvv\/v33\/4d34uiQ52pKFGxQ8z7o00hnjRLtT41X1HCVWxWKgSfKTUyzdenbmjd6+nCPyGHjGjjSeAnB3QZeXMuRd8wgDaGpO\/Zo7SHWxdWGBiQxc+S60ODw+HnYghPDnCNq\/8sFk0N9KUd13Zvnllcg9\/32QCtLp9r7myfYeo0aQnIqUwSMmfomt6dFs+7VlXocnh3IP90EjbqU+qY2lEa2ef0O107wCVLoJzvep2EB942\/Z4qGNn4\/9vevs2W60zn4mHSsUbpML08+TN9FwOdKOZXrjNv6PDNw3eSASU66oKULhYTN4094yJIR4bNe1RZzby+Lp1Vn1Nh0JW++9nYuPPO5Z4mY5uRaHnSn995uJiQxAn\/huifjUYiG8oe0Sbr2J2nBWkRXKbGAj6ny9AGMxv+NVwPBgc\/A8=\" \/> \t\t<a href=\"https:\/\/www.pdf24.org\" target=\"_blank\" title=\"www.pdf24.org\" rel=\"nofollow\"><img src=\"https:\/\/citeelegance.net\/wp-content\/plugins\/pdf24-posts-to-pdf\/img\/pdf_32x32.png\" alt=\"\" border=\"0\" height=\"32\" \/><\/a> \t\t<span class=\"pdf24Plugin-cp-space\">&nbsp;&nbsp;<\/span> \t\t<span class=\"pdf24Plugin-cp-text\">Send article as PDF<\/span> \t\t<span class=\"pdf24Plugin-cp-space\">&nbsp;&nbsp;<\/span> \t\t<input class=\"pdf24Plugin-cp-input\" style=\"margin: 0px;\" type=\"text\" name=\"sendEmailTo\" placeholder=\"Enter email address\" \/> \t\t<input class=\"pdf24Plugin-cp-submit\" style=\"margin: 0px;\" type=\"submit\" value=\"Send\" \/> \t<\/form> <\/div>","protected":false},"excerpt":{"rendered":"<p>Vers une soci\u00e9t\u00e9 plus inclusive, la FEBAH dresse un bilan des droits des personnes handicap\u00e9es. La F\u00e9d\u00e9ration burkinab\u00e8 des associations pour la promotion des personnes handicap\u00e9es (FEBAH) a organis\u00e9, ce lundi 30 d\u00e9cembre 2024, une conf\u00e9rence de presse \u00e0 Ouagadougou pour faire le point sur la mise en \u0153uvre des droits des personnes handicap\u00e9es au [&hellip;]<\/p>\n","protected":false},"author":5,"featured_media":11003,"comment_status":"open","ping_status":"closed","sticky":false,"template":"","format":"standard","meta":{"footnotes":""},"categories":[2,16],"tags":[713],"yoast_head":"<!-- This site is optimized with the Yoast SEO plugin v18.1 - https:\/\/yoast.com\/wordpress\/plugins\/seo\/ -->\n<title>Handicap au Burkina Faso : La FEBAH plaide pour une meilleure inclusion et application des lois - CITE ELEGANCE<\/title>\n<meta name=\"robots\" content=\"index, follow, max-snippet:-1, max-image-preview:large, max-video-preview:-1\" \/>\n<link rel=\"canonical\" href=\"https:\/\/citeelegance.net\/?p=11002\" \/>\n<meta property=\"og:locale\" content=\"fr_FR\" \/>\n<meta property=\"og:type\" content=\"article\" \/>\n<meta property=\"og:title\" content=\"Handicap au Burkina Faso : La FEBAH plaide pour une meilleure inclusion et application des lois - CITE ELEGANCE\" \/>\n<meta property=\"og:description\" content=\"Vers une soci\u00e9t\u00e9 plus inclusive, la FEBAH dresse un bilan des droits des personnes handicap\u00e9es. La F\u00e9d\u00e9ration burkinab\u00e8 des associations pour la promotion des personnes handicap\u00e9es (FEBAH) a organis\u00e9, ce lundi 30 d\u00e9cembre 2024, une conf\u00e9rence de presse \u00e0 Ouagadougou pour faire le point sur la mise en \u0153uvre des droits des personnes handicap\u00e9es au [&hellip;]\" \/>\n<meta property=\"og:url\" content=\"https:\/\/citeelegance.net\/?p=11002\" \/>\n<meta property=\"og:site_name\" content=\"CITE ELEGANCE\" \/>\n<meta property=\"article:published_time\" content=\"2024-12-30T22:57:32+00:00\" \/>\n<meta property=\"og:image\" content=\"https:\/\/citeelegance.net\/wp-content\/uploads\/2024\/12\/IMG-20241230-WA0008.jpg\" \/>\n\t<meta property=\"og:image:width\" content=\"622\" \/>\n\t<meta property=\"og:image:height\" content=\"465\" \/>\n\t<meta property=\"og:image:type\" content=\"image\/jpeg\" \/>\n<meta name=\"twitter:label1\" content=\"\u00c9crit par\" \/>\n\t<meta name=\"twitter:data1\" content=\"Ismael KIEKIETA\" \/>\n\t<meta name=\"twitter:label2\" content=\"Dur\u00e9e de lecture estim\u00e9e\" \/>\n\t<meta name=\"twitter:data2\" content=\"3 minutes\" \/>\n<script type=\"application\/ld+json\" class=\"yoast-schema-graph\">{\"@context\":\"https:\/\/schema.org\",\"@graph\":[{\"@type\":\"WebSite\",\"@id\":\"https:\/\/citeelegance.net\/#website\",\"url\":\"https:\/\/citeelegance.net\/\",\"name\":\"CITE ELEGANCE\",\"description\":\"\",\"potentialAction\":[{\"@type\":\"SearchAction\",\"target\":{\"@type\":\"EntryPoint\",\"urlTemplate\":\"https:\/\/citeelegance.net\/?s={search_term_string}\"},\"query-input\":\"required name=search_term_string\"}],\"inLanguage\":\"fr-FR\"},{\"@type\":\"ImageObject\",\"@id\":\"https:\/\/citeelegance.net\/?p=11002#primaryimage\",\"inLanguage\":\"fr-FR\",\"url\":\"https:\/\/citeelegance.net\/wp-content\/uploads\/2024\/12\/IMG-20241230-WA0008.jpg\",\"contentUrl\":\"https:\/\/citeelegance.net\/wp-content\/uploads\/2024\/12\/IMG-20241230-WA0008.jpg\",\"width\":622,\"height\":465},{\"@type\":\"WebPage\",\"@id\":\"https:\/\/citeelegance.net\/?p=11002#webpage\",\"url\":\"https:\/\/citeelegance.net\/?p=11002\",\"name\":\"Handicap au Burkina Faso : La FEBAH plaide pour une meilleure inclusion et application des lois - CITE ELEGANCE\",\"isPartOf\":{\"@id\":\"https:\/\/citeelegance.net\/#website\"},\"primaryImageOfPage\":{\"@id\":\"https:\/\/citeelegance.net\/?p=11002#primaryimage\"},\"datePublished\":\"2024-12-30T22:57:32+00:00\",\"dateModified\":\"2024-12-30T22:57:32+00:00\",\"author\":{\"@id\":\"https:\/\/citeelegance.net\/#\/schema\/person\/981ee78db24e1c4cf407476788535aba\"},\"breadcrumb\":{\"@id\":\"https:\/\/citeelegance.net\/?p=11002#breadcrumb\"},\"inLanguage\":\"fr-FR\",\"potentialAction\":[{\"@type\":\"ReadAction\",\"target\":[\"https:\/\/citeelegance.net\/?p=11002\"]}]},{\"@type\":\"BreadcrumbList\",\"@id\":\"https:\/\/citeelegance.net\/?p=11002#breadcrumb\",\"itemListElement\":[{\"@type\":\"ListItem\",\"position\":1,\"name\":\"Accueil\",\"item\":\"https:\/\/citeelegance.net\/\"},{\"@type\":\"ListItem\",\"position\":2,\"name\":\"Handicap au Burkina Faso : La FEBAH plaide pour une meilleure inclusion et application des lois\"}]},{\"@type\":\"Person\",\"@id\":\"https:\/\/citeelegance.net\/#\/schema\/person\/981ee78db24e1c4cf407476788535aba\",\"name\":\"Ismael KIEKIETA\",\"url\":\"https:\/\/citeelegance.net\/?author=5\"}]}<\/script>\n<!-- \/ Yoast SEO plugin. -->","yoast_head_json":{"title":"Handicap au Burkina Faso : La FEBAH plaide pour une meilleure inclusion et application des lois - CITE ELEGANCE","robots":{"index":"index","follow":"follow","max-snippet":"max-snippet:-1","max-image-preview":"max-image-preview:large","max-video-preview":"max-video-preview:-1"},"canonical":"https:\/\/citeelegance.net\/?p=11002","og_locale":"fr_FR","og_type":"article","og_title":"Handicap au Burkina Faso : La FEBAH plaide pour une meilleure inclusion et application des lois - CITE ELEGANCE","og_description":"Vers une soci\u00e9t\u00e9 plus inclusive, la FEBAH dresse un bilan des droits des personnes handicap\u00e9es. La F\u00e9d\u00e9ration burkinab\u00e8 des associations pour la promotion des personnes handicap\u00e9es (FEBAH) a organis\u00e9, ce lundi 30 d\u00e9cembre 2024, une conf\u00e9rence de presse \u00e0 Ouagadougou pour faire le point sur la mise en \u0153uvre des droits des personnes handicap\u00e9es au [&hellip;]","og_url":"https:\/\/citeelegance.net\/?p=11002","og_site_name":"CITE ELEGANCE","article_published_time":"2024-12-30T22:57:32+00:00","og_image":[{"width":622,"height":465,"url":"https:\/\/citeelegance.net\/wp-content\/uploads\/2024\/12\/IMG-20241230-WA0008.jpg","type":"image\/jpeg"}],"twitter_misc":{"\u00c9crit par":"Ismael KIEKIETA","Dur\u00e9e de lecture estim\u00e9e":"3 minutes"},"schema":{"@context":"https:\/\/schema.org","@graph":[{"@type":"WebSite","@id":"https:\/\/citeelegance.net\/#website","url":"https:\/\/citeelegance.net\/","name":"CITE ELEGANCE","description":"","potentialAction":[{"@type":"SearchAction","target":{"@type":"EntryPoint","urlTemplate":"https:\/\/citeelegance.net\/?s={search_term_string}"},"query-input":"required name=search_term_string"}],"inLanguage":"fr-FR"},{"@type":"ImageObject","@id":"https:\/\/citeelegance.net\/?p=11002#primaryimage","inLanguage":"fr-FR","url":"https:\/\/citeelegance.net\/wp-content\/uploads\/2024\/12\/IMG-20241230-WA0008.jpg","contentUrl":"https:\/\/citeelegance.net\/wp-content\/uploads\/2024\/12\/IMG-20241230-WA0008.jpg","width":622,"height":465},{"@type":"WebPage","@id":"https:\/\/citeelegance.net\/?p=11002#webpage","url":"https:\/\/citeelegance.net\/?p=11002","name":"Handicap au Burkina Faso : La FEBAH plaide pour une meilleure inclusion et application des lois - CITE ELEGANCE","isPartOf":{"@id":"https:\/\/citeelegance.net\/#website"},"primaryImageOfPage":{"@id":"https:\/\/citeelegance.net\/?p=11002#primaryimage"},"datePublished":"2024-12-30T22:57:32+00:00","dateModified":"2024-12-30T22:57:32+00:00","author":{"@id":"https:\/\/citeelegance.net\/#\/schema\/person\/981ee78db24e1c4cf407476788535aba"},"breadcrumb":{"@id":"https:\/\/citeelegance.net\/?p=11002#breadcrumb"},"inLanguage":"fr-FR","potentialAction":[{"@type":"ReadAction","target":["https:\/\/citeelegance.net\/?p=11002"]}]},{"@type":"BreadcrumbList","@id":"https:\/\/citeelegance.net\/?p=11002#breadcrumb","itemListElement":[{"@type":"ListItem","position":1,"name":"Accueil","item":"https:\/\/citeelegance.net\/"},{"@type":"ListItem","position":2,"name":"Handicap au Burkina Faso : La FEBAH plaide pour une meilleure inclusion et application des lois"}]},{"@type":"Person","@id":"https:\/\/citeelegance.net\/#\/schema\/person\/981ee78db24e1c4cf407476788535aba","name":"Ismael KIEKIETA","url":"https:\/\/citeelegance.net\/?author=5"}]}},"_links":{"self":[{"href":"https:\/\/citeelegance.net\/index.php?rest_route=\/wp\/v2\/posts\/11002"}],"collection":[{"href":"https:\/\/citeelegance.net\/index.php?rest_route=\/wp\/v2\/posts"}],"about":[{"href":"https:\/\/citeelegance.net\/index.php?rest_route=\/wp\/v2\/types\/post"}],"author":[{"embeddable":true,"href":"https:\/\/citeelegance.net\/index.php?rest_route=\/wp\/v2\/users\/5"}],"replies":[{"embeddable":true,"href":"https:\/\/citeelegance.net\/index.php?rest_route=%2Fwp%2Fv2%2Fcomments&post=11002"}],"version-history":[{"count":1,"href":"https:\/\/citeelegance.net\/index.php?rest_route=\/wp\/v2\/posts\/11002\/revisions"}],"predecessor-version":[{"id":11008,"href":"https:\/\/citeelegance.net\/index.php?rest_route=\/wp\/v2\/posts\/11002\/revisions\/11008"}],"wp:featuredmedia":[{"embeddable":true,"href":"https:\/\/citeelegance.net\/index.php?rest_route=\/wp\/v2\/media\/11003"}],"wp:attachment":[{"href":"https:\/\/citeelegance.net\/index.php?rest_route=%2Fwp%2Fv2%2Fmedia&parent=11002"}],"wp:term":[{"taxonomy":"category","embeddable":true,"href":"https:\/\/citeelegance.net\/index.php?rest_route=%2Fwp%2Fv2%2Fcategories&post=11002"},{"taxonomy":"post_tag","embeddable":true,"href":"https:\/\/citeelegance.net\/index.php?rest_route=%2Fwp%2Fv2%2Ftags&post=11002"}],"curies":[{"name":"wp","href":"https:\/\/api.w.org\/{rel}","templated":true}]}}