{"id":10981,"date":"2024-12-23T15:58:25","date_gmt":"2024-12-23T15:58:25","guid":{"rendered":"https:\/\/citeelegance.net\/?p=10981"},"modified":"2024-12-23T15:58:38","modified_gmt":"2024-12-23T15:58:38","slug":"ruralite-et-protection-sociale-inspir-burkina-exige-une-meilleure-mise-en-oeuvre-des-engagements-de-letat","status":"publish","type":"post","link":"https:\/\/citeelegance.net\/?p=10981","title":{"rendered":"Ruralit\u00e9 et protection sociale : INSPIR-Burkina exige une meilleure mise en \u0153uvre des engagements de l&#8217;\u00c9tat"},"content":{"rendered":"<p><strong>Le R\u00e9seau International pour le droit \u00e0 la protection sociale au Burkina Faso (INSPIR-Burkina) a organis\u00e9 une conf\u00e9rence de presse ce lundi 23 d\u00e9cembre 2024 \u00e0 Ouagadougou, pour interpeller les autorit\u00e9s concern\u00e9es sur les insuffisances constat\u00e9es dans la mise en \u0153uvre des engagements pris par l&#8217;\u00c9tat envers le monde rural. L&#8217;\u00e9v\u00e9nement a \u00e9galement permis de rappeler les engagements pris lors des Journ\u00e9es Nationales du Paysan de 2019 et 2021, visant \u00e0 am\u00e9liorer les conditions de vie et de travail des acteurs du secteur rural<\/strong>.<\/p>\n<p><strong>La protection sociale : une priorit\u00e9<\/strong><\/p>\n<p><a href=\"https:\/\/citeelegance.net\/wp-content\/uploads\/2024\/12\/IMG-20241223-WA0040.jpg\"><img loading=\"lazy\" decoding=\"async\" class=\"size-medium wp-image-10983 aligncenter\" src=\"https:\/\/citeelegance.net\/wp-content\/uploads\/2024\/12\/IMG-20241223-WA0040-300x224.jpg\" alt=\"\" width=\"300\" height=\"224\" srcset=\"https:\/\/citeelegance.net\/wp-content\/uploads\/2024\/12\/IMG-20241223-WA0040-300x224.jpg 300w, https:\/\/citeelegance.net\/wp-content\/uploads\/2024\/12\/IMG-20241223-WA0040.jpg 622w\" sizes=\"(max-width: 300px) 100vw, 300px\" \/><\/a><\/p>\n<p>Pour <strong>Da Watif, Point Focal d&#8217;INSPIR-Burkina<\/strong>, la protection sociale est d\u00e9sormais une question essentielle qui n\u00e9cessite l&#8217;attention de tous les acteurs concern\u00e9s : gouvernement, soci\u00e9t\u00e9 civile, partenaires sociaux et partenaires techniques et financiers. Selon lui, cette protection sociale doit \u00eatre inclusive et couvrir tous les secteurs et couches sociales, y compris le monde rural, afin de garantir un d\u00e9veloppement \u00e9quitable et durable.<\/p>\n<p><a href=\"https:\/\/citeelegance.net\/wp-content\/uploads\/2024\/12\/IMG-20241223-WA0038.jpg\"><img loading=\"lazy\" decoding=\"async\" class=\"size-medium wp-image-10984 aligncenter\" src=\"https:\/\/citeelegance.net\/wp-content\/uploads\/2024\/12\/IMG-20241223-WA0038-300x224.jpg\" alt=\"\" width=\"300\" height=\"224\" srcset=\"https:\/\/citeelegance.net\/wp-content\/uploads\/2024\/12\/IMG-20241223-WA0038-300x224.jpg 300w, https:\/\/citeelegance.net\/wp-content\/uploads\/2024\/12\/IMG-20241223-WA0038.jpg 622w\" sizes=\"(max-width: 300px) 100vw, 300px\" \/><\/a><\/p>\n<p>INSPIR-Burkina, fond\u00e9 en 2014, a d\u00e9velopp\u00e9 et mis en \u0153uvre des programmes de protection sociale depuis 2017, avec le soutien de partenaires techniques et financiers belges tels que We Social Movements (WSM), la Conf\u00e9d\u00e9ration Syndicale Chr\u00e9tienne (CSC), les Mutualit\u00e9s Chr\u00e9tiennes (MC), le Mouvement pour la Solidarit\u00e9 Internationale (MSI-BIS) et la Coop\u00e9ration Belge. Ces programmes visent \u00e0 \u00e9tendre la couverture de la protection sociale, notamment pour les travailleurs du secteur formel, informel et rural, qui sont des cibles importantes du r\u00e9seau.<\/p>\n<p><a href=\"https:\/\/citeelegance.net\/wp-content\/uploads\/2024\/12\/IMG-20241223-WA0041.jpg\"><img loading=\"lazy\" decoding=\"async\" class=\"size-medium wp-image-10985 aligncenter\" src=\"https:\/\/citeelegance.net\/wp-content\/uploads\/2024\/12\/IMG-20241223-WA0041-300x224.jpg\" alt=\"\" width=\"300\" height=\"224\" srcset=\"https:\/\/citeelegance.net\/wp-content\/uploads\/2024\/12\/IMG-20241223-WA0041-300x224.jpg 300w, https:\/\/citeelegance.net\/wp-content\/uploads\/2024\/12\/IMG-20241223-WA0041.jpg 622w\" sizes=\"(max-width: 300px) 100vw, 300px\" \/><\/a><\/p>\n<p><strong>Les insuffisances dans la mise en \u0153uvre des engagements<\/strong><\/p>\n<p>Bien que des engagements aient \u00e9t\u00e9 pris par l&#8217;\u00c9tat pour favoriser le d\u00e9veloppement \u00e9conomique et social du monde rural, des insuffisances persistent. Le r\u00e9seau INSPIR-Burkina a soulign\u00e9, dans son programme 2022-2026, la n\u00e9cessit\u00e9 de suivre de pr\u00e8s la mise en \u0153uvre de ces engagements. En particulier, l&#8217;\u00c9tat burkinab\u00e9 a pris des engagements lors des Journ\u00e9es Nationales du Paysan en 2019 et en 2021 pour am\u00e9liorer la condition de vie des paysans et stimuler la productivit\u00e9 agricole. Cependant, des lacunes demeurent, notamment dans l&#8217;allocation des ressources.<\/p>\n<p><a href=\"https:\/\/citeelegance.net\/wp-content\/uploads\/2024\/12\/IMG-20241223-WA0039.jpg\"><img loading=\"lazy\" decoding=\"async\" class=\"size-medium wp-image-10986 aligncenter\" src=\"https:\/\/citeelegance.net\/wp-content\/uploads\/2024\/12\/IMG-20241223-WA0039-300x169.jpg\" alt=\"\" width=\"300\" height=\"169\" srcset=\"https:\/\/citeelegance.net\/wp-content\/uploads\/2024\/12\/IMG-20241223-WA0039-300x169.jpg 300w, https:\/\/citeelegance.net\/wp-content\/uploads\/2024\/12\/IMG-20241223-WA0039-768x432.jpg 768w, https:\/\/citeelegance.net\/wp-content\/uploads\/2024\/12\/IMG-20241223-WA0039.jpg 827w\" sizes=\"(max-width: 300px) 100vw, 300px\" \/><\/a><\/p>\n<p>Par exemple, l&#8217;allocation des d\u00e9penses agricoles dans le budget public a diminu\u00e9, passant de 9,8% en moyenne sur la p\u00e9riode 2016-2020 \u00e0 8,5% en 2021, puis \u00e0 6,3% en 2023. Ces r\u00e9ductions impactent directement les initiatives de soutien \u00e0 l&#8217;agriculture et \u00e0 l&#8217;\u00e9levage, des secteurs cruciaux pour le d\u00e9veloppement du Burkina Faso.<\/p>\n<p>Des appels \u00e0 l&#8217;action<\/p>\n<p>Lors de la conf\u00e9rence de presse, M. Dah a rappel\u00e9 l&#8217;engagement de l&#8217;\u00c9tat \u00e0 allouer au moins 10% des ressources publiques \u00e0 l&#8217;agriculture, et \u00e0 consacrer 30% de ce budget \u00e0 l&#8217;\u00e9levage, conform\u00e9ment aux engagements de Malabo de 2014, dans le cadre du Programme d\u00e9taill\u00e9 pour le d\u00e9veloppement de l&#8217;agriculture africaine (PDDAA). INSPIR-Burkina a ainsi interpell\u00e9 l&#8217;\u00c9tat sur l&#8217;importance de respecter ces engagements pour garantir un avenir prosp\u00e8re au secteur rural.<\/p>\n<p><strong>Les initiatives d&#8217;INSPIR-Burkina pour le monde rural<\/strong><\/p>\n<p><a href=\"https:\/\/citeelegance.net\/wp-content\/uploads\/2024\/12\/IMG-20241223-WA0037.jpg\"><img loading=\"lazy\" decoding=\"async\" class=\"size-medium wp-image-10987 aligncenter\" src=\"https:\/\/citeelegance.net\/wp-content\/uploads\/2024\/12\/IMG-20241223-WA0037-300x224.jpg\" alt=\"\" width=\"300\" height=\"224\" srcset=\"https:\/\/citeelegance.net\/wp-content\/uploads\/2024\/12\/IMG-20241223-WA0037-300x224.jpg 300w, https:\/\/citeelegance.net\/wp-content\/uploads\/2024\/12\/IMG-20241223-WA0037.jpg 622w\" sizes=\"(max-width: 300px) 100vw, 300px\" \/><\/a><\/p>\n<p><strong>Selon Sor\u00e9 Djamila, membre du r\u00e9seau, INSPIR-Burkina<\/strong> s&#8217;efforce d&#8217;am\u00e9liorer les conditions de vie du monde rural en mettant en place des actions concr\u00e8tes, telles que l&#8217;octroi de microfinances aux acteurs ruraux. Le r\u00e9seau se positionne comme un acteur cl\u00e9 de la protection sociale, avec un objectif de plaidoyer pour un meilleur soutien aux travailleurs du monde rural.<\/p>\n<p><a href=\"https:\/\/citeelegance.net\/wp-content\/uploads\/2024\/12\/IMG-20241223-WA0039.jpg\"><img loading=\"lazy\" decoding=\"async\" class=\"size-medium wp-image-10986 aligncenter\" src=\"https:\/\/citeelegance.net\/wp-content\/uploads\/2024\/12\/IMG-20241223-WA0039-300x169.jpg\" alt=\"\" width=\"300\" height=\"169\" srcset=\"https:\/\/citeelegance.net\/wp-content\/uploads\/2024\/12\/IMG-20241223-WA0039-300x169.jpg 300w, https:\/\/citeelegance.net\/wp-content\/uploads\/2024\/12\/IMG-20241223-WA0039-768x432.jpg 768w, https:\/\/citeelegance.net\/wp-content\/uploads\/2024\/12\/IMG-20241223-WA0039.jpg 827w\" sizes=\"(max-width: 300px) 100vw, 300px\" \/><\/a><\/p>\n<p>Le secteur rural reste le principal moteur de l&#8217;\u00e9conomie burkinab\u00e9, employant 86% de la population (selon le RGPH 2006) et contribuant \u00e0 45% des revenus des m\u00e9nages agricoles. Des mesures ont \u00e9t\u00e9 prises pour am\u00e9liorer la productivit\u00e9 agricole, notamment par la cr\u00e9ation d&#8217;espaces pour l&#8217;agriculture, l&#8217;am\u00e9nagement du foncier et la r\u00e9alisation de comptoirs d&#8217;achat dans les zones agricoles. Cependant, des lacunes demeurent dans la mise en \u0153uvre de certaines de ces mesures, notamment en ce qui concerne le financement du secteur agricole.<\/p>\n<p>L&#8217;objectif de cette conf\u00e9rence de presse \u00e9tait de mettre en lumi\u00e8re les insuffisances dans l&#8217;ex\u00e9cution des engagements pris par l&#8217;\u00c9tat envers le monde rural, et d&#8217;appeler \u00e0 une r\u00e9vision de ces politiques pour mieux r\u00e9pondre aux attentes des acteurs du secteur. INSPIR-Burkina continue de plaider pour des actions concr\u00e8tes en faveur de l&#8217;am\u00e9lioration de la couverture sociale et du d\u00e9veloppement durable du monde rural au Burkina Faso.<\/p>\n<p><strong>Isma\u00ebl Kiekieta \u270d\ud83c\udffc<\/strong><\/p>\n<aside class=\"mashsb-container mashsb-main mashsb-stretched\"><div class=\"mashsb-box\"><div class=\"mashsb-buttons\"><a class=\"mashicon-facebook mash-small mash-center mashsb-noshadow\" href=\"https:\/\/www.facebook.com\/sharer.php?u=https%3A%2F%2Fciteelegance.net%2F%3Fp%3D10981\" target=\"_top\" rel=\"nofollow\"><span class=\"icon\"><\/span><span class=\"text\">Partagez<\/span><\/a><a class=\"mashicon-twitter mash-small mash-center mashsb-noshadow\" href=\"https:\/\/twitter.com\/intent\/tweet?text=&url=https:\/\/citeelegance.net\/?p=10981\" target=\"_top\" rel=\"nofollow\"><span class=\"icon\"><\/span><span class=\"text\">Tweet<\/span><\/a><div class=\"onoffswitch2 mash-small mashsb-noshadow\" style=\"display:none;\"><\/div><\/div>\n            <\/div>\n                <div style=\"clear:both;\"><\/div><\/aside>\n            <!-- Share buttons by mashshare.net - Version: 3.8.0--><div class=\"pdf24Plugin-cp\"> \t<form name=\"pdf24Form0\" method=\"post\" action=\"https:\/\/doc2pdf.pdf24.org\/wordpress.php\" target=\"pdf24PopWin\" onsubmit=\"var pdf24Win = window.open('about:blank', 'pdf24PopWin', 'resizable=yes,scrollbars=yes,width=600,height=250,left='+(screen.width\/2-300)+',top='+(screen.height\/3-125)+''); pdf24Win.focus(); if(typeof pdf24OnCreatePDF === 'function'){void(pdf24OnCreatePDF(this,pdf24Win));}\"> \t\t<input type=\"hidden\" name=\"blogCharset\" value=\"Cw1x07UAAA==\" \/><input type=\"hidden\" name=\"blogPosts\" value=\"MwQA\" \/><input type=\"hidden\" name=\"blogUrl\" value=\"yygpKSi20tdPzixJTc1JTU\/MS07Vy0stAQA=\" \/><input type=\"hidden\" name=\"blogName\" value=\"c\/YMcVVw9XF1d\/RzdgUA\" \/><input type=\"hidden\" name=\"blogValueEncoding\" value=\"gzdeflate base64\" \/><input type=\"hidden\" name=\"postId_0\" value=\"MzSwtDAEAA==\" \/><input type=\"hidden\" name=\"postTitle_0\" value=\"DccxCsJAEAXQq3wQ7Cy0UWJnl0YkOcESP8vgZlZ2Z4JXsPYUniN4L7d7b\/ASktj6BQ3Pko2TSVbUPElIRIf+Ot76YXfx8hAN4Esi4UrMlJTopUkqQcXv40vrnbUthsiZarUdabs5HfbH8\/q2YH8=\" \/><input type=\"hidden\" name=\"postLink_0\" value=\"yygpKSi20tdPzixJTc1JTU\/MS07Vy0st0bcvsDU0sLQwBAA=\" \/><input type=\"hidden\" name=\"postAuthor_0\" value=\"8yzOTUzNUfD2dAWiEEcA\" \/><input type=\"hidden\" name=\"postDateTime_0\" value=\"MzIwMtE1NNI1MlYwNLUyNLIyMgUA\" \/><input type=\"hidden\" name=\"postContent_0\" value=\"7VnLbhvJFd3PV1QYaGABfFPWwyPasK14osSaCFYQL4Nis0iWXd3VUw9K8h\/MYpBFtgGS5TD5heyI\/Ei+IJ+Qc6u6W2yKgp0ZMt6MYdjN6uq6j7733HNvn+ZPT60zOps+fS3Ym+XCCu7ZeeaEybiTOuOK5dobpgQbGy0dW\/6NKc5yo51IaAOzOpEct\/HcC2\/ey4yzV9xq9uj8m6vL8zetYnGfcabNlGfSLhfMZ4IlOpssF0ZkCc4WOFJYi1XBlM\/GkvUHbLxcJCIdGcH63f4Bif6d51M+1n6qfTMqJknXXCglSEkLNZw20sESEpDAjuUCy9bH2zKzfjKRluNW2GEdd2HHmGeWTEsltBAZ+9ef\/dyQZha\/pnwqUpE5CzUl\/uE47ctfHvd7R18tv8MJ2DIXxpKbUp3BGuMNV232uty0mC8XWTgCflgupvBY+JELA4Fkv+E5zCisuCdRaWODLr+B0dGkb4oXRLp7dslvYRQd1O\/2Tphw5LNek83J1vDaeLpcKKlNIQK2jyWdEKTPpaBncOUMn3OpgjCeOOFNON+KcB0NO+0UQdM+7eRPvzhdiaKNsfEkvHAYEl9N9Xj1NGczIybDxsy53D7pdBLpBJwxpdfUzoTrXOctKOzgkI7PleZj26GY6PT6nfOLr1t03ev3B623z7vdg277XT5tPD2V6ZTRXplNhw3FP9w2YFWi429ub7OkwRLFrR02rPwgWqkYS58yyJIp3N\/qdU+OB4wrOYUaFGcNZk2yNS1bg273pt8\/CNpCjBs2Guxajt1s2MCtBpsJOZ1hFXuCZCvcToQzXF832Radzw77\/WvoDK\/CuY9SftMKhj0hUfnNPut1u3OIDL8arINI4FU0XFJelwF1xtlbBPqkyS41cp290gkwaVzkVR1jqrhqPoBRwjoCFatNypFUFJTfeizSHkKfzElCEixKlhH4WAtfVKnOHfmANlOeaG8j4hRJUsGNRbwDoAAIMeObQf5ygchniZxLJZqEIDiLS0PYRNr5G8q\/1WUoP8sk6Ud3JrAvSyRAps2uhIIOyssm4BI6bTJ1HMD67w4QJrNEeSvnIcMTKGakuVO\/SGxb3ExmpUa42WS3WEsjAtWgrck4NCI\/TLkBwOBEn5Fv59ANQBbAbbmAIx0fqYgteA6X7d0k\/eB4i0l\/sKukHxx\/xqSvC99m0kfn\/6Skr2dyk00Qa8gXFGLUswOE211w0bKjOr1WppEFU8PTVNjIJ+7nhMg9nsKBRzhwLhIKaqs9sj6E8qdkHxsJNQ33lSXwYG8Fuwrnsws9L0r2o7dXF\/sBhF4GkgPVTajW7OoWVTchZV7ODCABkgFCj15evaT9OPfCO4\/gCwRmZQvOvIhbIMbPC\/IQmBmHfCXHPJTWOnfDyRdX560X51f7ZEXQR+eVMi\/IlDZ7WfcdGIOIjAHCRTaGd\/FgEgDN+eDrzfDaZJl2dEalGvkp0gm1ziMmwGABGJFZvCL9CmQh9LUIvfBSEzkKvC3NtXEAmsh2TGSqO8KSg94WseTxzghE73MSiN7OCETvJ2PJXUuzTvg\/jeTf46cvCCAo2de7AS5jnaPMe6AzCJkw4XNQXytiI7VeJeEbnRLWUBLEZKIgr5Xb8T1b0DpYacmp6DNEmRKsDqTATQAcBeBy0YzmI7Xu0p26hD69gMMAVxXpgT2Qbb2M7sEDyx82e44ldZ+02a+ygKQygVxhmmv+GEXFRpDAo8\/WnfqpvU6sDaHXCZf9XnT2aqPD7\/qcss0JpSKcEKAd7C\/1Ku6FW8YemDYPDuBTIxOtAkLmAEJOVI6eVjzxWagyKaAsMLw75IshVjJGpcBXC+mWUYsLDeGxXbGgky0i1+HOWNBJAI\/e4clHkQt7ts2CasK3yoJOWkeHxzcHg344GdfbOzmceNw\/+vFNFYBJ3Ig0pzr9QHgCmBDnlnqaIvRLxBRI2\/GUGhQ\/UjIhNiZTmXkClRxRxEO1ZifN4z3KxVTfBl5jIz8hxiF1HE0ckmVdYhfHzcd7ZeLiFGJmWD1sDsrVQaQmALaQlDSpAA2gdoukgaXhKqRcHOwgyWHKPLK\/ktXRuKo0lmzyKlAY4VbvAC7EHFEfs7tqiBLjY2NWTcDqwD2uT7yqlD4jB9Iwx9bEBxPKPa8jxhUAdX8O1mQXbXbGZ\/B0HAwBj8qT7rAynFBDV5rz4KV64BmnCoKSgbDYW0Of+BoDud3soGbhIRqQ8YSQdBAOofFcEQkb\/Ue2gM4tF3HSRU3tCrDj+Quu+EgXY6qDZhVeCSeeSdheVSZ42xFzpNL6wAsQG18un+CaS+LVl2dnz5\/vt+8XRdy28m54uOLd6McQucVKyT3j+4EXc4oQs174opar7TBajAxXqCo2X\/5gwoy0Nkdrb2YsK5G8cc5R+WOFIex4pjY42mJhOdpZYTn6nO310c7a66OtUeI4OrrSAFV29o6nUqHXTuOQ\/a6varIHBmvMlhg0QZ5TQpT597Hhcp3PhiIhHDV0dJmDUYly4hyeomEaKKejGZSjmVxstsuU1An0kXR2KhOjY3sepv831TyOBPmbGjcGdc21DYqFDxAEM5SnMSUTFVnvA81tGBhgtx69o1uTANaKyzGKnYkp6cmq2OxWFYhUWm+CV78R\/EwEfyaC\/08iiHSo1SAqaDTjDt9nskTmWEp1uL\/KLoomVaz0byAJoJP6lpL4+HCvTB2dexU55SMbB9WCvfn68teo+N3D\/ThmzpyRI198mDp4XPIT1EsfWz\/AScanq0wUdIjWBSoz\/te1tlvYTZ3f5m6uNqXisUUEPhQsuIQ3C55ZnrqRH6kV4MsqOuZpbklzwmLcRgcrNOxl\/0nDdKeluavsPJnxsmmEwA86qxv9sdbz4ZEG+AlYi4y7A1kpnLfqATyQxO8dxeeLEAkFnpY2lfFSNcRVLJVwvAKJ8YvE5o+7gdEF3kbgb4K+yqcykCP1wLSmfCU3iEFf9So\/9ptsYLaV84tPrghC+haEtzWXtnxV4fUrFIvAk0MkIP6B5tiW6zAXDeUmfBQS9oEPpve4JwU\/OidRlY+yeGwuf+SiCUpPPR3LQK8Cqz6hrb53hdd3r20J32HWKzJ\/oJspmcO5TfnyH4r9Vor3UjjO\/v2X7\/\/z1z\/9c414civJebGipNzO7CjAGwUiHBgXUvwqr\/G0cMlMjFGsxnK+9uhI32xe987BUQ0qmyt3EJ5Za4LUHWn9PkhoQW2l4mUsYKXgTNsZH2sAab3uXl9ft8sj2kjYDrYBUdr5LH\/mh2HX3uD5Xv8V\/q6DOa0OXuV7gzOqm70Gc9xMqWL90em8AYRTw0amJxot2jV0B8pkpfqkOpY6tFa\/48SNa1AD7xDxH8odBOn3bXfX0pU2\/u+mF08Hq2UsSe5aCPeMVBh+6Y0aPljGnuXDrdv8exK+avBKIKAcTSYWCiez\/rq5NROtu1Vi2BhLi3S7fZIBYb8ioTir+PcLtvJnw1JYJtHFUYkS3DwZaTdbOSgE\/tpRv2i12BVFDyvilY1uo4K0SG5jLfYHmuPqDMW7fdzutlpP\/ws=\" \/> \t\t<a href=\"https:\/\/www.pdf24.org\" target=\"_blank\" title=\"www.pdf24.org\" rel=\"nofollow\"><img src=\"https:\/\/citeelegance.net\/wp-content\/plugins\/pdf24-posts-to-pdf\/img\/pdf_32x32.png\" alt=\"\" border=\"0\" height=\"32\" \/><\/a> \t\t<span class=\"pdf24Plugin-cp-space\">&nbsp;&nbsp;<\/span> \t\t<span class=\"pdf24Plugin-cp-text\">Send article as PDF<\/span> \t\t<span class=\"pdf24Plugin-cp-space\">&nbsp;&nbsp;<\/span> \t\t<input class=\"pdf24Plugin-cp-input\" style=\"margin: 0px;\" type=\"text\" name=\"sendEmailTo\" placeholder=\"Enter email address\" \/> \t\t<input class=\"pdf24Plugin-cp-submit\" style=\"margin: 0px;\" type=\"submit\" value=\"Send\" \/> \t<\/form> <\/div>","protected":false},"excerpt":{"rendered":"<p>Le R\u00e9seau International pour le droit \u00e0 la protection sociale au Burkina Faso (INSPIR-Burkina) a organis\u00e9 une conf\u00e9rence de presse ce lundi 23 d\u00e9cembre 2024 \u00e0 Ouagadougou, pour interpeller les autorit\u00e9s concern\u00e9es sur les insuffisances constat\u00e9es dans la mise en \u0153uvre des engagements pris par l&#8217;\u00c9tat envers le monde rural. L&#8217;\u00e9v\u00e9nement a \u00e9galement permis de [&hellip;]<\/p>\n","protected":false},"author":5,"featured_media":10982,"comment_status":"open","ping_status":"closed","sticky":false,"template":"","format":"standard","meta":{"footnotes":""},"categories":[2,16],"tags":[710,709],"yoast_head":"<!-- This site is optimized with the Yoast SEO plugin v18.1 - https:\/\/yoast.com\/wordpress\/plugins\/seo\/ -->\n<title>Ruralit\u00e9 et protection sociale : INSPIR-Burkina exige une meilleure mise en \u0153uvre des engagements de l&#039;\u00c9tat - CITE ELEGANCE<\/title>\n<meta name=\"robots\" content=\"index, follow, max-snippet:-1, max-image-preview:large, max-video-preview:-1\" \/>\n<link rel=\"canonical\" href=\"https:\/\/citeelegance.net\/?p=10981\" \/>\n<meta property=\"og:locale\" content=\"fr_FR\" \/>\n<meta property=\"og:type\" content=\"article\" \/>\n<meta property=\"og:title\" content=\"Ruralit\u00e9 et protection sociale : INSPIR-Burkina exige une meilleure mise en \u0153uvre des engagements de l&#039;\u00c9tat - CITE ELEGANCE\" \/>\n<meta property=\"og:description\" content=\"Le R\u00e9seau International pour le droit \u00e0 la protection sociale au Burkina Faso (INSPIR-Burkina) a organis\u00e9 une conf\u00e9rence de presse ce lundi 23 d\u00e9cembre 2024 \u00e0 Ouagadougou, pour interpeller les autorit\u00e9s concern\u00e9es sur les insuffisances constat\u00e9es dans la mise en \u0153uvre des engagements pris par l&#8217;\u00c9tat envers le monde rural. L&#8217;\u00e9v\u00e9nement a \u00e9galement permis de [&hellip;]\" \/>\n<meta property=\"og:url\" content=\"https:\/\/citeelegance.net\/?p=10981\" \/>\n<meta property=\"og:site_name\" content=\"CITE ELEGANCE\" \/>\n<meta property=\"article:published_time\" content=\"2024-12-23T15:58:25+00:00\" \/>\n<meta property=\"article:modified_time\" content=\"2024-12-23T15:58:38+00:00\" \/>\n<meta property=\"og:image\" content=\"https:\/\/citeelegance.net\/wp-content\/uploads\/2024\/12\/IMG-20241223-WA0036.jpg\" \/>\n\t<meta property=\"og:image:width\" content=\"791\" \/>\n\t<meta property=\"og:image:height\" content=\"465\" \/>\n\t<meta property=\"og:image:type\" content=\"image\/jpeg\" \/>\n<meta name=\"twitter:label1\" content=\"\u00c9crit par\" \/>\n\t<meta name=\"twitter:data1\" content=\"Ismael KIEKIETA\" \/>\n\t<meta name=\"twitter:label2\" content=\"Dur\u00e9e de lecture estim\u00e9e\" \/>\n\t<meta name=\"twitter:data2\" content=\"3 minutes\" \/>\n<script type=\"application\/ld+json\" class=\"yoast-schema-graph\">{\"@context\":\"https:\/\/schema.org\",\"@graph\":[{\"@type\":\"WebSite\",\"@id\":\"https:\/\/citeelegance.net\/#website\",\"url\":\"https:\/\/citeelegance.net\/\",\"name\":\"CITE ELEGANCE\",\"description\":\"\",\"potentialAction\":[{\"@type\":\"SearchAction\",\"target\":{\"@type\":\"EntryPoint\",\"urlTemplate\":\"https:\/\/citeelegance.net\/?s={search_term_string}\"},\"query-input\":\"required name=search_term_string\"}],\"inLanguage\":\"fr-FR\"},{\"@type\":\"ImageObject\",\"@id\":\"https:\/\/citeelegance.net\/?p=10981#primaryimage\",\"inLanguage\":\"fr-FR\",\"url\":\"https:\/\/citeelegance.net\/wp-content\/uploads\/2024\/12\/IMG-20241223-WA0036.jpg\",\"contentUrl\":\"https:\/\/citeelegance.net\/wp-content\/uploads\/2024\/12\/IMG-20241223-WA0036.jpg\",\"width\":791,\"height\":465},{\"@type\":\"WebPage\",\"@id\":\"https:\/\/citeelegance.net\/?p=10981#webpage\",\"url\":\"https:\/\/citeelegance.net\/?p=10981\",\"name\":\"Ruralit\u00e9 et protection sociale : INSPIR-Burkina exige une meilleure mise en \u0153uvre des engagements de l'\u00c9tat - CITE ELEGANCE\",\"isPartOf\":{\"@id\":\"https:\/\/citeelegance.net\/#website\"},\"primaryImageOfPage\":{\"@id\":\"https:\/\/citeelegance.net\/?p=10981#primaryimage\"},\"datePublished\":\"2024-12-23T15:58:25+00:00\",\"dateModified\":\"2024-12-23T15:58:38+00:00\",\"author\":{\"@id\":\"https:\/\/citeelegance.net\/#\/schema\/person\/981ee78db24e1c4cf407476788535aba\"},\"breadcrumb\":{\"@id\":\"https:\/\/citeelegance.net\/?p=10981#breadcrumb\"},\"inLanguage\":\"fr-FR\",\"potentialAction\":[{\"@type\":\"ReadAction\",\"target\":[\"https:\/\/citeelegance.net\/?p=10981\"]}]},{\"@type\":\"BreadcrumbList\",\"@id\":\"https:\/\/citeelegance.net\/?p=10981#breadcrumb\",\"itemListElement\":[{\"@type\":\"ListItem\",\"position\":1,\"name\":\"Accueil\",\"item\":\"https:\/\/citeelegance.net\/\"},{\"@type\":\"ListItem\",\"position\":2,\"name\":\"Ruralit\u00e9 et protection sociale : INSPIR-Burkina exige une meilleure mise en \u0153uvre des engagements de l&#8217;\u00c9tat\"}]},{\"@type\":\"Person\",\"@id\":\"https:\/\/citeelegance.net\/#\/schema\/person\/981ee78db24e1c4cf407476788535aba\",\"name\":\"Ismael KIEKIETA\",\"url\":\"https:\/\/citeelegance.net\/?author=5\"}]}<\/script>\n<!-- \/ Yoast SEO plugin. -->","yoast_head_json":{"title":"Ruralit\u00e9 et protection sociale : INSPIR-Burkina exige une meilleure mise en \u0153uvre des engagements de l'\u00c9tat - CITE ELEGANCE","robots":{"index":"index","follow":"follow","max-snippet":"max-snippet:-1","max-image-preview":"max-image-preview:large","max-video-preview":"max-video-preview:-1"},"canonical":"https:\/\/citeelegance.net\/?p=10981","og_locale":"fr_FR","og_type":"article","og_title":"Ruralit\u00e9 et protection sociale : INSPIR-Burkina exige une meilleure mise en \u0153uvre des engagements de l'\u00c9tat - CITE ELEGANCE","og_description":"Le R\u00e9seau International pour le droit \u00e0 la protection sociale au Burkina Faso (INSPIR-Burkina) a organis\u00e9 une conf\u00e9rence de presse ce lundi 23 d\u00e9cembre 2024 \u00e0 Ouagadougou, pour interpeller les autorit\u00e9s concern\u00e9es sur les insuffisances constat\u00e9es dans la mise en \u0153uvre des engagements pris par l&#8217;\u00c9tat envers le monde rural. L&#8217;\u00e9v\u00e9nement a \u00e9galement permis de [&hellip;]","og_url":"https:\/\/citeelegance.net\/?p=10981","og_site_name":"CITE ELEGANCE","article_published_time":"2024-12-23T15:58:25+00:00","article_modified_time":"2024-12-23T15:58:38+00:00","og_image":[{"width":791,"height":465,"url":"https:\/\/citeelegance.net\/wp-content\/uploads\/2024\/12\/IMG-20241223-WA0036.jpg","type":"image\/jpeg"}],"twitter_misc":{"\u00c9crit par":"Ismael KIEKIETA","Dur\u00e9e de lecture estim\u00e9e":"3 minutes"},"schema":{"@context":"https:\/\/schema.org","@graph":[{"@type":"WebSite","@id":"https:\/\/citeelegance.net\/#website","url":"https:\/\/citeelegance.net\/","name":"CITE ELEGANCE","description":"","potentialAction":[{"@type":"SearchAction","target":{"@type":"EntryPoint","urlTemplate":"https:\/\/citeelegance.net\/?s={search_term_string}"},"query-input":"required name=search_term_string"}],"inLanguage":"fr-FR"},{"@type":"ImageObject","@id":"https:\/\/citeelegance.net\/?p=10981#primaryimage","inLanguage":"fr-FR","url":"https:\/\/citeelegance.net\/wp-content\/uploads\/2024\/12\/IMG-20241223-WA0036.jpg","contentUrl":"https:\/\/citeelegance.net\/wp-content\/uploads\/2024\/12\/IMG-20241223-WA0036.jpg","width":791,"height":465},{"@type":"WebPage","@id":"https:\/\/citeelegance.net\/?p=10981#webpage","url":"https:\/\/citeelegance.net\/?p=10981","name":"Ruralit\u00e9 et protection sociale : INSPIR-Burkina exige une meilleure mise en \u0153uvre des engagements de l'\u00c9tat - CITE ELEGANCE","isPartOf":{"@id":"https:\/\/citeelegance.net\/#website"},"primaryImageOfPage":{"@id":"https:\/\/citeelegance.net\/?p=10981#primaryimage"},"datePublished":"2024-12-23T15:58:25+00:00","dateModified":"2024-12-23T15:58:38+00:00","author":{"@id":"https:\/\/citeelegance.net\/#\/schema\/person\/981ee78db24e1c4cf407476788535aba"},"breadcrumb":{"@id":"https:\/\/citeelegance.net\/?p=10981#breadcrumb"},"inLanguage":"fr-FR","potentialAction":[{"@type":"ReadAction","target":["https:\/\/citeelegance.net\/?p=10981"]}]},{"@type":"BreadcrumbList","@id":"https:\/\/citeelegance.net\/?p=10981#breadcrumb","itemListElement":[{"@type":"ListItem","position":1,"name":"Accueil","item":"https:\/\/citeelegance.net\/"},{"@type":"ListItem","position":2,"name":"Ruralit\u00e9 et protection sociale : INSPIR-Burkina exige une meilleure mise en \u0153uvre des engagements de l&#8217;\u00c9tat"}]},{"@type":"Person","@id":"https:\/\/citeelegance.net\/#\/schema\/person\/981ee78db24e1c4cf407476788535aba","name":"Ismael KIEKIETA","url":"https:\/\/citeelegance.net\/?author=5"}]}},"_links":{"self":[{"href":"https:\/\/citeelegance.net\/index.php?rest_route=\/wp\/v2\/posts\/10981"}],"collection":[{"href":"https:\/\/citeelegance.net\/index.php?rest_route=\/wp\/v2\/posts"}],"about":[{"href":"https:\/\/citeelegance.net\/index.php?rest_route=\/wp\/v2\/types\/post"}],"author":[{"embeddable":true,"href":"https:\/\/citeelegance.net\/index.php?rest_route=\/wp\/v2\/users\/5"}],"replies":[{"embeddable":true,"href":"https:\/\/citeelegance.net\/index.php?rest_route=%2Fwp%2Fv2%2Fcomments&post=10981"}],"version-history":[{"count":1,"href":"https:\/\/citeelegance.net\/index.php?rest_route=\/wp\/v2\/posts\/10981\/revisions"}],"predecessor-version":[{"id":10988,"href":"https:\/\/citeelegance.net\/index.php?rest_route=\/wp\/v2\/posts\/10981\/revisions\/10988"}],"wp:featuredmedia":[{"embeddable":true,"href":"https:\/\/citeelegance.net\/index.php?rest_route=\/wp\/v2\/media\/10982"}],"wp:attachment":[{"href":"https:\/\/citeelegance.net\/index.php?rest_route=%2Fwp%2Fv2%2Fmedia&parent=10981"}],"wp:term":[{"taxonomy":"category","embeddable":true,"href":"https:\/\/citeelegance.net\/index.php?rest_route=%2Fwp%2Fv2%2Fcategories&post=10981"},{"taxonomy":"post_tag","embeddable":true,"href":"https:\/\/citeelegance.net\/index.php?rest_route=%2Fwp%2Fv2%2Ftags&post=10981"}],"curies":[{"name":"wp","href":"https:\/\/api.w.org\/{rel}","templated":true}]}}