{"id":10937,"date":"2024-11-22T13:21:05","date_gmt":"2024-11-22T13:21:05","guid":{"rendered":"https:\/\/citeelegance.net\/?p=10937"},"modified":"2024-11-22T13:21:23","modified_gmt":"2024-11-22T13:21:23","slug":"125-ans-devangelisation-au-burkina-faso-un-nouveau-souffle-pour-leglise-famille-de-dieu","status":"publish","type":"post","link":"https:\/\/citeelegance.net\/?p=10937","title":{"rendered":"125 ans d\u2019\u00c9vang\u00e9lisation au Burkina Faso : Un Nouveau Souffle pour l\u2019\u00c9glise Famille de Dieu"},"content":{"rendered":"<p><strong>C\u00e9l\u00e9bration des 125 ans d\u2019\u00c9vang\u00e9lisation du Burkina Faso : Un Nouveau Souffle pour l\u2019\u00c9glise Famille de Dieu<\/strong><\/p>\n<p><strong>Le Comit\u00e9 de Pilotage du Jubil\u00e9 des 125 ans d\u2019\u00e9vang\u00e9lisation du Burkina Faso, en collaboration avec la Conf\u00e9rence \u00c9piscopale Burkina-Niger, a organis\u00e9 une conf\u00e9rence de presse ce vendredi 22 novembre 2024 \u00e0 Ouagadougou. \u00c0 cette occasion, les responsables ont annonc\u00e9 officiellement la c\u00e9l\u00e9bration de cet \u00e9v\u00e9nement majeur pour l\u2019\u00c9glise catholique du pays.<\/strong><\/p>\n<p>Sous le th\u00e8me \u00ab L&#8217;\u00c9glise Famille de Dieu au Burkina Faso : 125 ans d&#8217;\u00e9vang\u00e9lisation, bilan des options pastorales et perspectives pour un nouveau d\u00e9part \u00bb, cette c\u00e9l\u00e9bration s\u2019annonce comme un moment de r\u00e9flexion, de gratitude et de renouvellement pour l&#8217;\u00c9glise catholique burkinab\u00e8.<\/p>\n<p>Depuis le 22 janvier 2023, l&#8217;\u00c9glise Famille de Dieu du Burkina Faso a entam\u00e9 les festivit\u00e9s du jubil\u00e9 dans les dioc\u00e8ses du pays. En effet, le 22 janvier 1900, les P\u00e8res Blancs sont arriv\u00e9s \u00e0 Koup\u00e9la, marquant ainsi le d\u00e9but de l\u2019\u00e9vang\u00e9lisation au Burkina Faso. En 2025, ce sera donc le 125e anniversaire de cet \u00e9v\u00e9nement fondateur, dont l\u2019annonce a \u00e9t\u00e9 faite dans les dioc\u00e8ses lors de la f\u00eate de No\u00ebl 2022.<\/p>\n<p>L&#8217;\u00c9glise Famille a d\u00e9fini un th\u00e8me central pour guider toute la c\u00e9l\u00e9bration : \u00ab L&#8217;\u00c9glise Famille de Dieu au Burkina Faso : 125 ans d\u2019\u00e9vang\u00e9lisation, bilan des options pastorales et perspectives pour un nouveau d\u00e9part \u00bb. C\u2019est autour de ce th\u00e8me que l&#8217;\u00c9glise m\u00e8ne diverses activit\u00e9s depuis l\u2019ouverture officielle du jubil\u00e9.<\/p>\n<p>Selon <strong>Monseigneur Laurent Dabir\u00e9, Pr\u00e9sident de la Conf\u00e9rence \u00c9piscopale Burkina-Niger<\/strong>, les d\u00e9fis de l&#8217;\u00c9glise sont contextuels. \u00ab <em>Il y a l&#8217;ins\u00e9curit\u00e9, la situation des personnes d\u00e9plac\u00e9es internes (PDI), la pr\u00e9carit\u00e9, la perte de vies humaines. Ce sont des d\u00e9fis auxquels l&#8217;\u00c9glise est confront\u00e9e. Les joies et les peines des citoyens sont aussi les joies et les peines de l&#8217;\u00c9glise. \u00c0 cause du contexte s\u00e9curitaire difficile, certaines paroisses ont d\u00fb fermer leurs portes. Ce sont des pr\u00e9occupations majeures pour l&#8217;\u00c9glise. Comment annoncer la Bonne Nouvelle dans ces conditions de s\u00e9curit\u00e9 difficiles ? C&#8217;est une question essentielle pour l&#8217;\u00c9glise. L&#8217;\u00e9ducation de la jeunesse est \u00e9galement une grande priorit\u00e9 pour l&#8217;\u00c9glise, car la jeunesse repr\u00e9sente l&#8217;avenir. Foi et culture constituent un vaste chantier pour l&#8217;\u00c9glise<\/em> \u00bb, a confi\u00e9 <strong>Monseigneur Laurent Dabir\u00e9<\/strong>.<\/p>\n<p>Cet \u00e9v\u00e9nement se d\u00e9roule dans un contexte particuli\u00e8rement difficile, marqu\u00e9 par une crise s\u00e9curitaire et humanitaire qui touche profond\u00e9ment le pays et ses communaut\u00e9s. Cependant, malgr\u00e9 ces \u00e9preuves, l\u2019engagement de l&#8217;\u00c9glise Famille de Dieu demeure intact. L\u2019objectif de ce jubil\u00e9 est clair : amorcer un nouveau d\u00e9part en s\u2019appuyant sur les fondements de l\u2019\u00c9glise catholique au Burkina Faso, cinquante ans apr\u00e8s les premi\u00e8res options pastorales.<\/p>\n<p>Par ailleurs, le pagne comm\u00e9moratif des 125 ans d\u2019\u00e9vang\u00e9lisation est disponible \u00e0 la vente au prix unitaire de 2000 FCFA. Le budget global du jubil\u00e9 s\u2019\u00e9l\u00e8ve \u00e0 151 473 200 FCFA, financ\u00e9 par les contributions des fid\u00e8les, la vente des pagnes jubiliaires et diverses activit\u00e9s g\u00e9n\u00e9ratrices de revenus.<\/p>\n<p>Rendez-vous le 16 f\u00e9vrier 2025 \u00e0 Yagma pour la cl\u00f4ture.<\/p>\n<p>Isma\u00ebl Kiekieta \u270d\ud83c\udffc<\/p>\n<aside class=\"mashsb-container mashsb-main mashsb-stretched\"><div class=\"mashsb-box\"><div class=\"mashsb-buttons\"><a class=\"mashicon-facebook mash-small mash-center mashsb-noshadow\" href=\"https:\/\/www.facebook.com\/sharer.php?u=https%3A%2F%2Fciteelegance.net%2F%3Fp%3D10937\" target=\"_top\" rel=\"nofollow\"><span class=\"icon\"><\/span><span class=\"text\">Partagez<\/span><\/a><a class=\"mashicon-twitter mash-small mash-center mashsb-noshadow\" href=\"https:\/\/twitter.com\/intent\/tweet?text=&url=https:\/\/citeelegance.net\/?p=10937\" target=\"_top\" rel=\"nofollow\"><span class=\"icon\"><\/span><span class=\"text\">Tweet<\/span><\/a><div class=\"onoffswitch2 mash-small mashsb-noshadow\" style=\"display:none;\"><\/div><\/div>\n            <\/div>\n                <div style=\"clear:both;\"><\/div><\/aside>\n            <!-- Share buttons by mashshare.net - Version: 3.8.0--><div class=\"pdf24Plugin-cp\"> \t<form name=\"pdf24Form0\" method=\"post\" action=\"https:\/\/doc2pdf.pdf24.org\/wordpress.php\" target=\"pdf24PopWin\" onsubmit=\"var pdf24Win = window.open('about:blank', 'pdf24PopWin', 'resizable=yes,scrollbars=yes,width=600,height=250,left='+(screen.width\/2-300)+',top='+(screen.height\/3-125)+''); pdf24Win.focus(); if(typeof pdf24OnCreatePDF === 'function'){void(pdf24OnCreatePDF(this,pdf24Win));}\"> \t\t<input type=\"hidden\" name=\"blogCharset\" value=\"Cw1x07UAAA==\" \/><input type=\"hidden\" name=\"blogPosts\" value=\"MwQA\" \/><input type=\"hidden\" name=\"blogUrl\" value=\"yygpKSi20tdPzixJTc1JTU\/MS07Vy0stAQA=\" \/><input type=\"hidden\" name=\"blogName\" value=\"c\/YMcVVw9XF1d\/RzdgUA\" \/><input type=\"hidden\" name=\"blogValueEncoding\" value=\"gzdeflate base64\" \/><input type=\"hidden\" name=\"postId_0\" value=\"MzSwNDYHAA==\" \/><input type=\"hidden\" name=\"postTitle_0\" value=\"MzQyVUjMK1ZIedQw83BnWWJe+uGVOZnFiSWZ+XkKiaUKTqVF2Zl5iQpuicX5ClYKoXkKfvmlZalAmeD80rS0nFSFgvzSIoUcsPZ0oM5UoNLczBygREqqgktmaikA\" \/><input type=\"hidden\" name=\"postLink_0\" value=\"yygpKSi20tdPzixJTc1JTU\/MS07Vy0st0bcvsDU0sDQ2BwA=\" \/><input type=\"hidden\" name=\"postAuthor_0\" value=\"8yzOTUzNUfD2dAWiEEcA\" \/><input type=\"hidden\" name=\"postDateTime_0\" value=\"MzIwMtE1NNQ1MlIwNLYyNLQyMAUA\" \/><input type=\"hidden\" name=\"postContent_0\" value=\"rVfLjhvHFd37KyoMZMQAHzMcK7LHwxGsGQ+gWFEGURIgq6DYfUnWqLqqVQ\/OjFfeemFkHSBAshzG2+yclftP\/AX5hJxb1U1SJBU7iAVJILur7j333HMfPKvPz3xw1szPL5qVblZTJ4OyRpTkxfH4sZDGi\/L7L\/\/SfLWUZo4jyrcHongW3WtlpLiS3opT8XsjXtq4JBnFKxtnM02ittEJna7PcZNwtFIaL0oSl4ri2ah1fjaqz98724B5QeLCVio0Kz56rbQNck7s9FdxqnR6vANw9d8B9gUZUVit5dS2McolFUJLeDKzZuXIFCSar2rlC1tLgGyvD16qObm+kMK6uTTKw3s0BGObawBZO\/KIEF+WZEpHpRLjsTB2SdXUkRgfjT8Uzd\/Fb6Kcy9LGuY1D0XyJ8yGQsEUhPTD1hUZcsFRb4+WUv1gTEKSxpoBfO5upQhEorAjPAb7YSRsbFCCjWZl8ppI3hCzspaKQYWG1ehMTrbW898O9dCCPHohEWDQPFYnvvhEv3v\/5R+PjJ5+8I6FC7slinaTu5k6i+gIJlVlxtuYnHmh8QJY4fERTk\/M1FUEt8T3FEQ2IzVIrm1UtXRDffdtvuXybEY+QM32csQpR4HJlEzUA7ZoVhHqXcODrnG+FiE+UX1Py0\/GdSdyhYIvIaQ592jwMOwovqY4qkQg13EizVORYDCf9PUO7XO6WmISEg6wgAyZmRh6McIl4PnnT1QVzze9LZYvmwZNfp1d8ZgTNZhT6O3COPz46ysq7bh4gPvEMCSm88El7zqklO4F4P7exBruyD1W5N1Hya2W8YntIxDQm0vShctwRRgIDGh5z1oQnJ0WJHLEhCIZY8Ui381I5OqTqmTWlDBB2n++F5LNLs8RJ7hwzqSCHA4Ro63wCKsWs+UdIDl7a5hvNiMbr1L1L65JjnSmjWEptaRQABcFmhcyjKkFrsDHQfo2e\/p91dIDdn6yGhuIC5qEsAAh8KlHfBckS3xVt1TygF5YpWTAti40oW+XDIPtxISKVmwa2Jdo1469Ig6BuCPwaYZCaG25fLyRuI8+XcqpQs31xjf89aM5l\/GO7+LrDZbmnPGYp7ISVpI8OH+guRNIoHiTtjKrz51rcQwHdeai\/WRXRcch9huHRPjYjlGm3xmRXtZZQAj4rmHX88BfXl88\/SNdqhFPIjRlczLpEgXqxiBXqjIDiooVWbtDLePeGIe7FwGnkIYWAYZaG4gUu3ViVFaETPJWw4V+hgr0n0xV99Kmq33V+11ceZbiV0tryBqgtN7mKVcq9Ji55F1JAUKmzyvt2zpXNt+hrrkLxaGSdlQoadsJmqjAvYy2z0POA62S9B+yCm\/56hrJlKZ5xTvK2kpTIdVUwCegqKlstN+i5q3bYvXgqLloXzC8vAmDfp4zzAmBCVvdhMOuyX5WxWI9sIEIIJu0PbLRZzWU7cdg+hpJJC4ayGc0h2yBVurcsOWKmGNEmXVh5jHJDcWUV57SIOlUl4vY897JHsUTrwMOF5GDcQXdnI9RCGroyaUwB1o+o23X9rUv+Yqex+zRJnI1dXqLZ6Im7lAJoxWMqj\/CNqNJIYnaky\/uZS4W8LUH44lIy7dc3UXGTLhZMruWR0qzyXkVpYvJ5n2RRVdGgI4JO1mKNBQ\/csEs9R1RJO6hvRxCU76eWR2aOjbVbM35w1OMkJwKdAR0UOuGmOb3hhj1re3A34FNVa+DHTJCVdSzpA72c2tWnruM9z2nPOeS1AVEmWH49qvf3GLm7OxfKpHFPaQRJCOshD1XEXKm8NOwPnnWSr5ESyQGjpvuZ3bnJ+xgYT\/v47Ic3eo68VLwaK2zGvI9A7sukbwBGedyBiK7Z8MZ9dCSuLq4+5caH1aycI51zbacY01sLk0+udPOwTCaPHx+LD5+c8O10uS8w6WVavllYOneJ4BSWnbZRgFRVNg86pb5DlDoVR+mzJ8WwkqIOzUqEaaB6CbtFbrCOYCduKPwtNEdfDJbtRn78S6wuq6Vrt8nHDP2Pcl7JtlpRlbr5Jxf32sJzX0necT5X9FpRkOL7v37977\/9+V\/5veRhysLyftKrpF\/46YAD5TbtRPuAp1D3GYVMAaVT9s7PENLO1am9O\/w8hgDW8E5uv1FwNZjJgqbWvk4eBkCrdf7Iy9UGhLF+gV9Qtz2xcDSb9BYh1P50NLq9vR12JoaQ1gjHHLlhvaifxkk69ejk00fjK\/zFtCPShJ9zBQ0NBX56clU\/Ork8Pvr45ElPBOkgl0nvT8HWPSRDT3oGHUJr+MWv1BrLVgufoePRiJ+9\/YZ7Vo+1z79dv+hOjOSh2MOtCl2M\/3vo7e0UNS8XJuARUXjKECbvR6cn3dHdyEdP68lPHvPv2Pl2wFtCsLA58wBcLMa74b4Vog\/3miY9rngt708xvekTdgpb7f\/via0\/Bx6lx+y6NVVoku50asNiy1AS\/o6pnw0G4hWrR7R6FdP7DJAfMm1iIP6AKkYHOBUnw4+GR4PB+X8A\" \/> \t\t<a href=\"https:\/\/www.pdf24.org\" target=\"_blank\" title=\"www.pdf24.org\" rel=\"nofollow\"><img src=\"https:\/\/citeelegance.net\/wp-content\/plugins\/pdf24-posts-to-pdf\/img\/pdf_32x32.png\" alt=\"\" border=\"0\" height=\"32\" \/><\/a> \t\t<span class=\"pdf24Plugin-cp-space\">&nbsp;&nbsp;<\/span> \t\t<span class=\"pdf24Plugin-cp-text\">Send article as PDF<\/span> \t\t<span class=\"pdf24Plugin-cp-space\">&nbsp;&nbsp;<\/span> \t\t<input class=\"pdf24Plugin-cp-input\" style=\"margin: 0px;\" type=\"text\" name=\"sendEmailTo\" placeholder=\"Enter email address\" \/> \t\t<input class=\"pdf24Plugin-cp-submit\" style=\"margin: 0px;\" type=\"submit\" value=\"Send\" \/> \t<\/form> <\/div>","protected":false},"excerpt":{"rendered":"<p>C\u00e9l\u00e9bration des 125 ans d\u2019\u00c9vang\u00e9lisation du Burkina Faso : Un Nouveau Souffle pour l\u2019\u00c9glise Famille de Dieu Le Comit\u00e9 de Pilotage du Jubil\u00e9 des 125 ans d\u2019\u00e9vang\u00e9lisation du Burkina Faso, en collaboration avec la Conf\u00e9rence \u00c9piscopale Burkina-Niger, a organis\u00e9 une conf\u00e9rence de presse ce vendredi 22 novembre 2024 \u00e0 Ouagadougou. \u00c0 cette occasion, les responsables [&hellip;]<\/p>\n","protected":false},"author":5,"featured_media":10938,"comment_status":"open","ping_status":"closed","sticky":false,"template":"","format":"standard","meta":{"footnotes":""},"categories":[2,16],"tags":[702],"yoast_head":"<!-- This site is optimized with the Yoast SEO plugin v18.1 - https:\/\/yoast.com\/wordpress\/plugins\/seo\/ -->\n<title>125 ans d\u2019\u00c9vang\u00e9lisation au Burkina Faso : Un Nouveau Souffle pour l\u2019\u00c9glise Famille de Dieu - CITE ELEGANCE<\/title>\n<meta name=\"robots\" content=\"index, follow, max-snippet:-1, max-image-preview:large, max-video-preview:-1\" \/>\n<link rel=\"canonical\" href=\"https:\/\/citeelegance.net\/?p=10937\" \/>\n<meta property=\"og:locale\" content=\"fr_FR\" \/>\n<meta property=\"og:type\" content=\"article\" \/>\n<meta property=\"og:title\" content=\"125 ans d\u2019\u00c9vang\u00e9lisation au Burkina Faso : Un Nouveau Souffle pour l\u2019\u00c9glise Famille de Dieu - CITE ELEGANCE\" \/>\n<meta property=\"og:description\" content=\"C\u00e9l\u00e9bration des 125 ans d\u2019\u00c9vang\u00e9lisation du Burkina Faso : Un Nouveau Souffle pour l\u2019\u00c9glise Famille de Dieu Le Comit\u00e9 de Pilotage du Jubil\u00e9 des 125 ans d\u2019\u00e9vang\u00e9lisation du Burkina Faso, en collaboration avec la Conf\u00e9rence \u00c9piscopale Burkina-Niger, a organis\u00e9 une conf\u00e9rence de presse ce vendredi 22 novembre 2024 \u00e0 Ouagadougou. \u00c0 cette occasion, les responsables [&hellip;]\" \/>\n<meta property=\"og:url\" content=\"https:\/\/citeelegance.net\/?p=10937\" \/>\n<meta property=\"og:site_name\" content=\"CITE ELEGANCE\" \/>\n<meta property=\"article:published_time\" content=\"2024-11-22T13:21:05+00:00\" \/>\n<meta property=\"article:modified_time\" content=\"2024-11-22T13:21:23+00:00\" \/>\n<meta property=\"og:image\" content=\"https:\/\/citeelegance.net\/wp-content\/uploads\/2024\/11\/IMG_20241122_102317.jpg\" \/>\n\t<meta property=\"og:image:width\" content=\"621\" \/>\n\t<meta property=\"og:image:height\" content=\"465\" \/>\n\t<meta property=\"og:image:type\" content=\"image\/jpeg\" \/>\n<meta name=\"twitter:label1\" content=\"\u00c9crit par\" \/>\n\t<meta name=\"twitter:data1\" content=\"Ismael KIEKIETA\" \/>\n\t<meta name=\"twitter:label2\" content=\"Dur\u00e9e de lecture estim\u00e9e\" \/>\n\t<meta name=\"twitter:data2\" content=\"3 minutes\" \/>\n<script type=\"application\/ld+json\" class=\"yoast-schema-graph\">{\"@context\":\"https:\/\/schema.org\",\"@graph\":[{\"@type\":\"WebSite\",\"@id\":\"https:\/\/citeelegance.net\/#website\",\"url\":\"https:\/\/citeelegance.net\/\",\"name\":\"CITE ELEGANCE\",\"description\":\"\",\"potentialAction\":[{\"@type\":\"SearchAction\",\"target\":{\"@type\":\"EntryPoint\",\"urlTemplate\":\"https:\/\/citeelegance.net\/?s={search_term_string}\"},\"query-input\":\"required name=search_term_string\"}],\"inLanguage\":\"fr-FR\"},{\"@type\":\"ImageObject\",\"@id\":\"https:\/\/citeelegance.net\/?p=10937#primaryimage\",\"inLanguage\":\"fr-FR\",\"url\":\"https:\/\/citeelegance.net\/wp-content\/uploads\/2024\/11\/IMG_20241122_102317.jpg\",\"contentUrl\":\"https:\/\/citeelegance.net\/wp-content\/uploads\/2024\/11\/IMG_20241122_102317.jpg\",\"width\":621,\"height\":465},{\"@type\":\"WebPage\",\"@id\":\"https:\/\/citeelegance.net\/?p=10937#webpage\",\"url\":\"https:\/\/citeelegance.net\/?p=10937\",\"name\":\"125 ans d\u2019\u00c9vang\u00e9lisation au Burkina Faso : Un Nouveau Souffle pour l\u2019\u00c9glise Famille de Dieu - CITE ELEGANCE\",\"isPartOf\":{\"@id\":\"https:\/\/citeelegance.net\/#website\"},\"primaryImageOfPage\":{\"@id\":\"https:\/\/citeelegance.net\/?p=10937#primaryimage\"},\"datePublished\":\"2024-11-22T13:21:05+00:00\",\"dateModified\":\"2024-11-22T13:21:23+00:00\",\"author\":{\"@id\":\"https:\/\/citeelegance.net\/#\/schema\/person\/981ee78db24e1c4cf407476788535aba\"},\"breadcrumb\":{\"@id\":\"https:\/\/citeelegance.net\/?p=10937#breadcrumb\"},\"inLanguage\":\"fr-FR\",\"potentialAction\":[{\"@type\":\"ReadAction\",\"target\":[\"https:\/\/citeelegance.net\/?p=10937\"]}]},{\"@type\":\"BreadcrumbList\",\"@id\":\"https:\/\/citeelegance.net\/?p=10937#breadcrumb\",\"itemListElement\":[{\"@type\":\"ListItem\",\"position\":1,\"name\":\"Accueil\",\"item\":\"https:\/\/citeelegance.net\/\"},{\"@type\":\"ListItem\",\"position\":2,\"name\":\"125 ans d\u2019\u00c9vang\u00e9lisation au Burkina Faso : Un Nouveau Souffle pour l\u2019\u00c9glise Famille de Dieu\"}]},{\"@type\":\"Person\",\"@id\":\"https:\/\/citeelegance.net\/#\/schema\/person\/981ee78db24e1c4cf407476788535aba\",\"name\":\"Ismael KIEKIETA\",\"url\":\"https:\/\/citeelegance.net\/?author=5\"}]}<\/script>\n<!-- \/ Yoast SEO plugin. -->","yoast_head_json":{"title":"125 ans d\u2019\u00c9vang\u00e9lisation au Burkina Faso : Un Nouveau Souffle pour l\u2019\u00c9glise Famille de Dieu - CITE ELEGANCE","robots":{"index":"index","follow":"follow","max-snippet":"max-snippet:-1","max-image-preview":"max-image-preview:large","max-video-preview":"max-video-preview:-1"},"canonical":"https:\/\/citeelegance.net\/?p=10937","og_locale":"fr_FR","og_type":"article","og_title":"125 ans d\u2019\u00c9vang\u00e9lisation au Burkina Faso : Un Nouveau Souffle pour l\u2019\u00c9glise Famille de Dieu - CITE ELEGANCE","og_description":"C\u00e9l\u00e9bration des 125 ans d\u2019\u00c9vang\u00e9lisation du Burkina Faso : Un Nouveau Souffle pour l\u2019\u00c9glise Famille de Dieu Le Comit\u00e9 de Pilotage du Jubil\u00e9 des 125 ans d\u2019\u00e9vang\u00e9lisation du Burkina Faso, en collaboration avec la Conf\u00e9rence \u00c9piscopale Burkina-Niger, a organis\u00e9 une conf\u00e9rence de presse ce vendredi 22 novembre 2024 \u00e0 Ouagadougou. \u00c0 cette occasion, les responsables [&hellip;]","og_url":"https:\/\/citeelegance.net\/?p=10937","og_site_name":"CITE ELEGANCE","article_published_time":"2024-11-22T13:21:05+00:00","article_modified_time":"2024-11-22T13:21:23+00:00","og_image":[{"width":621,"height":465,"url":"https:\/\/citeelegance.net\/wp-content\/uploads\/2024\/11\/IMG_20241122_102317.jpg","type":"image\/jpeg"}],"twitter_misc":{"\u00c9crit par":"Ismael KIEKIETA","Dur\u00e9e de lecture estim\u00e9e":"3 minutes"},"schema":{"@context":"https:\/\/schema.org","@graph":[{"@type":"WebSite","@id":"https:\/\/citeelegance.net\/#website","url":"https:\/\/citeelegance.net\/","name":"CITE ELEGANCE","description":"","potentialAction":[{"@type":"SearchAction","target":{"@type":"EntryPoint","urlTemplate":"https:\/\/citeelegance.net\/?s={search_term_string}"},"query-input":"required name=search_term_string"}],"inLanguage":"fr-FR"},{"@type":"ImageObject","@id":"https:\/\/citeelegance.net\/?p=10937#primaryimage","inLanguage":"fr-FR","url":"https:\/\/citeelegance.net\/wp-content\/uploads\/2024\/11\/IMG_20241122_102317.jpg","contentUrl":"https:\/\/citeelegance.net\/wp-content\/uploads\/2024\/11\/IMG_20241122_102317.jpg","width":621,"height":465},{"@type":"WebPage","@id":"https:\/\/citeelegance.net\/?p=10937#webpage","url":"https:\/\/citeelegance.net\/?p=10937","name":"125 ans d\u2019\u00c9vang\u00e9lisation au Burkina Faso : Un Nouveau Souffle pour l\u2019\u00c9glise Famille de Dieu - CITE ELEGANCE","isPartOf":{"@id":"https:\/\/citeelegance.net\/#website"},"primaryImageOfPage":{"@id":"https:\/\/citeelegance.net\/?p=10937#primaryimage"},"datePublished":"2024-11-22T13:21:05+00:00","dateModified":"2024-11-22T13:21:23+00:00","author":{"@id":"https:\/\/citeelegance.net\/#\/schema\/person\/981ee78db24e1c4cf407476788535aba"},"breadcrumb":{"@id":"https:\/\/citeelegance.net\/?p=10937#breadcrumb"},"inLanguage":"fr-FR","potentialAction":[{"@type":"ReadAction","target":["https:\/\/citeelegance.net\/?p=10937"]}]},{"@type":"BreadcrumbList","@id":"https:\/\/citeelegance.net\/?p=10937#breadcrumb","itemListElement":[{"@type":"ListItem","position":1,"name":"Accueil","item":"https:\/\/citeelegance.net\/"},{"@type":"ListItem","position":2,"name":"125 ans d\u2019\u00c9vang\u00e9lisation au Burkina Faso : Un Nouveau Souffle pour l\u2019\u00c9glise Famille de Dieu"}]},{"@type":"Person","@id":"https:\/\/citeelegance.net\/#\/schema\/person\/981ee78db24e1c4cf407476788535aba","name":"Ismael KIEKIETA","url":"https:\/\/citeelegance.net\/?author=5"}]}},"_links":{"self":[{"href":"https:\/\/citeelegance.net\/index.php?rest_route=\/wp\/v2\/posts\/10937"}],"collection":[{"href":"https:\/\/citeelegance.net\/index.php?rest_route=\/wp\/v2\/posts"}],"about":[{"href":"https:\/\/citeelegance.net\/index.php?rest_route=\/wp\/v2\/types\/post"}],"author":[{"embeddable":true,"href":"https:\/\/citeelegance.net\/index.php?rest_route=\/wp\/v2\/users\/5"}],"replies":[{"embeddable":true,"href":"https:\/\/citeelegance.net\/index.php?rest_route=%2Fwp%2Fv2%2Fcomments&post=10937"}],"version-history":[{"count":1,"href":"https:\/\/citeelegance.net\/index.php?rest_route=\/wp\/v2\/posts\/10937\/revisions"}],"predecessor-version":[{"id":10939,"href":"https:\/\/citeelegance.net\/index.php?rest_route=\/wp\/v2\/posts\/10937\/revisions\/10939"}],"wp:featuredmedia":[{"embeddable":true,"href":"https:\/\/citeelegance.net\/index.php?rest_route=\/wp\/v2\/media\/10938"}],"wp:attachment":[{"href":"https:\/\/citeelegance.net\/index.php?rest_route=%2Fwp%2Fv2%2Fmedia&parent=10937"}],"wp:term":[{"taxonomy":"category","embeddable":true,"href":"https:\/\/citeelegance.net\/index.php?rest_route=%2Fwp%2Fv2%2Fcategories&post=10937"},{"taxonomy":"post_tag","embeddable":true,"href":"https:\/\/citeelegance.net\/index.php?rest_route=%2Fwp%2Fv2%2Ftags&post=10937"}],"curies":[{"name":"wp","href":"https:\/\/api.w.org\/{rel}","templated":true}]}}