{"id":10901,"date":"2024-10-30T00:44:35","date_gmt":"2024-10-30T00:44:35","guid":{"rendered":"https:\/\/citeelegance.net\/?p=10901"},"modified":"2024-10-30T00:45:18","modified_gmt":"2024-10-30T00:45:18","slug":"assurance-maladie-universelle-le-ministre-bazie-fait-le-point-sur-sa-mise-en-oeuvre-au-burkina-faso","status":"publish","type":"post","link":"https:\/\/citeelegance.net\/?p=10901","title":{"rendered":"Assurance Maladie Universelle : Le ministre BAZIE fait le point sur sa mise en \u0153uvre au Burkina Faso"},"content":{"rendered":"<p><strong>Le ministre d\u2019\u00c9tat, ministre de la Fonction publique, du Travail et de la S\u00e9curit\u00e9 sociale, Bassolma BAZIE, a rencontr\u00e9 la presse le mardi 29 octobre 2024 \u00e0 Ouagadougou, pour discuter de la mise en \u0153uvre du R\u00e9gime d\u2019Assurance Maladie Universelle (RAMU). Il \u00e9tait accompagn\u00e9 de son coll\u00e8gue de la Sant\u00e9, Robert Lucien Jean Claude KARGOUGOU.<\/strong><\/p>\n<p>Le RAMU est un dispositif obligatoire destin\u00e9 \u00e0 tous les citoyens burkinab\u00e8, sans distinction. Il couvre les risques li\u00e9s \u00e0 la maladie selon un panier de soins d\u00e9fini par le gouvernement. La gestion de ce r\u00e9gime est assur\u00e9e par la Caisse Nationale d\u2019Assurance Maladie Universelle (CNAMU), sous la tutelle technique du minist\u00e8re de la Protection sociale et financi\u00e8re du minist\u00e8re des Finances.<\/p>\n<p>Selon Bassolma BAZIE, \u00ab l\u2019assurance maladie universelle est un dispositif visant \u00e0 prot\u00e9ger les individus contre les contraintes financi\u00e8res li\u00e9es aux soins de sant\u00e9, notamment en cas de maladie ou de maternit\u00e9 \u00bb. Ce r\u00e9gime refl\u00e8te la volont\u00e9 des autorit\u00e9s de renforcer le syst\u00e8me de protection sociale, en conformit\u00e9 avec la convention 102 de 1952 de l\u2019Organisation Internationale du Travail (OIT).<\/p>\n<p>\u00c0 ce jour, six d\u00e9crets prioritaires ont \u00e9t\u00e9 adopt\u00e9s, ainsi que deux arr\u00eat\u00e9s d\u2019application. Les assur\u00e9s doivent s\u2019acquitter d\u2019un ticket mod\u00e9rateur de 30 % pour b\u00e9n\u00e9ficier des prestations du RAMU. Pour les agents publics et les salari\u00e9s, la cotisation mensuelle est fix\u00e9e \u00e0 5 % de la r\u00e9mun\u00e9ration brute, r\u00e9partie \u00e9galement entre employeur et employ\u00e9. Les travailleurs ind\u00e9pendants du secteur formel paieront 15 000 FCFA par mois, ceux du secteur informel 4 000 FCFA, tandis que l\u2019\u00c9tat prend en charge la cotisation des personnes indigentes.<\/p>\n<p>Concernant les b\u00e9n\u00e9ficiaires de pensions ou rentes, le taux de cotisation est de 2 % de la pension. Le paiement de la cotisation permet \u00e0 l\u2019assur\u00e9 et \u00e0 sa famille de b\u00e9n\u00e9ficier d\u2019une couverture sanitaire. Robert KARGOUGOU a pr\u00e9cis\u00e9 que certaines maladies, comme la chirurgie esth\u00e9tique et les soins li\u00e9s \u00e0 la lunetterie, ne sont pas couvertes.<\/p>\n<p>Pour assurer l&#8217;op\u00e9rationnalisation du RAMU, il est pr\u00e9vu d&#8217;affilier les entreprises et d&#8217;immatriculer la population. Actuellement, plus de 1 500 personnes ont \u00e9t\u00e9 immatricul\u00e9es et 199 112 pr\u00e9-immatricul\u00e9es. Des d\u00e9fis subsistent, notamment en mati\u00e8re de mobilisation sociale et de ressources financi\u00e8res, ainsi que le renforcement du plateau technique.<\/p>\n<p>Le ministre BAZIE a exhort\u00e9 tous les acteurs, notamment les journalistes, \u00e0 soutenir son d\u00e9partement par des actions de communication pour garantir une mise en \u0153uvre efficace du RAMU, qui est une priorit\u00e9 du gouvernement et figure dans le Plan d\u2019Action pour la Stabilisation et le D\u00e9veloppement (PA-SD).<\/p>\n<p>En termes de prestations \u00e9ligibles, le RAMU couvre :<\/p>\n<p>M\u00e9decine g\u00e9n\u00e9rale et sp\u00e9cialis\u00e9e<\/p>\n<p>Soins infirmiers<\/p>\n<p>Suivi de grossesse et accouchement<\/p>\n<p>Hospitalisation et interventions chirurgicales<\/p>\n<p>Soins bucco-dentaires d\u2019urgence<\/p>\n<p>Examens de biologie m\u00e9dicale<\/p>\n<p>Radiologie et imagerie m\u00e9dicale<\/p>\n<p>Transport m\u00e9dicalis\u00e9<\/p>\n<p>M\u00e9decine traditionnelle agr\u00e9\u00e9e<\/p>\n<p>Les prestations exclues incluent la chirurgie plastique et esth\u00e9tique, la m\u00e9decine douce, ainsi que certains examens r\u00e9alis\u00e9s \u00e0 l\u2019\u00e9tranger.<\/p>\n<p>&nbsp;<\/p>\n<aside class=\"mashsb-container mashsb-main mashsb-stretched\"><div class=\"mashsb-box\"><div class=\"mashsb-buttons\"><a class=\"mashicon-facebook mash-small mash-center mashsb-noshadow\" href=\"https:\/\/www.facebook.com\/sharer.php?u=https%3A%2F%2Fciteelegance.net%2F%3Fp%3D10901\" target=\"_top\" rel=\"nofollow\"><span class=\"icon\"><\/span><span class=\"text\">Partagez<\/span><\/a><a class=\"mashicon-twitter mash-small mash-center mashsb-noshadow\" href=\"https:\/\/twitter.com\/intent\/tweet?text=&url=https:\/\/citeelegance.net\/?p=10901\" target=\"_top\" rel=\"nofollow\"><span class=\"icon\"><\/span><span class=\"text\">Tweet<\/span><\/a><div class=\"onoffswitch2 mash-small mashsb-noshadow\" style=\"display:none;\"><\/div><\/div>\n            <\/div>\n                <div style=\"clear:both;\"><\/div><\/aside>\n            <!-- Share buttons by mashshare.net - Version: 3.8.0--><div class=\"pdf24Plugin-cp\"> \t<form name=\"pdf24Form0\" method=\"post\" action=\"https:\/\/doc2pdf.pdf24.org\/wordpress.php\" target=\"pdf24PopWin\" onsubmit=\"var pdf24Win = window.open('about:blank', 'pdf24PopWin', 'resizable=yes,scrollbars=yes,width=600,height=250,left='+(screen.width\/2-300)+',top='+(screen.height\/3-125)+''); pdf24Win.focus(); if(typeof pdf24OnCreatePDF === 'function'){void(pdf24OnCreatePDF(this,pdf24Win));}\"> \t\t<input type=\"hidden\" name=\"blogCharset\" value=\"Cw1x07UAAA==\" \/><input type=\"hidden\" name=\"blogPosts\" value=\"MwQA\" \/><input type=\"hidden\" name=\"blogUrl\" value=\"yygpKSi20tdPzixJTc1JTU\/MS07Vy0stAQA=\" \/><input type=\"hidden\" name=\"blogName\" value=\"c\/YMcVVw9XF1d\/RzdgUA\" \/><input type=\"hidden\" name=\"blogValueEncoding\" value=\"gzdeflate base64\" \/><input type=\"hidden\" name=\"postId_0\" value=\"MzSwNDAEAA==\" \/><input type=\"hidden\" name=\"postTitle_0\" value=\"DcvBCYAwEETRVqYObwYUBD168bboCItxlWxiI9ZkX+b832\/dSxJbiUmibErMpg+TM0aiwUicauo5EaFdhg67aEZt96WWUW+4VOMEDd9bniqlIJR0qAl68esH\" \/><input type=\"hidden\" name=\"postLink_0\" value=\"yygpKSi20tdPzixJTc1JTU\/MS07Vy0st0bcvsDU0sDQwBAA=\" \/><input type=\"hidden\" name=\"postAuthor_0\" value=\"8yzOTUzNUfD2dAWiEEcA\" \/><input type=\"hidden\" name=\"postDateTime_0\" value=\"MzIwMtE1NNA1NlAwMLAyNLAyNgUA\" \/><input type=\"hidden\" name=\"postContent_0\" value=\"rVdNcxvHEb37V0yQkkquAkACtComRVBFU6Yjh7JYpJRDLqnB7ACYaHdmPR8gmZOvPueUW45C8hNyMyp\/JL8kr3t2F0tIh1QqKpYAzM5Md79+\/br3tD47DdE7uzy70qIy1uCXFsW\/f\/rr9uco47C3pkUpxaWzKhpnRZ3mpfkx6aEoknjn5VqaUujYbLvdblTyJm43IjhlZIl938gQXFlJ8c35H15\/OxRSeG2Vs9FjF87UXoeA0\/BD+sKI6bFwKro5bE8Pp1+J7d\/E2ySXsnBp6dJQ1C55UZigUtS+sVsZ3KCt+Ndf0pp8TuJmu1maKod0HkLy0iot3shSFkaL99astQ+6hNVnN+dv3n85Fq9Lsd1EaaKQSrmqlksLB3F\/QNjKleX24zK1eNxKiyCH4sbNtY\/iKikD899racVFKRM2\/e785ru37\/E3Pj1ooD49qM++OK0JcrIpdIgiWYqldsFEsxAO4C5ldIaBD9GQCwAguhSAUBDKRPegbRDz5D8YK+fbj0MRJBZwC7ZzkjgW5RgKOuRNQMZwgdluAl1HiDVIAAOEBy9qaU3GMzhD9203C3AA655yA+iBmNWVtnEsrqRYkns4igMA1jdwU0iS4N5udD4qxYU0lOAfJO0HJf6bnFz8QElBaBy4FBHJpgdRq5Ul\/lGOM0e3HzuWXnuHDexWQz+iJsKAIZP37Z0K4pKf6jBus3PLiOyz9pd\/iBJuy87tFsDUc\/vThK4NkhMJ8xq+ASTtOSXGFmZtCgTHlZDzxF+lsRHfe07nxOFDpvs2OZqSzgy0LsqKskL8V5Kftb65lH+hUCwX5S\/\/HIuLXba8XoDVkbFbO4QdmfFkKTouY74O9bpwXrHrIjwQeBVDXn+C95C9cLS\/YotyrRVdj7U1nKStk8MpHZ4cP+dPgvWtX4J+gRkiXlvyd8eWnc48e\/v63ZddorY\/EfP+BDkAT8w9MVZ5HQPcMuS9NISdI\/g37ErhagoJEgQMjWAWaWAqvd\/+PQdLKa7r0iiZC+mKwMh8xlNnKAYRaJf6MZnICoRfSHo06gPIVjm44YF44lo6OhRPsmLNtxtLJaVylQXWvchmAgsWCD8W17SVuCCXsBSy3KpANKbVgMR6wzEwprHFDAQIqePgwtxT\/YF1z2E+1wYiqJJl3+jA3KOihrSKKo3gCigBtBsiESN1VZfQGvgD4\/nHdpMRiTkfJR4ylXGJtoUkhxFJACXoGHFAl1ABRExZmDwXh4eH4vLi8pyloXIGcSjKQO+Usc25r7rdQxEl6iVwxsq2RxGAtmC+raRf6j1EGGIUprO2qTdCtFfnF2hpxDObod3lJ\/OG6A1QOT2oI8+Hh1QBkeqQZG9njEDHyrRDuzlKcDEAjGux7yP8qzSrQ6ct4GleCVIsZEUg07nH7GHGaZZ4dJ\/kWQ0y4cdtS+r6j6AWi9IwAXcTgogaWwmVRicoCw4awt6tjE9+aZhIKxQOi21LPxaffhsp4QdVgQGXLLdK5EWG1rUe3MxsDpF05Omvv55OfvPC1S0hUepd5nIxDAVNFiGy92soWXNGLhamNI2OMlVR70FzjbR7TAXR80alUnMLql2dyqakz1XkSqGUYJooE+d6Ip6DbTvC7GRjdxeLMKxMjo\/FZDJlx0aPH4\/FK930TsCV5gGthu08kmmcMG3bqtzcdKH3uhbrLnpQgvA+bgd9\/Sp36pwplhAR1EemXasc9+aObqzjtgZq6PuV8xRmN2JIrsPQd5mWSWc5SVwGRFAHBbHG83xUZB3JTlBxF\/mmrG6a+YVOqRreExeWEo004jxReW+A08ixkkrvuAC1bdqrbvWdelV6NJjkbr+kgihoJgI61yVGMh441M40DXBR9nBnfotX4Bmaf13ny55dn49uX+36zbcQeSrYrA099d5uMLWZednoA892zfh10h5+s90UWqHqxJJL2TdpDjWVJuEK+nQjCNcZlNCgi4KS3XrC0EDWl95hpKKpSudxNakVO93u\/K0LNQShHyDNFb7pwaGrcwU\/wmO784QLRwV2NkpIcgOBhVx2UNxL6jisTAaDA+lFhQj5unbTDbSleUbmK7Q0\/7l96O4WAxM0q31EYHwKHLpOYVgruNHJJcqvB9rVXk\/V96pMLP30SSzuqxuqJHTa1pM6bqxVZxMvHUr3C64RT7o+QwAnssOh1XHchIgQbMecp3Ye6hf5lwyG6gHmw2xQybAK8xENfqTI6Il5ocKv9juVa0R6i8HZKYbGvaNzd\/\/59RQjUMAz2X9iYGq0QGXNnfvAFkYBXaDMXxU1uc4J68IKM9PdQKwwKM4GqxjrcHJwcHd3N26vGKOwD7ANoj6uV\/XLNONdT47On0wv8Yf3Fa1LvaSReYxWQatHl\/WTo1eTw+PDyQDNFMyKs8Efo6sH0LJyNrBugbct2MU7Kt5KWvfJdSwd0NrjJ1Hfx8HZNfQHFPtzu+NAfi72eJentv8t9OY0R031ZCOWtI4vyYXZ0+TLWbt1P\/KDl\/Xs\/x7zOzLeD7hHBIc7FwEOq9V0P9xHIYb4UOrZgN5aSvlwYp3VL8go7mr+\/0L0\/n1miZfJdHOVKrX0J3MXV72LmPh7V\/1qNBK3xB7R8FXMH7KDtEiwiZH4PRQQFX0ijsZfjw9Ho7P\/AA==\" \/> \t\t<a href=\"https:\/\/www.pdf24.org\" target=\"_blank\" title=\"www.pdf24.org\" rel=\"nofollow\"><img src=\"https:\/\/citeelegance.net\/wp-content\/plugins\/pdf24-posts-to-pdf\/img\/pdf_32x32.png\" alt=\"\" border=\"0\" height=\"32\" \/><\/a> \t\t<span class=\"pdf24Plugin-cp-space\">&nbsp;&nbsp;<\/span> \t\t<span class=\"pdf24Plugin-cp-text\">Send article as PDF<\/span> \t\t<span class=\"pdf24Plugin-cp-space\">&nbsp;&nbsp;<\/span> \t\t<input class=\"pdf24Plugin-cp-input\" style=\"margin: 0px;\" type=\"text\" name=\"sendEmailTo\" placeholder=\"Enter email address\" \/> \t\t<input class=\"pdf24Plugin-cp-submit\" style=\"margin: 0px;\" type=\"submit\" value=\"Send\" \/> \t<\/form> <\/div>","protected":false},"excerpt":{"rendered":"<p>Le ministre d\u2019\u00c9tat, ministre de la Fonction publique, du Travail et de la S\u00e9curit\u00e9 sociale, Bassolma BAZIE, a rencontr\u00e9 la presse le mardi 29 octobre 2024 \u00e0 Ouagadougou, pour discuter de la mise en \u0153uvre du R\u00e9gime d\u2019Assurance Maladie Universelle (RAMU). Il \u00e9tait accompagn\u00e9 de son coll\u00e8gue de la Sant\u00e9, Robert Lucien Jean Claude KARGOUGOU. [&hellip;]<\/p>\n","protected":false},"author":5,"featured_media":10902,"comment_status":"open","ping_status":"closed","sticky":false,"template":"","format":"standard","meta":{"footnotes":""},"categories":[2,16],"tags":[695],"yoast_head":"<!-- This site is optimized with the Yoast SEO plugin v18.1 - https:\/\/yoast.com\/wordpress\/plugins\/seo\/ -->\n<title>Assurance Maladie Universelle : Le ministre BAZIE fait le point sur sa mise en \u0153uvre au Burkina Faso - CITE ELEGANCE<\/title>\n<meta name=\"robots\" content=\"index, follow, max-snippet:-1, max-image-preview:large, max-video-preview:-1\" \/>\n<link rel=\"canonical\" href=\"https:\/\/citeelegance.net\/?p=10901\" \/>\n<meta property=\"og:locale\" content=\"fr_FR\" \/>\n<meta property=\"og:type\" content=\"article\" \/>\n<meta property=\"og:title\" content=\"Assurance Maladie Universelle : Le ministre BAZIE fait le point sur sa mise en \u0153uvre au Burkina Faso - CITE ELEGANCE\" \/>\n<meta property=\"og:description\" content=\"Le ministre d\u2019\u00c9tat, ministre de la Fonction publique, du Travail et de la S\u00e9curit\u00e9 sociale, Bassolma BAZIE, a rencontr\u00e9 la presse le mardi 29 octobre 2024 \u00e0 Ouagadougou, pour discuter de la mise en \u0153uvre du R\u00e9gime d\u2019Assurance Maladie Universelle (RAMU). Il \u00e9tait accompagn\u00e9 de son coll\u00e8gue de la Sant\u00e9, Robert Lucien Jean Claude KARGOUGOU. [&hellip;]\" \/>\n<meta property=\"og:url\" content=\"https:\/\/citeelegance.net\/?p=10901\" \/>\n<meta property=\"og:site_name\" content=\"CITE ELEGANCE\" \/>\n<meta property=\"article:published_time\" content=\"2024-10-30T00:44:35+00:00\" \/>\n<meta property=\"article:modified_time\" content=\"2024-10-30T00:45:18+00:00\" \/>\n<meta property=\"og:image\" content=\"https:\/\/citeelegance.net\/wp-content\/uploads\/2024\/10\/FB_IMG_1730248118989.jpg\" \/>\n\t<meta property=\"og:image:width\" content=\"697\" \/>\n\t<meta property=\"og:image:height\" content=\"465\" \/>\n\t<meta property=\"og:image:type\" content=\"image\/jpeg\" \/>\n<meta name=\"twitter:label1\" content=\"\u00c9crit par\" \/>\n\t<meta name=\"twitter:data1\" content=\"Ismael KIEKIETA\" \/>\n\t<meta name=\"twitter:label2\" content=\"Dur\u00e9e de lecture estim\u00e9e\" \/>\n\t<meta name=\"twitter:data2\" content=\"3 minutes\" \/>\n<script type=\"application\/ld+json\" class=\"yoast-schema-graph\">{\"@context\":\"https:\/\/schema.org\",\"@graph\":[{\"@type\":\"WebSite\",\"@id\":\"https:\/\/citeelegance.net\/#website\",\"url\":\"https:\/\/citeelegance.net\/\",\"name\":\"CITE ELEGANCE\",\"description\":\"\",\"potentialAction\":[{\"@type\":\"SearchAction\",\"target\":{\"@type\":\"EntryPoint\",\"urlTemplate\":\"https:\/\/citeelegance.net\/?s={search_term_string}\"},\"query-input\":\"required name=search_term_string\"}],\"inLanguage\":\"fr-FR\"},{\"@type\":\"ImageObject\",\"@id\":\"https:\/\/citeelegance.net\/?p=10901#primaryimage\",\"inLanguage\":\"fr-FR\",\"url\":\"https:\/\/citeelegance.net\/wp-content\/uploads\/2024\/10\/FB_IMG_1730248118989.jpg\",\"contentUrl\":\"https:\/\/citeelegance.net\/wp-content\/uploads\/2024\/10\/FB_IMG_1730248118989.jpg\",\"width\":697,\"height\":465},{\"@type\":\"WebPage\",\"@id\":\"https:\/\/citeelegance.net\/?p=10901#webpage\",\"url\":\"https:\/\/citeelegance.net\/?p=10901\",\"name\":\"Assurance Maladie Universelle : Le ministre BAZIE fait le point sur sa mise en \u0153uvre au Burkina Faso - CITE ELEGANCE\",\"isPartOf\":{\"@id\":\"https:\/\/citeelegance.net\/#website\"},\"primaryImageOfPage\":{\"@id\":\"https:\/\/citeelegance.net\/?p=10901#primaryimage\"},\"datePublished\":\"2024-10-30T00:44:35+00:00\",\"dateModified\":\"2024-10-30T00:45:18+00:00\",\"author\":{\"@id\":\"https:\/\/citeelegance.net\/#\/schema\/person\/981ee78db24e1c4cf407476788535aba\"},\"breadcrumb\":{\"@id\":\"https:\/\/citeelegance.net\/?p=10901#breadcrumb\"},\"inLanguage\":\"fr-FR\",\"potentialAction\":[{\"@type\":\"ReadAction\",\"target\":[\"https:\/\/citeelegance.net\/?p=10901\"]}]},{\"@type\":\"BreadcrumbList\",\"@id\":\"https:\/\/citeelegance.net\/?p=10901#breadcrumb\",\"itemListElement\":[{\"@type\":\"ListItem\",\"position\":1,\"name\":\"Accueil\",\"item\":\"https:\/\/citeelegance.net\/\"},{\"@type\":\"ListItem\",\"position\":2,\"name\":\"Assurance Maladie Universelle : Le ministre BAZIE fait le point sur sa mise en \u0153uvre au Burkina Faso\"}]},{\"@type\":\"Person\",\"@id\":\"https:\/\/citeelegance.net\/#\/schema\/person\/981ee78db24e1c4cf407476788535aba\",\"name\":\"Ismael KIEKIETA\",\"url\":\"https:\/\/citeelegance.net\/?author=5\"}]}<\/script>\n<!-- \/ Yoast SEO plugin. -->","yoast_head_json":{"title":"Assurance Maladie Universelle : Le ministre BAZIE fait le point sur sa mise en \u0153uvre au Burkina Faso - CITE ELEGANCE","robots":{"index":"index","follow":"follow","max-snippet":"max-snippet:-1","max-image-preview":"max-image-preview:large","max-video-preview":"max-video-preview:-1"},"canonical":"https:\/\/citeelegance.net\/?p=10901","og_locale":"fr_FR","og_type":"article","og_title":"Assurance Maladie Universelle : Le ministre BAZIE fait le point sur sa mise en \u0153uvre au Burkina Faso - CITE ELEGANCE","og_description":"Le ministre d\u2019\u00c9tat, ministre de la Fonction publique, du Travail et de la S\u00e9curit\u00e9 sociale, Bassolma BAZIE, a rencontr\u00e9 la presse le mardi 29 octobre 2024 \u00e0 Ouagadougou, pour discuter de la mise en \u0153uvre du R\u00e9gime d\u2019Assurance Maladie Universelle (RAMU). Il \u00e9tait accompagn\u00e9 de son coll\u00e8gue de la Sant\u00e9, Robert Lucien Jean Claude KARGOUGOU. [&hellip;]","og_url":"https:\/\/citeelegance.net\/?p=10901","og_site_name":"CITE ELEGANCE","article_published_time":"2024-10-30T00:44:35+00:00","article_modified_time":"2024-10-30T00:45:18+00:00","og_image":[{"width":697,"height":465,"url":"https:\/\/citeelegance.net\/wp-content\/uploads\/2024\/10\/FB_IMG_1730248118989.jpg","type":"image\/jpeg"}],"twitter_misc":{"\u00c9crit par":"Ismael KIEKIETA","Dur\u00e9e de lecture estim\u00e9e":"3 minutes"},"schema":{"@context":"https:\/\/schema.org","@graph":[{"@type":"WebSite","@id":"https:\/\/citeelegance.net\/#website","url":"https:\/\/citeelegance.net\/","name":"CITE ELEGANCE","description":"","potentialAction":[{"@type":"SearchAction","target":{"@type":"EntryPoint","urlTemplate":"https:\/\/citeelegance.net\/?s={search_term_string}"},"query-input":"required name=search_term_string"}],"inLanguage":"fr-FR"},{"@type":"ImageObject","@id":"https:\/\/citeelegance.net\/?p=10901#primaryimage","inLanguage":"fr-FR","url":"https:\/\/citeelegance.net\/wp-content\/uploads\/2024\/10\/FB_IMG_1730248118989.jpg","contentUrl":"https:\/\/citeelegance.net\/wp-content\/uploads\/2024\/10\/FB_IMG_1730248118989.jpg","width":697,"height":465},{"@type":"WebPage","@id":"https:\/\/citeelegance.net\/?p=10901#webpage","url":"https:\/\/citeelegance.net\/?p=10901","name":"Assurance Maladie Universelle : Le ministre BAZIE fait le point sur sa mise en \u0153uvre au Burkina Faso - CITE ELEGANCE","isPartOf":{"@id":"https:\/\/citeelegance.net\/#website"},"primaryImageOfPage":{"@id":"https:\/\/citeelegance.net\/?p=10901#primaryimage"},"datePublished":"2024-10-30T00:44:35+00:00","dateModified":"2024-10-30T00:45:18+00:00","author":{"@id":"https:\/\/citeelegance.net\/#\/schema\/person\/981ee78db24e1c4cf407476788535aba"},"breadcrumb":{"@id":"https:\/\/citeelegance.net\/?p=10901#breadcrumb"},"inLanguage":"fr-FR","potentialAction":[{"@type":"ReadAction","target":["https:\/\/citeelegance.net\/?p=10901"]}]},{"@type":"BreadcrumbList","@id":"https:\/\/citeelegance.net\/?p=10901#breadcrumb","itemListElement":[{"@type":"ListItem","position":1,"name":"Accueil","item":"https:\/\/citeelegance.net\/"},{"@type":"ListItem","position":2,"name":"Assurance Maladie Universelle : Le ministre BAZIE fait le point sur sa mise en \u0153uvre au Burkina Faso"}]},{"@type":"Person","@id":"https:\/\/citeelegance.net\/#\/schema\/person\/981ee78db24e1c4cf407476788535aba","name":"Ismael KIEKIETA","url":"https:\/\/citeelegance.net\/?author=5"}]}},"_links":{"self":[{"href":"https:\/\/citeelegance.net\/index.php?rest_route=\/wp\/v2\/posts\/10901"}],"collection":[{"href":"https:\/\/citeelegance.net\/index.php?rest_route=\/wp\/v2\/posts"}],"about":[{"href":"https:\/\/citeelegance.net\/index.php?rest_route=\/wp\/v2\/types\/post"}],"author":[{"embeddable":true,"href":"https:\/\/citeelegance.net\/index.php?rest_route=\/wp\/v2\/users\/5"}],"replies":[{"embeddable":true,"href":"https:\/\/citeelegance.net\/index.php?rest_route=%2Fwp%2Fv2%2Fcomments&post=10901"}],"version-history":[{"count":1,"href":"https:\/\/citeelegance.net\/index.php?rest_route=\/wp\/v2\/posts\/10901\/revisions"}],"predecessor-version":[{"id":10903,"href":"https:\/\/citeelegance.net\/index.php?rest_route=\/wp\/v2\/posts\/10901\/revisions\/10903"}],"wp:featuredmedia":[{"embeddable":true,"href":"https:\/\/citeelegance.net\/index.php?rest_route=\/wp\/v2\/media\/10902"}],"wp:attachment":[{"href":"https:\/\/citeelegance.net\/index.php?rest_route=%2Fwp%2Fv2%2Fmedia&parent=10901"}],"wp:term":[{"taxonomy":"category","embeddable":true,"href":"https:\/\/citeelegance.net\/index.php?rest_route=%2Fwp%2Fv2%2Fcategories&post=10901"},{"taxonomy":"post_tag","embeddable":true,"href":"https:\/\/citeelegance.net\/index.php?rest_route=%2Fwp%2Fv2%2Ftags&post=10901"}],"curies":[{"name":"wp","href":"https:\/\/api.w.org\/{rel}","templated":true}]}}