{"id":10828,"date":"2024-08-31T16:54:18","date_gmt":"2024-08-31T16:54:18","guid":{"rendered":"https:\/\/citeelegance.net\/?p=10828"},"modified":"2024-08-31T16:57:13","modified_gmt":"2024-08-31T16:57:13","slug":"burkina-celbal-baara-une-initiative-patriotique-pour-la-paix-officiellement-lance","status":"publish","type":"post","link":"https:\/\/citeelegance.net\/?p=10828","title":{"rendered":"\u00abBurkina Celbal Baara\u00bb: Une initiative patriotique pour la paix officiellement lanc\u00e9"},"content":{"rendered":"<p><strong>Le Mouvement Le Faso Ma Patrie en collaboration avec l&#8217;association Bassem Yam pour le Faso a proc\u00e9d\u00e9 au lancement officiel de \u00abBurkina Celbal Baara \u00bb ce samedi 31 ao\u00fbt 2024. Burkina Celbal Baara se veut initiative patriotique citoyenne pour la consolidation de la paix au Burkina Faso. C&#8217;est une initiative qui invite les chefs coutumiers \u00e0 s&#8217;impliquer davantage dans le processus de la reconqu\u00eate du territoire national. Ladite c\u00e9r\u00e9monie officielle de lancement s&#8217;est tenue sous le patronage du Ministre d&#8217;\u00c9tat, Bassolma Bazi\u00e9, la Pr\u00e9sidence du Ministre de l&#8217;administration territoriale, \u00c9mile Zerbo, du Parrainage du PDG de SPGA-BTP SARL, Bedabou\u00e9 Bazi\u00e9 et du Co Parrainage du PDG de ESA Service, Gossirato Traor\u00e9.<\/strong><\/p>\n<p>Burkina Celbal Baara s&#8217;est donn\u00e9 pour objectif de contribuer \u00e0 l&#8217;\u00e9veil patriotique populaire pour une lib\u00e9ration totale du Burkina Faso. C&#8217;est une structure qui entend mobiliser et sensibiliser les chefs coutumiers en vue d&#8217;accompagner les autorit\u00e9s burkinab\u00e8 et l&#8217;ensemble des forces combattantes.<\/p>\n<p>D&#8217;entr\u00e9e de jeu, il s&#8217;est agi pour <strong>Dagnoe Naaba Saneem<\/strong> de souhaiter la bienvenue aux invit\u00e9s du jour. A lui d&#8217;ajouter que cette initiative est \u00e0 saluer \u00e0 sa juste valeur d&#8217;o\u00f9 la pr\u00e9sence effective des chefs et leaders coutumiers.<br \/>\n\u00ab Cette initiative est \u00e0 saluer et c&#8217;est ce qui explique la pr\u00e9sence des chefs coutumiers. Bon vent \u00e0 Burkina Celbal Baara\u00bb, a t&#8217;il laiss\u00e9 entendre.<\/p>\n<p>A entendre <strong>Adama Compaor\u00e9, Pr\u00e9sident CNAVC du mois,<\/strong> la parent\u00e9 \u00e0 plaisanterie est sp\u00e9ciale et une richesse culturelle du Burkina. Pour lui, elle permet de renforcer la coh\u00e9sion sociale et le bon vivre ensemble. \u00ab C&#8217;est une bonne initiative qu&#8217;il faut encourager et soutenir pour la souverainet\u00e9 du Burkina Faso. Si le peuple du Burkina Faso se met ensemble l&#8217;imp\u00e9rialisme tremble. Nous devons soutenir sans faille le Capitaine Ibrahim TRAOR\u00c9\u00bb, a-t-il laiss\u00e9 entendre.<\/p>\n<p>Le <strong>Repr\u00e9sentant des parrains, Bedabou\u00e9 Bazi\u00e9<\/strong> a insist\u00e9 sur le bien fond\u00e9 de Burkina Celbal Baara. Il soutient que cette initiative contribuera certes au retour de la paix.<\/p>\n<p>Pour le <strong>Bassem Yam Naaba Tigre<\/strong>, il est grand temps que les chefs coutumiers s&#8217;implique davantage dans le processus de la reconqu\u00eate du territoire national \u00e0 travers leurs actions et leurs conseils.<br \/>\n\u00ab Chaque leaders coutumiers doit faire ensemble sorte que la paix revienne. Il doit insister dans la sensibilisation des femmes fils et filles du Faso. Il y a des gens qui sont \u00e9gar\u00e9s et qui doivent \u00eatre recadrer. Je vous demande tous de faire un effort pour soutenir les autorit\u00e9s afin que le paix revienne au Burkina Faso. Je vous donne trois mois pour mettre fin au terrorisme avec votre accompagnement\u00bb, dixit Naaba Tigre.<\/p>\n<p>Selon le <strong>Pr\u00e9sident du Mouvement Le Faso Ma Patrie, Honor\u00e9 Samandoulgou<\/strong>, \u00e0 travers cette initiative, ils ambitionnent montrer, une fois de plus, si besoin en \u00e9tant, que les Femmes et les Hommes int\u00e8gres sont toutes et tous, vents debout, et pour toujours, contre le terrorisme international et toutes les formes de subterfuges n\u00e9ocoloniaux et fascistes, mis en \u0153uvre contre le Burkina Faso et l\u2019AES et partant, contre tous les peuples libres du monde.<\/p>\n<p>\u00abPatriotes de tous bords et de tout \u00e2ge, en votre nom \u00e0 tous, je d\u00e9clare solennellement lanc\u00e9e, l\u2019Initiative patriotique et citoyenne pour la consolidation de la paix au Burkina Faso, baptis\u00e9e &#8221; Burkina Celbal Baara&#8221;\u00bb, a-t-il d\u00e9clar\u00e9.<\/p>\n<p>Pour le <strong>repr\u00e9sentant du patron de la c\u00e9r\u00e9monie, le charg\u00e9 de mission au minist\u00e8re de la fonction publique, Seydou Sanou<\/strong>, au terme de cette c\u00e9r\u00e9monie solennelle de lancement de Burkina Celbal Bara, il convient de traduire l&#8217;engagement patriotique sans cesse renouvel\u00e9 en vue d\u2019accompagner le processus de lib\u00e9ration d\u00e9finitive du Burkina Faso, entam\u00e9 par les plus hautes autorit\u00e9s. A lui d&#8217;ajouter une mention toute sp\u00e9ciale, \u00e0 l\u2019ensemble du comit\u00e9 d\u2019organisation et \u00e0 l\u2019unit\u00e9 de gestion de Burkina Celbal Bara pour les efforts pr\u00e9sents et \u00e0 venir. \u00ab<br \/>\nJe salue tout singuli\u00e8rement la chefferie traditionnelle et coutumi\u00e8re dans toute sa diversit\u00e9, pour ce pas de plus franchi vers la pr\u00e9servation du vivre-ensemble dans ce contexte singulier.<br \/>\nPour notre part, en tant que membres du Gouvernement, sachez que nous ne m\u00e9nagerons aucun effort pour accompagner toute initiative citoyenne d\u00e9di\u00e9e \u00e0 la stabilisation de notre cher Faso.<br \/>\nVous donnez l\u00e0 un bel exemple patriotique \u00e0 l\u2019ensemble de nos concitoyens de la Conf\u00e9d\u00e9ration &#8220;Alliance des Etats du Sahel (AES) &#8220;. Je formule mes sinc\u00e8res v\u0153ux de plein succ\u00e8s \u00e0 Burkina Celbal Bara\u00bb, a soutenu le repr\u00e9sentant du Ministre d&#8217;\u00c9tat, Patron de la c\u00e9r\u00e9monie.<\/p>\n<p><strong>Sam Ousmane pour Cit\u00e9 Elegance<\/strong> \u270d\ud83c\udffc<\/p>\n<aside class=\"mashsb-container mashsb-main mashsb-stretched\"><div class=\"mashsb-box\"><div class=\"mashsb-buttons\"><a class=\"mashicon-facebook mash-small mash-center mashsb-noshadow\" href=\"https:\/\/www.facebook.com\/sharer.php?u=https%3A%2F%2Fciteelegance.net%2F%3Fp%3D10828\" target=\"_top\" rel=\"nofollow\"><span class=\"icon\"><\/span><span class=\"text\">Partagez<\/span><\/a><a class=\"mashicon-twitter mash-small mash-center mashsb-noshadow\" href=\"https:\/\/twitter.com\/intent\/tweet?text=&url=https:\/\/citeelegance.net\/?p=10828\" target=\"_top\" rel=\"nofollow\"><span class=\"icon\"><\/span><span class=\"text\">Tweet<\/span><\/a><div class=\"onoffswitch2 mash-small mashsb-noshadow\" style=\"display:none;\"><\/div><\/div>\n            <\/div>\n                <div style=\"clear:both;\"><\/div><\/aside>\n            <!-- Share buttons by mashshare.net - Version: 3.8.0--><div class=\"pdf24Plugin-cp\"> \t<form name=\"pdf24Form0\" method=\"post\" action=\"https:\/\/doc2pdf.pdf24.org\/wordpress.php\" target=\"pdf24PopWin\" onsubmit=\"var pdf24Win = window.open('about:blank', 'pdf24PopWin', 'resizable=yes,scrollbars=yes,width=600,height=250,left='+(screen.width\/2-300)+',top='+(screen.height\/3-125)+''); pdf24Win.focus(); if(typeof pdf24OnCreatePDF === 'function'){void(pdf24OnCreatePDF(this,pdf24Win));}\"> \t\t<input type=\"hidden\" name=\"blogCharset\" value=\"Cw1x07UAAA==\" \/><input type=\"hidden\" name=\"blogPosts\" value=\"MwQA\" \/><input type=\"hidden\" name=\"blogUrl\" value=\"yygpKSi20tdPzixJTc1JTU\/MS07Vy0stAQA=\" \/><input type=\"hidden\" name=\"blogName\" value=\"c\/YMcVVw9XF1d\/RzdgUA\" \/><input type=\"hidden\" name=\"blogValueEncoding\" value=\"gzdeflate base64\" \/><input type=\"hidden\" name=\"postId_0\" value=\"MzSwMLIAAA==\" \/><input type=\"hidden\" name=\"postTitle_0\" value=\"DcjBCYAwDAXQVTKHR53BAWJJ4WNMNaTiSuII3upi9vZ47RmrrzCmSXRhpZHZub0DzSYEQ4ADp9DO4SiBo3aX6qTcDxeVnJEgqrKJRW9L3\/0D\" \/><input type=\"hidden\" name=\"postLink_0\" value=\"yygpKSi20tdPzixJTc1JTU\/MS07Vy0st0bcvsDU0sDCyAAA=\" \/><input type=\"hidden\" name=\"postAuthor_0\" value=\"8yzOTUzNUfD2dAWiEEcA\" \/><input type=\"hidden\" name=\"postDateTime_0\" value=\"MzIwMtE1sNA1NlQwNLMysLAytAAA\" \/><input type=\"hidden\" name=\"postContent_0\" value=\"rVjNbhTLFd7zFBVHXCXSzBhMpCCwjYz5CVfAHWGElGyi6u6ameJWdzX109issmURZZFVpEiJssKXJ4jIilFe5D5BHiHfOVU90zMekBJdZJmZ7qo6f9\/5zlc+bI8PfXC2mR8\/VeKZjZ2qVRMEvjyS3opnUkxlcFoJ1YjSGiML62TQthGyU6Uw3\/z89sHNX9+V3ttSpxf38UXV4reyFq2NTph8lhSts+XyslpeChmFkU2ZjNnZTJdaGVEp8fnj\/ei+140Up8oU0uA06aT4\/EmUSnhZq0qLWzeFtMtPQRzcOPjVROzc4JXoVAxCNzqQX50SLQVig34TlSh1sBeqaVR2USK4xlujqxQDPMGzVupzcrW3QGFMxGmOWfkgIk4YmHgTNb52OmC78qJcqBl+2xhirZXzYvl34fNuXbeGXHGikp1sgpwrfGo8pYvypLyPPvvhFLx7E5c\/4NwqiqCcg\/\/aKdGwu9JMxFNZkVnk1y0va9ugZH1ecSKf0+fbDwIIqkE6vI3JsCQssCtRPENgwAY+5\/XL90GGEdfXmlriwzu9vByRh1MY9bpSMLG5Va0hUtXpacpwDsJpadRILN\/XGvZ\/p1xhR3TCVDonde\/K9MFjOups+vhkfP\/lVJydvHgKR1QFOEbAKXkiVKDFp3b37odnJ+JMuU6XMPjYeq\/hihUvnbTwfnK4nxvhcL89vnbYHu\/G1SB3lW0aWGUE2eK1KoOekSEUC0grqLYoeB\/\/8rJT2mygsLVtNJLqyGcQmIwuUMGcIhuk4Qi+DkD4HcsQXcIfKqyaStS20EZ7+ICseNV43X\/fiUy0dxfXpZZlaetWzpu8XkYqVUCRRZF8KZYf6OQ+OhhQdcFI82JmXUlGbF3IEABu5Sd9Vh+sNgRknRHyWsWRQGqGuZVznZLS09MDOGOVeC5lIcWZbJSqVxWjQwDhhUQHcDMXWjUdI1vG89SR5Doy+RpnTsSJMMjUKlg8pI1MDCqEjZYmZ6htpcn19FK8jh6LOhQHDvan2OU\/mTOoE7gP1GxGkOhSTlLGKWNKVpTxdfInh4UT+8fXPn8E1r5qHtvLQZLKXPHzRCWb5qsdZQZZAlcdkQAO3QXwz59GIOrQk5TBmdp76i2GlVOrQp6sHq1qdFJJ0MIpIYdaarSmhSBOn5+8OqUK1Fb70bp0TLMOK2ADPrVkjxDDMwcx+nZ5WRJJUPCEdqcRFSaMKKMh0JuNFpmIKRN61CPBr1rlauIFbFQNAzPT\/YJcQzZ4cKXj8bug\/OjO0cBLiJ4IqstWy2HZNvOvUzZDt2A70u7AQKkBCWGNdqtx42nUEkcpCvxKi59ppmMV26sEQLONQlq1nFmPFHAHgtG+VgL0m9x\/bnmQdBhwaz88jZqZ1JQi\/JzKVgfyRjwpnFzoWrx8cfLdi+V7xsM4jL+GhKdrBLxQGYDU9QzBNlGxv0rXawxIZNJjNOCVT4KBGhg00pBWQOl2IXUinhiORxO8dvbumohRcOUCExlwEKgI6xG\/CmSa5UofzUDJJN55qedOrfxm0iJEzJ0E4wZVt54d2cmw24P\/J5n71DKYqB0ZIDZCgCW9yUwTmWeAE202WGYhk5vbTISRpgPBYoB\/5BiZEz2\/kCRyqtMknrgEvCXVj8UMhSIHE6cXVICbqmv6D86QezMCH5NywjzOugAUaOUcu5navCWqupxLQhVtooewmCjsB5IYSJIEGsHq34KTE9Zr1AMdkL7keGJDjIxYUg+uOmFrvMmZbnIRN4O9KgRX9pgMgAntmd2SAbQouUfHyVQ7mKDGZOHcWXq5HrMkzKjXKn2OdA7QtgLnmTLI4wCdA3IlyfVl7T4Sv7ENETLmJmXGRjO3cQDjAYi2e4gwjqTUhaYyNnR+TV2l3IiJcEbxIsetiWhxr0WhvEXIaN\/lJZHAaNURj1L5GZgeLvE3DeL\/gDB9KnWgqvAaKt6IRxWdD97ASSrXDu9ojuM9dzjXapBgTeNj1SFqdapJ0oTMkmCIBZbN4hxfIeMsbjdQzaQXCJvSlwRomKg1q6N\/\/znSVFgb3KBkCurHP\/zl5OEZOyldCj2vDkle+0zonlSeS9BHMqt1jT9\/nCZ5mFzkfbhwVZyR9ACw\/8ccZSHBxhhqbM0F5Hy9BlFgXhpMVCTUEG7RZAwL0v8QXCN29MnuaxHpi\/\/7ZjQShWyD9qTqiOsObt7dSdz53WCyZJdZhO9mYrc5V2K+qWRvBpeeEe0qF9LN0+RA9XjKw9d0\/Vh+yNcSSfOFyVK0sWBKHuF+cIH2IH250SCpgWvemDpkeM9aJ3rznrVrcDnJUwM57XReg9arIjHUWkvPMRX4iGFxeGSXLH0gZajdDU\/jJNxR1E3RvjVNBvcKpHvGHd5d0RaEqyBrutXIRI3U2GIhY9igyS9JaKIEcjxdX\/Bord+YZgh766tCpCuCZgGE59bNZdPPCxX65bFJKxSmgu8huCOv\/R8bfKZ532vh4PNpHfE9ybk8Cb9VSVentvK6mUejCR+5X3iGz1iJUo0yA5qkFfPQTHCiyuRwMcA0MSk5PUo+ldRkK5YUM6iFcqFFGtq9ZHddLk5M+nO8TlOqO5OJOicbyVOMvBwId0vDbEDUw+TAjUKwqXFKJpvHLDrTsAFZS8T3jtc0RDRUuuUlXZodCQgZy62ROcRXinaotVa8AXhVmkiACgglEOSGDsiOwrZLczQH8Wo1St8Jg60wXijQ9zlkldmkqStAokNZ6WQvegF1apsZ\/8EpI5+p58bdE2O07O9ID4MMnJ0zuYC9X4DDf9kv5BlPIyMaSqSn1JdUci86DITzVFOFeedjiRd+57Wqv1UlyRGpN6\/w2Zf+2DL9As+tmLJnSIx28V30mO+ZuU+5bR4aNadQ12L7x7\/+8T9\/+9O\/0n5JAkKAfL0\/2qulX\/hiTDijqwAkTHpQ41v\/mXwMqF21d3wIoG9tLez57ucxBGAK7+TwjYap8UyWGO\/2e7YwRgDGpI8lXTRWTqDAC1nZt3ti4dTsaG8RQuvv7O+\/fft20h8xAT73sYzUYLto78UjXnX91sn1g0f4ATqUygmZ4OZFT289aq\/fenDzxu2D23toGjdX4Wjv98G2eyiSOdpr7MwaA7vIdCub3n1yHY\/26dnmG+rRveMpSYC5etev2Je7Yg9vdehj\/N9Dz7s5atI8TcAjpcI9cuHom+jMUb90O\/L9e+3RTx7zSzI+DHgABAjQ2czD4XJxsB3uRog+XBh1tFdp3xp5caexjbpLRnFW\/n1NDP7teMSPyXQ+qsQ9x90pbFgMDmLgbx31s\/FYnBF6RMarKC6Sg\/SQ0ibG4hVxu23uiFuT25Mb4\/HxfwE=\" \/> \t\t<a href=\"https:\/\/www.pdf24.org\" target=\"_blank\" title=\"www.pdf24.org\" rel=\"nofollow\"><img src=\"https:\/\/citeelegance.net\/wp-content\/plugins\/pdf24-posts-to-pdf\/img\/pdf_32x32.png\" alt=\"\" border=\"0\" height=\"32\" \/><\/a> \t\t<span class=\"pdf24Plugin-cp-space\">&nbsp;&nbsp;<\/span> \t\t<span class=\"pdf24Plugin-cp-text\">Send article as PDF<\/span> \t\t<span class=\"pdf24Plugin-cp-space\">&nbsp;&nbsp;<\/span> \t\t<input class=\"pdf24Plugin-cp-input\" style=\"margin: 0px;\" type=\"text\" name=\"sendEmailTo\" placeholder=\"Enter email address\" \/> \t\t<input class=\"pdf24Plugin-cp-submit\" style=\"margin: 0px;\" type=\"submit\" value=\"Send\" \/> \t<\/form> <\/div>","protected":false},"excerpt":{"rendered":"<p>Le Mouvement Le Faso Ma Patrie en collaboration avec l&#8217;association Bassem Yam pour le Faso a proc\u00e9d\u00e9 au lancement officiel de \u00abBurkina Celbal Baara \u00bb ce samedi 31 ao\u00fbt 2024. Burkina Celbal Baara se veut initiative patriotique citoyenne pour la consolidation de la paix au Burkina Faso. C&#8217;est une initiative qui invite les chefs coutumiers [&hellip;]<\/p>\n","protected":false},"author":5,"featured_media":10829,"comment_status":"open","ping_status":"closed","sticky":false,"template":"","format":"standard","meta":{"footnotes":""},"categories":[2,16],"tags":[665,667,666,668],"yoast_head":"<!-- This site is optimized with the Yoast SEO plugin v18.1 - https:\/\/yoast.com\/wordpress\/plugins\/seo\/ -->\n<title>\u00abBurkina Celbal Baara\u00bb: Une initiative patriotique pour la paix officiellement lanc\u00e9 - CITE ELEGANCE<\/title>\n<meta name=\"robots\" content=\"index, follow, max-snippet:-1, max-image-preview:large, max-video-preview:-1\" \/>\n<link rel=\"canonical\" href=\"https:\/\/citeelegance.net\/?p=10828\" \/>\n<meta property=\"og:locale\" content=\"fr_FR\" \/>\n<meta property=\"og:type\" content=\"article\" \/>\n<meta property=\"og:title\" content=\"\u00abBurkina Celbal Baara\u00bb: Une initiative patriotique pour la paix officiellement lanc\u00e9 - CITE ELEGANCE\" \/>\n<meta property=\"og:description\" content=\"Le Mouvement Le Faso Ma Patrie en collaboration avec l&#8217;association Bassem Yam pour le Faso a proc\u00e9d\u00e9 au lancement officiel de \u00abBurkina Celbal Baara \u00bb ce samedi 31 ao\u00fbt 2024. Burkina Celbal Baara se veut initiative patriotique citoyenne pour la consolidation de la paix au Burkina Faso. C&#8217;est une initiative qui invite les chefs coutumiers [&hellip;]\" \/>\n<meta property=\"og:url\" content=\"https:\/\/citeelegance.net\/?p=10828\" \/>\n<meta property=\"og:site_name\" content=\"CITE ELEGANCE\" \/>\n<meta property=\"article:published_time\" content=\"2024-08-31T16:54:18+00:00\" \/>\n<meta property=\"article:modified_time\" content=\"2024-08-31T16:57:13+00:00\" \/>\n<meta property=\"og:image\" content=\"https:\/\/citeelegance.net\/wp-content\/uploads\/2024\/08\/IMG_20240831_104356.jpg\" \/>\n\t<meta property=\"og:image:width\" content=\"621\" \/>\n\t<meta property=\"og:image:height\" content=\"465\" \/>\n\t<meta property=\"og:image:type\" content=\"image\/jpeg\" \/>\n<meta name=\"twitter:label1\" content=\"\u00c9crit par\" \/>\n\t<meta name=\"twitter:data1\" content=\"Ismael KIEKIETA\" \/>\n\t<meta name=\"twitter:label2\" content=\"Dur\u00e9e de lecture estim\u00e9e\" \/>\n\t<meta name=\"twitter:data2\" content=\"4 minutes\" \/>\n<script type=\"application\/ld+json\" class=\"yoast-schema-graph\">{\"@context\":\"https:\/\/schema.org\",\"@graph\":[{\"@type\":\"WebSite\",\"@id\":\"https:\/\/citeelegance.net\/#website\",\"url\":\"https:\/\/citeelegance.net\/\",\"name\":\"CITE ELEGANCE\",\"description\":\"\",\"potentialAction\":[{\"@type\":\"SearchAction\",\"target\":{\"@type\":\"EntryPoint\",\"urlTemplate\":\"https:\/\/citeelegance.net\/?s={search_term_string}\"},\"query-input\":\"required name=search_term_string\"}],\"inLanguage\":\"fr-FR\"},{\"@type\":\"ImageObject\",\"@id\":\"https:\/\/citeelegance.net\/?p=10828#primaryimage\",\"inLanguage\":\"fr-FR\",\"url\":\"https:\/\/citeelegance.net\/wp-content\/uploads\/2024\/08\/IMG_20240831_104356.jpg\",\"contentUrl\":\"https:\/\/citeelegance.net\/wp-content\/uploads\/2024\/08\/IMG_20240831_104356.jpg\",\"width\":621,\"height\":465},{\"@type\":\"WebPage\",\"@id\":\"https:\/\/citeelegance.net\/?p=10828#webpage\",\"url\":\"https:\/\/citeelegance.net\/?p=10828\",\"name\":\"\u00abBurkina Celbal Baara\u00bb: Une initiative patriotique pour la paix officiellement lanc\u00e9 - CITE ELEGANCE\",\"isPartOf\":{\"@id\":\"https:\/\/citeelegance.net\/#website\"},\"primaryImageOfPage\":{\"@id\":\"https:\/\/citeelegance.net\/?p=10828#primaryimage\"},\"datePublished\":\"2024-08-31T16:54:18+00:00\",\"dateModified\":\"2024-08-31T16:57:13+00:00\",\"author\":{\"@id\":\"https:\/\/citeelegance.net\/#\/schema\/person\/981ee78db24e1c4cf407476788535aba\"},\"breadcrumb\":{\"@id\":\"https:\/\/citeelegance.net\/?p=10828#breadcrumb\"},\"inLanguage\":\"fr-FR\",\"potentialAction\":[{\"@type\":\"ReadAction\",\"target\":[\"https:\/\/citeelegance.net\/?p=10828\"]}]},{\"@type\":\"BreadcrumbList\",\"@id\":\"https:\/\/citeelegance.net\/?p=10828#breadcrumb\",\"itemListElement\":[{\"@type\":\"ListItem\",\"position\":1,\"name\":\"Accueil\",\"item\":\"https:\/\/citeelegance.net\/\"},{\"@type\":\"ListItem\",\"position\":2,\"name\":\"\u00abBurkina Celbal Baara\u00bb: Une initiative patriotique pour la paix officiellement lanc\u00e9\"}]},{\"@type\":\"Person\",\"@id\":\"https:\/\/citeelegance.net\/#\/schema\/person\/981ee78db24e1c4cf407476788535aba\",\"name\":\"Ismael KIEKIETA\",\"url\":\"https:\/\/citeelegance.net\/?author=5\"}]}<\/script>\n<!-- \/ Yoast SEO plugin. -->","yoast_head_json":{"title":"\u00abBurkina Celbal Baara\u00bb: Une initiative patriotique pour la paix officiellement lanc\u00e9 - CITE ELEGANCE","robots":{"index":"index","follow":"follow","max-snippet":"max-snippet:-1","max-image-preview":"max-image-preview:large","max-video-preview":"max-video-preview:-1"},"canonical":"https:\/\/citeelegance.net\/?p=10828","og_locale":"fr_FR","og_type":"article","og_title":"\u00abBurkina Celbal Baara\u00bb: Une initiative patriotique pour la paix officiellement lanc\u00e9 - CITE ELEGANCE","og_description":"Le Mouvement Le Faso Ma Patrie en collaboration avec l&#8217;association Bassem Yam pour le Faso a proc\u00e9d\u00e9 au lancement officiel de \u00abBurkina Celbal Baara \u00bb ce samedi 31 ao\u00fbt 2024. Burkina Celbal Baara se veut initiative patriotique citoyenne pour la consolidation de la paix au Burkina Faso. C&#8217;est une initiative qui invite les chefs coutumiers [&hellip;]","og_url":"https:\/\/citeelegance.net\/?p=10828","og_site_name":"CITE ELEGANCE","article_published_time":"2024-08-31T16:54:18+00:00","article_modified_time":"2024-08-31T16:57:13+00:00","og_image":[{"width":621,"height":465,"url":"https:\/\/citeelegance.net\/wp-content\/uploads\/2024\/08\/IMG_20240831_104356.jpg","type":"image\/jpeg"}],"twitter_misc":{"\u00c9crit par":"Ismael KIEKIETA","Dur\u00e9e de lecture estim\u00e9e":"4 minutes"},"schema":{"@context":"https:\/\/schema.org","@graph":[{"@type":"WebSite","@id":"https:\/\/citeelegance.net\/#website","url":"https:\/\/citeelegance.net\/","name":"CITE ELEGANCE","description":"","potentialAction":[{"@type":"SearchAction","target":{"@type":"EntryPoint","urlTemplate":"https:\/\/citeelegance.net\/?s={search_term_string}"},"query-input":"required name=search_term_string"}],"inLanguage":"fr-FR"},{"@type":"ImageObject","@id":"https:\/\/citeelegance.net\/?p=10828#primaryimage","inLanguage":"fr-FR","url":"https:\/\/citeelegance.net\/wp-content\/uploads\/2024\/08\/IMG_20240831_104356.jpg","contentUrl":"https:\/\/citeelegance.net\/wp-content\/uploads\/2024\/08\/IMG_20240831_104356.jpg","width":621,"height":465},{"@type":"WebPage","@id":"https:\/\/citeelegance.net\/?p=10828#webpage","url":"https:\/\/citeelegance.net\/?p=10828","name":"\u00abBurkina Celbal Baara\u00bb: Une initiative patriotique pour la paix officiellement lanc\u00e9 - CITE ELEGANCE","isPartOf":{"@id":"https:\/\/citeelegance.net\/#website"},"primaryImageOfPage":{"@id":"https:\/\/citeelegance.net\/?p=10828#primaryimage"},"datePublished":"2024-08-31T16:54:18+00:00","dateModified":"2024-08-31T16:57:13+00:00","author":{"@id":"https:\/\/citeelegance.net\/#\/schema\/person\/981ee78db24e1c4cf407476788535aba"},"breadcrumb":{"@id":"https:\/\/citeelegance.net\/?p=10828#breadcrumb"},"inLanguage":"fr-FR","potentialAction":[{"@type":"ReadAction","target":["https:\/\/citeelegance.net\/?p=10828"]}]},{"@type":"BreadcrumbList","@id":"https:\/\/citeelegance.net\/?p=10828#breadcrumb","itemListElement":[{"@type":"ListItem","position":1,"name":"Accueil","item":"https:\/\/citeelegance.net\/"},{"@type":"ListItem","position":2,"name":"\u00abBurkina Celbal Baara\u00bb: Une initiative patriotique pour la paix officiellement lanc\u00e9"}]},{"@type":"Person","@id":"https:\/\/citeelegance.net\/#\/schema\/person\/981ee78db24e1c4cf407476788535aba","name":"Ismael KIEKIETA","url":"https:\/\/citeelegance.net\/?author=5"}]}},"_links":{"self":[{"href":"https:\/\/citeelegance.net\/index.php?rest_route=\/wp\/v2\/posts\/10828"}],"collection":[{"href":"https:\/\/citeelegance.net\/index.php?rest_route=\/wp\/v2\/posts"}],"about":[{"href":"https:\/\/citeelegance.net\/index.php?rest_route=\/wp\/v2\/types\/post"}],"author":[{"embeddable":true,"href":"https:\/\/citeelegance.net\/index.php?rest_route=\/wp\/v2\/users\/5"}],"replies":[{"embeddable":true,"href":"https:\/\/citeelegance.net\/index.php?rest_route=%2Fwp%2Fv2%2Fcomments&post=10828"}],"version-history":[{"count":2,"href":"https:\/\/citeelegance.net\/index.php?rest_route=\/wp\/v2\/posts\/10828\/revisions"}],"predecessor-version":[{"id":10831,"href":"https:\/\/citeelegance.net\/index.php?rest_route=\/wp\/v2\/posts\/10828\/revisions\/10831"}],"wp:featuredmedia":[{"embeddable":true,"href":"https:\/\/citeelegance.net\/index.php?rest_route=\/wp\/v2\/media\/10829"}],"wp:attachment":[{"href":"https:\/\/citeelegance.net\/index.php?rest_route=%2Fwp%2Fv2%2Fmedia&parent=10828"}],"wp:term":[{"taxonomy":"category","embeddable":true,"href":"https:\/\/citeelegance.net\/index.php?rest_route=%2Fwp%2Fv2%2Fcategories&post=10828"},{"taxonomy":"post_tag","embeddable":true,"href":"https:\/\/citeelegance.net\/index.php?rest_route=%2Fwp%2Fv2%2Ftags&post=10828"}],"curies":[{"name":"wp","href":"https:\/\/api.w.org\/{rel}","templated":true}]}}