{"id":10768,"date":"2024-08-04T19:33:34","date_gmt":"2024-08-04T19:33:34","guid":{"rendered":"https:\/\/citeelegance.net\/?p=10768"},"modified":"2024-08-04T19:34:33","modified_gmt":"2024-08-04T19:34:33","slug":"burkina-musique-la-voix-des-peuples-aes-un-nouvel-album-du-general-tty","status":"publish","type":"post","link":"https:\/\/citeelegance.net\/?p=10768","title":{"rendered":"Burkina\/Musique : \u00ab La voix des peuples AES\u00bb, un nouvel album du G\u00e9n\u00e9ral TTY"},"content":{"rendered":"<p><strong>L&#8217;artiste Le G\u00e9n\u00e9ral TTY a proc\u00e9d\u00e9 \u00e0 la sortie officielle de son nouvel album reggae intitul\u00e9 \u00abLa voix des peuples AES\u00bb ce dimanche 04 ao\u00fbt 2024 \u00e0 Ouagadougou. <\/strong><strong>C&#8217;est un album de 06 titres majoritairement ax\u00e9s sur la recherche de la paix, la lutte contre l&#8217;ins\u00e9curit\u00e9, le soutien aux FDS, au Capitaine Ibrahim TRAORE et son \u00e9quipe, I&#8217;AES qui a \u00e9t\u00e9 pr\u00e9sent\u00e9 aux m\u00e9lomanes. L&#8217;album s&#8217;inscrit dans un style reggae et tradi-moderne africain. Parents, amis et coll\u00e8gues sont venus soutenir l&#8217;artiste. Il s&#8217;est agi entre autres du parrain artistique, Grand Docteur et du Charg\u00e9 de Mission de l&#8217;ouest, Florent Neya.<\/strong><\/p>\n<p><a href=\"https:\/\/citeelegance.net\/wp-content\/uploads\/2024\/08\/IMG_20240804_170432.jpg\"><img loading=\"lazy\" decoding=\"async\" class=\"size-medium wp-image-10770 aligncenter\" src=\"https:\/\/citeelegance.net\/wp-content\/uploads\/2024\/08\/IMG_20240804_170432-300x225.jpg\" alt=\"\" width=\"300\" height=\"225\" srcset=\"https:\/\/citeelegance.net\/wp-content\/uploads\/2024\/08\/IMG_20240804_170432-300x225.jpg 300w, https:\/\/citeelegance.net\/wp-content\/uploads\/2024\/08\/IMG_20240804_170432-105x80.jpg 105w, https:\/\/citeelegance.net\/wp-content\/uploads\/2024\/08\/IMG_20240804_170432.jpg 621w\" sizes=\"(max-width: 300px) 100vw, 300px\" \/><\/a><\/p>\n<p>Artiste engag\u00e9 pour le soutien au FDS depuis le d\u00e9but de la crise s\u00e9curitaire au Burkina Faso, Le G\u00e9n\u00e9ral TTY fait des voix qui se font entendre pour la reconqu\u00eate, la lib\u00e9ration totale, la souverainet\u00e9 et le d\u00e9veloppement des pays africains. Apr\u00e8s des titres comme FDS, Marchands d&#8217;armes, Militaires de mon pays en 2019, 2020 et 2021, Le G\u00e9n\u00e9ral TTY pr\u00e9sente en 2024 l&#8217;album \u00abLa voix des peuples AES\u00bb compos\u00e9 essentiellement de six titres, chant\u00e9s dans un style reggae et tradi-moderne. Il s&#8217;agit de \u00abLa voix des peuples AES\u00bb, \u00abCapitaine Ibrahim TRAOR\u00c9 \u00bb, \u00abFDS\u00bb, \u00abMarchands d&#8217;armes\u00bb, \u00abEnr\u00f4ler\/voter feat Ramdes\u00bb, \u00abCorona collectif\u00bb et \u00abUnit\u00e9\/Lagmentaare bis\u00bb.<\/p>\n<p><a href=\"https:\/\/citeelegance.net\/wp-content\/uploads\/2024\/08\/IMG_20240804_182505.jpg\"><img loading=\"lazy\" decoding=\"async\" class=\"size-medium wp-image-10771 aligncenter\" src=\"https:\/\/citeelegance.net\/wp-content\/uploads\/2024\/08\/IMG_20240804_182505-300x225.jpg\" alt=\"\" width=\"300\" height=\"225\" srcset=\"https:\/\/citeelegance.net\/wp-content\/uploads\/2024\/08\/IMG_20240804_182505-300x225.jpg 300w, https:\/\/citeelegance.net\/wp-content\/uploads\/2024\/08\/IMG_20240804_182505-105x80.jpg 105w, https:\/\/citeelegance.net\/wp-content\/uploads\/2024\/08\/IMG_20240804_182505.jpg 621w\" sizes=\"(max-width: 300px) 100vw, 300px\" \/><\/a><\/p>\n<p>Le titre fard, \u00ab La voix des peuples AES\u00bb est un r\u00e9cit, une \u00e9pop\u00e9e des peuples de l&#8217;Alliance des \u00c9tats du Sahel. Il retrace l&#8217;arriv\u00e9e tragique du terrorisme, au milieu de l&#8217;\u00e9mergence des \u00e9tats sah\u00e9liens. C&#8217;est un titre qui retrace l&#8217;arriv\u00e9e tragique du terrorisme, au milieu de l&#8217;\u00e9mergence des \u00e9tats sah\u00e9liens. L&#8217;objectif \u00e9tant de participer activement \u00e0 la marche triomphale des peuples de l&#8217;AES.<\/p>\n<p><a href=\"https:\/\/citeelegance.net\/wp-content\/uploads\/2024\/08\/IMG_20240804_174438.jpg\"><img loading=\"lazy\" decoding=\"async\" class=\"size-medium wp-image-10772 aligncenter\" src=\"https:\/\/citeelegance.net\/wp-content\/uploads\/2024\/08\/IMG_20240804_174438-300x225.jpg\" alt=\"\" width=\"300\" height=\"225\" srcset=\"https:\/\/citeelegance.net\/wp-content\/uploads\/2024\/08\/IMG_20240804_174438-300x225.jpg 300w, https:\/\/citeelegance.net\/wp-content\/uploads\/2024\/08\/IMG_20240804_174438-105x80.jpg 105w, https:\/\/citeelegance.net\/wp-content\/uploads\/2024\/08\/IMG_20240804_174438.jpg 621w\" sizes=\"(max-width: 300px) 100vw, 300px\" \/><\/a><br \/>\nA entendre, <strong>Le G\u00e9n\u00e9ral TTY<\/strong>, le titre Ibrahim s&#8217;inscrit en hommage au Pr\u00e9sident du Faso. A lui d&#8217;ajouter que le titre soutient aux FDS est inspir\u00e9 de la crise s\u00e9curitaire que connait le Burkina Faso. Sur le titre Marchand d&#8217;armes, l&#8217;artiste affirme que la crise s\u00e9curitaire est la faute des marchands d&#8217;armes et des trafiquants d&#8217;armes. \u00ab <em>C&#8217;est mon ras le bol contre les marchand d&#8217;armes. Le titre enr\u00f4ler\/voter est une sensibilisation pour les jeunes \u00e0 s&#8217;enr\u00f4ler et \u00e0 voter pendant les \u00e9lections. Si vous aimez IB vous devez voter. Il faut aller voter pour changer les choses. L&#8217;objectif de l&#8217;album c&#8217;est de participer \u00e0 la communication de l&#8217;AES. Il faut tout le monde doit produire des \u0153uvres pour l&#8217;AES. Nous devons communiquer pour accompagner nos pr\u00e9sidents. Ce sont des titres d&#8217;actualit\u00e9 qui sensibilisent. Nous allons travailler \u00e0 faire voyager l&#8217;album dans la sous r\u00e9gion et \u00e0 l&#8217;international. Nous avons un projet de tourn\u00e9e nationale et il ne manque que le financement. Je suis engag\u00e9 pour la Patrie<\/em>\u00bb, a laiss\u00e9 entendre <strong>Le G\u00e9n\u00e9ral TTY<\/strong>.<\/p>\n<p><a href=\"https:\/\/citeelegance.net\/wp-content\/uploads\/2024\/08\/IMG_20240804_181508-1.jpg\"><img loading=\"lazy\" decoding=\"async\" class=\"size-medium wp-image-10773 aligncenter\" src=\"https:\/\/citeelegance.net\/wp-content\/uploads\/2024\/08\/IMG_20240804_181508-1-300x225.jpg\" alt=\"\" width=\"300\" height=\"225\" srcset=\"https:\/\/citeelegance.net\/wp-content\/uploads\/2024\/08\/IMG_20240804_181508-1-300x225.jpg 300w, https:\/\/citeelegance.net\/wp-content\/uploads\/2024\/08\/IMG_20240804_181508-1-105x80.jpg 105w, https:\/\/citeelegance.net\/wp-content\/uploads\/2024\/08\/IMG_20240804_181508-1.jpg 621w\" sizes=\"(max-width: 300px) 100vw, 300px\" \/><\/a><\/p>\n<p>Selon le <strong>parrain artistique, Grand Docteur<\/strong>, c&#8217;est une m\u00eame ligne de combat qui le lie au G\u00e9n\u00e9ral TTY. \u00ab Je suis parrain artistique parce que l&#8217;artiste est dans la lutte pour la lib\u00e9ration de l&#8217;Afrique. Nous avons le m\u00eame combat le d\u00e9veloppement et l&#8217;avenir du pays\u00bb, a confi\u00e9 Grand Docteur.<\/p>\n<p><a href=\"https:\/\/citeelegance.net\/wp-content\/uploads\/2024\/08\/IMG_20240804_184344.jpg\"><img loading=\"lazy\" decoding=\"async\" class=\"size-medium wp-image-10774 aligncenter\" src=\"https:\/\/citeelegance.net\/wp-content\/uploads\/2024\/08\/IMG_20240804_184344-300x225.jpg\" alt=\"\" width=\"300\" height=\"225\" srcset=\"https:\/\/citeelegance.net\/wp-content\/uploads\/2024\/08\/IMG_20240804_184344-300x225.jpg 300w, https:\/\/citeelegance.net\/wp-content\/uploads\/2024\/08\/IMG_20240804_184344-105x80.jpg 105w, https:\/\/citeelegance.net\/wp-content\/uploads\/2024\/08\/IMG_20240804_184344.jpg 621w\" sizes=\"(max-width: 300px) 100vw, 300px\" \/><\/a><\/p>\n<p>Le G\u00e9n\u00e9ral TTY ou Tond Tenga Yiinga de son vrai nom Josu\u00e9 Da\u00efla est n\u00e9 en 1983 \u00e0 Tiyil\u00e9 est fils de pasteur et professeur certifi\u00e9 de l&#8217;enseignement technique.<\/p>\n<p>L&#8217;album est disponible en cl\u00e9 USB au prix unitaire de <strong>5000 FCFA<\/strong> et disponible dans les discoth\u00e8ques habituels et sur les diff\u00e9rentes plateformes de t\u00e9l\u00e9chargement. La cl\u00e9 USB d&#8217;Or num\u00e9ro 001 a \u00e9t\u00e9 vendu \u00e0 <strong>50 000 FCFA<\/strong>.<\/p>\n<p>Isma\u00ebl Kiekieta \u270d\ud83c\udffc<\/p>\n<aside class=\"mashsb-container mashsb-main mashsb-stretched\"><div class=\"mashsb-box\"><div class=\"mashsb-buttons\"><a class=\"mashicon-facebook mash-small mash-center mashsb-noshadow\" href=\"https:\/\/www.facebook.com\/sharer.php?u=https%3A%2F%2Fciteelegance.net%2F%3Fp%3D10768\" target=\"_top\" rel=\"nofollow\"><span class=\"icon\"><\/span><span class=\"text\">Partagez<\/span><\/a><a class=\"mashicon-twitter mash-small mash-center mashsb-noshadow\" href=\"https:\/\/twitter.com\/intent\/tweet?text=&url=https:\/\/citeelegance.net\/?p=10768\" target=\"_top\" rel=\"nofollow\"><span class=\"icon\"><\/span><span class=\"text\">Tweet<\/span><\/a><div class=\"onoffswitch2 mash-small mashsb-noshadow\" style=\"display:none;\"><\/div><\/div>\n            <\/div>\n                <div style=\"clear:both;\"><\/div><\/aside>\n            <!-- Share buttons by mashshare.net - Version: 3.8.0--><div class=\"pdf24Plugin-cp\"> \t<form name=\"pdf24Form0\" method=\"post\" action=\"https:\/\/doc2pdf.pdf24.org\/wordpress.php\" target=\"pdf24PopWin\" onsubmit=\"var pdf24Win = window.open('about:blank', 'pdf24PopWin', 'resizable=yes,scrollbars=yes,width=600,height=250,left='+(screen.width\/2-300)+',top='+(screen.height\/3-125)+''); pdf24Win.focus(); if(typeof pdf24OnCreatePDF === 'function'){void(pdf24OnCreatePDF(this,pdf24Win));}\"> \t\t<input type=\"hidden\" name=\"blogCharset\" value=\"Cw1x07UAAA==\" \/><input type=\"hidden\" name=\"blogPosts\" value=\"MwQA\" \/><input type=\"hidden\" name=\"blogUrl\" value=\"yygpKSi20tdPzixJTc1JTU\/MS07Vy0stAQA=\" \/><input type=\"hidden\" name=\"blogName\" value=\"c\/YMcVVw9XF1d\/RzdgUA\" \/><input type=\"hidden\" name=\"blogValueEncoding\" value=\"gzdeflate base64\" \/><input type=\"hidden\" name=\"postId_0\" value=\"MzQwN7MAAA==\" \/><input type=\"hidden\" name=\"postTitle_0\" value=\"cyotys7MS9T3LS3OLCxNVbBSOLRawSdRoSw\/s0IhJbVYoSC1tCAHSDu6Bh\/araNQmqeQl19alpqjkJiTVJqrkFKq4H54Zd7hlUWJOQohIZEA\" \/><input type=\"hidden\" name=\"postLink_0\" value=\"yygpKSi20tdPzixJTc1JTU\/MS07Vy0st0bcvsDU0MDezAAA=\" \/><input type=\"hidden\" name=\"postAuthor_0\" value=\"8yzOTUzNUfD2dAWiEEcA\" \/><input type=\"hidden\" name=\"postDateTime_0\" value=\"MzIwMtE1sNA1MFEwtLQysLAyNgEA\" \/><input type=\"hidden\" name=\"postContent_0\" value=\"xVnLchu5Fd37KxCmPDWp4qNJSbbGI8olP+TSxB67LE2qZuUCu9EkZHSjDaApyn8wi1QW2aYqWZrjRTbZTVbuyo\/kC\/IJORfopkhKnkliMnapzCaAvi\/ce+4BeFAcHlhndD4+fPrFr\/cH\/btfc+OkdYI9FexJNc+rueGKnZ19zzgrjI6reVLNWfUXpjizGmsF02kqYymUEiwRGMxZrsupUIyrUZkxI8ZjLpjMnXSlwssf3j\/lbKrlDMstK0RZKHwePT798BOLIUNmPI8ngkW7jOvqJ8cG0WCXVD4v+ZgnuhzrsssOerXhjQMPaweEdazMa+UwKLrDoNlARcbPtZGOSyMykTvGZ9XcMlsacsYI6DSkF+\/ge8HlrE0PqnQIR6xzyGCqViJzW83jEtKqOVaR2yViAbXljB0\/Om3jgT3kBWnLBTsZGT6RGTt7efT85WMmnA9TNX9TykK02UktFTFgGEKoqzkEI+AwEJbikeRm1VxpBEfYLltsl3fTXpkVwyaW8NxSEKy7hG31DkCrMzyRnUwnwsAqnhoZw74ue8EN1FhYnUlLC2OtVPVuXCJqsNSxqchL650UuTSLMNTJ0mUnamEDxZ+PJRM+YLz0oU9KBNQYKGPhHfmmhONPDM8T9kjHTmAXoBfrHk64GcNjbMMzaa1EoJKrwGuY5NrsWGmymH0rLnn3KhV6xeGtA+Q0ZxMj0mFr4lxh7\/V6sXRCKDFGYoluLlzvoujQjkJED+mneWJ7lGW9aL938uzJK3qO9qPdV\/270e7OoHtejFuHBzIbM1or8\/GwpfjbyxYsi3X4zu1lHrdYrLi1w5aVb0UnE4nE5kAXUnosOv3o7t0IiSnHMAPKTYtZE2\/Mys5OFM0Ggz1vLdS4YavFLmTiJsMWplpsIuR4glGs8ZqtcFtRzvB80WabktyP9mb7kReMx80J9hLvDPoXCAa2C7v2ZcZnHR+xe+RDMfsNNEZTqPTfWqyHFOOLNDuqoVLkY04ZW2iCkmUsIChAjhQlqorgsZqPSlcDDArVYm0NIwRK9MKD0ryWOWfH3Or2dRBOOVU3CsrjJ2EFZKRUoZRQeQIhwQoPaDp\/U1Y\/OhFwTI5IjqOCctpxFYYtYTUVpiCYQQkGO4HfuigCTnqY5pd2ARjAnyNg0zvrp2p0jXWWiYB9zziAFJWN+QVQZALw8kyq4Cq9yTJY4uUiVoOo\/1WbkD4iG\/DZv8H7Bg9FeANdQa3A4M92Fp0V2pKLlkT4flV7h+2f1V60GRnuqC\/8Rxi6gnxAPS\/uZ8xoY\/IjbaH6gYV5hDA8fCSMYfJxbqq\/KWF6Uw0kYangjr3kWdLMP9SARO6BXMROpggBjP\/w\/rucelbvKR+T9xzAz0YS73S3AJ77g71ob4Pg2d8KeHorPxd4XlO+MfAMkrcAnotd\/STwRHH7kgOkmYQSln28dmtKh+qH1W08ChCkQhfVXKysXuIJR0pJcs3PVz847jwJOeUToXzRGoFCjsUSlTFySgIxPCZ2QsuRZgaU0WbCE7oM8CXKZTXVPBNmLBaK5l6R5RNQNbQAAOUaLQ0+E3D\/vwxomKIenXsg8GsC7hXExWJQUMM4pqYBEAO5z7gnw85IAOeEq49H+vHpNrDj7u7uzv4GsWOwHeJFVn424rWufHPEy0veBvFqdvV\/w46RwdOtowXZabPF8XWNKyzOBP50FqquabfrpyWQiQnICzKFauwFkQyZeGpQeh4GtoNToLzqwud0DjKManQhvCZ9rjkBetCChkKacJi5mfKRDIQuJ14HWcv0r8tOA58MCho2sM6p1s5iIGmpxEyw7kadZBlmUpzNQlVnNxMNfyAjgmd4CkACaKwt6BJsH4hs5exNrM5wz3dHWi0Ozktq1oUsWoFY5TQBMmE8cEyOAH02sNeaZ1t2LjBtCbAWh89aApmO4SCnQK4Q4ikPkJ4OaULGU4kFONZymYm37ORB+JaIKb75N32joDChqEloLY7UkyNjEcyIJ9qKm5B2CSUDQY2X4rSKvwF0iUOXOTi2Wzv2EsgujHFINQovIo0liUbqFEYnJe0t7dc\/\/lhOiWKHOC1L+LZ2EO43upAmtUs8Jo7MxzkGcm0D2\/aFQG1MhIuAJcK\/2MXYlcBWOj6EA0mzW3izVonwkUok0pRLH0r4m\/pknOpL7gO5EihPvsPpxFLfH1M8wp5eXcFgM3IfKa4aPd4ztFnE49xnLwXL5NRWm6WexEvFkFgZz6lK6jpOUXgAtMyb\/Q38pVPb6tmOsxccHVEc9JD0xLNxrOLS+mNFc\/76RUTaCtPu70UA7A32y53tcO1g52dj29fVb45v17K3wbivdveTOPcpDvU5pXqTo794J7fURuMVIoviqX5El6Ec8VemwI4RjqCEAIqGfS9dKQDfLZq6uq6ZhuK6GNdamofLGhHCdWxTjsuXGstwmRoSuYIKqjG5tvT6PQddfjSap\/6e019bXtpQ6dirVKLSVwK0lWLe3dnd3WAp726nlMnKz1bI68o3V8Ze8jaKuNnVTz02r96J6ZKdgQewM+pU7Hsp6aP+HWaKEkMrz9g32pbI3Ee8+iuKhsop9y2L9b\/a36GmeiYvpfKXYw59UNnATmxzLY92mtK9GREfgaL0dbBUb2j5goDAl5ET8cTzikVtrP5Y4atZ2kLncqT8VV5Mqr87fUCQURg5A77UVDW5wqq9KIrY8cPjowUmeX56JSggBBETaWPtJtW7N\/T7xYSPpCuF8nTW1swxkWmKGFJFAIsUdyLVnvISYwBHBF2mnyFqMvCUX5nYsJ7nIEllBhmaRVF\/8ZMNcAOggYhemc2uGb4IzInNePVesd9K8VoKx9k\/\/\/T7f\/35D38P85zYV1PdGbcTO\/K5RneHhtUDGaFo\/QzxwuHUngA4Ejlde3WkZzePA1EBkC2CsKUZCVWdlMdipPVrr6EDa5UKjwFMGsWgixOeaGT1KgZeXFx0GxFd4G4Pywx4dTEp7pdDv+r2ztHtwTH+1iuLRneOi9s7j4Bhd\/ZbzNGGAD1eOV20mBFq2Mp1qkEtL2C7LXjemE+mY6hHY6szTsxc6\/AFGgvA8W2zgurruu\/uQrrGx\/\/e9fpt77UM+OAuhHD3yYThF6VRw49iyv1iuHGfz0j5ssNLiaAhM7UwOJ4M1t1dcdHfhQ9bVHSKX97LdS6+JqWQVf9\/iy39u2HID5PqWlSsBDf3RijXJUE+8ddE\/arTYacTf10d8pWNLoOBNEhhYx32O2HoB0MgaXe\/G3U6h\/8G\" \/> \t\t<a href=\"https:\/\/www.pdf24.org\" target=\"_blank\" title=\"www.pdf24.org\" rel=\"nofollow\"><img src=\"https:\/\/citeelegance.net\/wp-content\/plugins\/pdf24-posts-to-pdf\/img\/pdf_32x32.png\" alt=\"\" border=\"0\" height=\"32\" \/><\/a> \t\t<span class=\"pdf24Plugin-cp-space\">&nbsp;&nbsp;<\/span> \t\t<span class=\"pdf24Plugin-cp-text\">Send article as PDF<\/span> \t\t<span class=\"pdf24Plugin-cp-space\">&nbsp;&nbsp;<\/span> \t\t<input class=\"pdf24Plugin-cp-input\" style=\"margin: 0px;\" type=\"text\" name=\"sendEmailTo\" placeholder=\"Enter email address\" \/> \t\t<input class=\"pdf24Plugin-cp-submit\" style=\"margin: 0px;\" type=\"submit\" value=\"Send\" \/> \t<\/form> <\/div>","protected":false},"excerpt":{"rendered":"<p>L&#8217;artiste Le G\u00e9n\u00e9ral TTY a proc\u00e9d\u00e9 \u00e0 la sortie officielle de son nouvel album reggae intitul\u00e9 \u00abLa voix des peuples AES\u00bb ce dimanche 04 ao\u00fbt 2024 \u00e0 Ouagadougou. C&#8217;est un album de 06 titres majoritairement ax\u00e9s sur la recherche de la paix, la lutte contre l&#8217;ins\u00e9curit\u00e9, le soutien aux FDS, au Capitaine Ibrahim TRAORE et [&hellip;]<\/p>\n","protected":false},"author":5,"featured_media":10769,"comment_status":"open","ping_status":"closed","sticky":false,"template":"","format":"standard","meta":{"footnotes":""},"categories":[2,13],"tags":[656,655,657],"yoast_head":"<!-- This site is optimized with the Yoast SEO plugin v18.1 - https:\/\/yoast.com\/wordpress\/plugins\/seo\/ -->\n<title>Burkina\/Musique : \u00ab La voix des peuples AES\u00bb, un nouvel album du G\u00e9n\u00e9ral TTY - CITE ELEGANCE<\/title>\n<meta name=\"robots\" content=\"index, follow, max-snippet:-1, max-image-preview:large, max-video-preview:-1\" \/>\n<link rel=\"canonical\" href=\"https:\/\/citeelegance.net\/?p=10768\" \/>\n<meta property=\"og:locale\" content=\"fr_FR\" \/>\n<meta property=\"og:type\" content=\"article\" \/>\n<meta property=\"og:title\" content=\"Burkina\/Musique : \u00ab La voix des peuples AES\u00bb, un nouvel album du G\u00e9n\u00e9ral TTY - CITE ELEGANCE\" \/>\n<meta property=\"og:description\" content=\"L&#8217;artiste Le G\u00e9n\u00e9ral TTY a proc\u00e9d\u00e9 \u00e0 la sortie officielle de son nouvel album reggae intitul\u00e9 \u00abLa voix des peuples AES\u00bb ce dimanche 04 ao\u00fbt 2024 \u00e0 Ouagadougou. C&#8217;est un album de 06 titres majoritairement ax\u00e9s sur la recherche de la paix, la lutte contre l&#8217;ins\u00e9curit\u00e9, le soutien aux FDS, au Capitaine Ibrahim TRAORE et [&hellip;]\" \/>\n<meta property=\"og:url\" content=\"https:\/\/citeelegance.net\/?p=10768\" \/>\n<meta property=\"og:site_name\" content=\"CITE ELEGANCE\" \/>\n<meta property=\"article:published_time\" content=\"2024-08-04T19:33:34+00:00\" \/>\n<meta property=\"article:modified_time\" content=\"2024-08-04T19:34:33+00:00\" \/>\n<meta property=\"og:image\" content=\"https:\/\/citeelegance.net\/wp-content\/uploads\/2024\/08\/IMG_20240804_181508.jpg\" \/>\n\t<meta property=\"og:image:width\" content=\"621\" \/>\n\t<meta property=\"og:image:height\" content=\"465\" \/>\n\t<meta property=\"og:image:type\" content=\"image\/jpeg\" \/>\n<meta name=\"twitter:label1\" content=\"\u00c9crit par\" \/>\n\t<meta name=\"twitter:data1\" content=\"Ismael KIEKIETA\" \/>\n\t<meta name=\"twitter:label2\" content=\"Dur\u00e9e de lecture estim\u00e9e\" \/>\n\t<meta name=\"twitter:data2\" content=\"3 minutes\" \/>\n<script type=\"application\/ld+json\" class=\"yoast-schema-graph\">{\"@context\":\"https:\/\/schema.org\",\"@graph\":[{\"@type\":\"WebSite\",\"@id\":\"https:\/\/citeelegance.net\/#website\",\"url\":\"https:\/\/citeelegance.net\/\",\"name\":\"CITE ELEGANCE\",\"description\":\"\",\"potentialAction\":[{\"@type\":\"SearchAction\",\"target\":{\"@type\":\"EntryPoint\",\"urlTemplate\":\"https:\/\/citeelegance.net\/?s={search_term_string}\"},\"query-input\":\"required name=search_term_string\"}],\"inLanguage\":\"fr-FR\"},{\"@type\":\"ImageObject\",\"@id\":\"https:\/\/citeelegance.net\/?p=10768#primaryimage\",\"inLanguage\":\"fr-FR\",\"url\":\"https:\/\/citeelegance.net\/wp-content\/uploads\/2024\/08\/IMG_20240804_181508.jpg\",\"contentUrl\":\"https:\/\/citeelegance.net\/wp-content\/uploads\/2024\/08\/IMG_20240804_181508.jpg\",\"width\":621,\"height\":465},{\"@type\":\"WebPage\",\"@id\":\"https:\/\/citeelegance.net\/?p=10768#webpage\",\"url\":\"https:\/\/citeelegance.net\/?p=10768\",\"name\":\"Burkina\/Musique : \u00ab La voix des peuples AES\u00bb, un nouvel album du G\u00e9n\u00e9ral TTY - CITE ELEGANCE\",\"isPartOf\":{\"@id\":\"https:\/\/citeelegance.net\/#website\"},\"primaryImageOfPage\":{\"@id\":\"https:\/\/citeelegance.net\/?p=10768#primaryimage\"},\"datePublished\":\"2024-08-04T19:33:34+00:00\",\"dateModified\":\"2024-08-04T19:34:33+00:00\",\"author\":{\"@id\":\"https:\/\/citeelegance.net\/#\/schema\/person\/981ee78db24e1c4cf407476788535aba\"},\"breadcrumb\":{\"@id\":\"https:\/\/citeelegance.net\/?p=10768#breadcrumb\"},\"inLanguage\":\"fr-FR\",\"potentialAction\":[{\"@type\":\"ReadAction\",\"target\":[\"https:\/\/citeelegance.net\/?p=10768\"]}]},{\"@type\":\"BreadcrumbList\",\"@id\":\"https:\/\/citeelegance.net\/?p=10768#breadcrumb\",\"itemListElement\":[{\"@type\":\"ListItem\",\"position\":1,\"name\":\"Accueil\",\"item\":\"https:\/\/citeelegance.net\/\"},{\"@type\":\"ListItem\",\"position\":2,\"name\":\"Burkina\/Musique : \u00ab La voix des peuples AES\u00bb, un nouvel album du G\u00e9n\u00e9ral TTY\"}]},{\"@type\":\"Person\",\"@id\":\"https:\/\/citeelegance.net\/#\/schema\/person\/981ee78db24e1c4cf407476788535aba\",\"name\":\"Ismael KIEKIETA\",\"url\":\"https:\/\/citeelegance.net\/?author=5\"}]}<\/script>\n<!-- \/ Yoast SEO plugin. -->","yoast_head_json":{"title":"Burkina\/Musique : \u00ab La voix des peuples AES\u00bb, un nouvel album du G\u00e9n\u00e9ral TTY - CITE ELEGANCE","robots":{"index":"index","follow":"follow","max-snippet":"max-snippet:-1","max-image-preview":"max-image-preview:large","max-video-preview":"max-video-preview:-1"},"canonical":"https:\/\/citeelegance.net\/?p=10768","og_locale":"fr_FR","og_type":"article","og_title":"Burkina\/Musique : \u00ab La voix des peuples AES\u00bb, un nouvel album du G\u00e9n\u00e9ral TTY - CITE ELEGANCE","og_description":"L&#8217;artiste Le G\u00e9n\u00e9ral TTY a proc\u00e9d\u00e9 \u00e0 la sortie officielle de son nouvel album reggae intitul\u00e9 \u00abLa voix des peuples AES\u00bb ce dimanche 04 ao\u00fbt 2024 \u00e0 Ouagadougou. C&#8217;est un album de 06 titres majoritairement ax\u00e9s sur la recherche de la paix, la lutte contre l&#8217;ins\u00e9curit\u00e9, le soutien aux FDS, au Capitaine Ibrahim TRAORE et [&hellip;]","og_url":"https:\/\/citeelegance.net\/?p=10768","og_site_name":"CITE ELEGANCE","article_published_time":"2024-08-04T19:33:34+00:00","article_modified_time":"2024-08-04T19:34:33+00:00","og_image":[{"width":621,"height":465,"url":"https:\/\/citeelegance.net\/wp-content\/uploads\/2024\/08\/IMG_20240804_181508.jpg","type":"image\/jpeg"}],"twitter_misc":{"\u00c9crit par":"Ismael KIEKIETA","Dur\u00e9e de lecture estim\u00e9e":"3 minutes"},"schema":{"@context":"https:\/\/schema.org","@graph":[{"@type":"WebSite","@id":"https:\/\/citeelegance.net\/#website","url":"https:\/\/citeelegance.net\/","name":"CITE ELEGANCE","description":"","potentialAction":[{"@type":"SearchAction","target":{"@type":"EntryPoint","urlTemplate":"https:\/\/citeelegance.net\/?s={search_term_string}"},"query-input":"required name=search_term_string"}],"inLanguage":"fr-FR"},{"@type":"ImageObject","@id":"https:\/\/citeelegance.net\/?p=10768#primaryimage","inLanguage":"fr-FR","url":"https:\/\/citeelegance.net\/wp-content\/uploads\/2024\/08\/IMG_20240804_181508.jpg","contentUrl":"https:\/\/citeelegance.net\/wp-content\/uploads\/2024\/08\/IMG_20240804_181508.jpg","width":621,"height":465},{"@type":"WebPage","@id":"https:\/\/citeelegance.net\/?p=10768#webpage","url":"https:\/\/citeelegance.net\/?p=10768","name":"Burkina\/Musique : \u00ab La voix des peuples AES\u00bb, un nouvel album du G\u00e9n\u00e9ral TTY - CITE ELEGANCE","isPartOf":{"@id":"https:\/\/citeelegance.net\/#website"},"primaryImageOfPage":{"@id":"https:\/\/citeelegance.net\/?p=10768#primaryimage"},"datePublished":"2024-08-04T19:33:34+00:00","dateModified":"2024-08-04T19:34:33+00:00","author":{"@id":"https:\/\/citeelegance.net\/#\/schema\/person\/981ee78db24e1c4cf407476788535aba"},"breadcrumb":{"@id":"https:\/\/citeelegance.net\/?p=10768#breadcrumb"},"inLanguage":"fr-FR","potentialAction":[{"@type":"ReadAction","target":["https:\/\/citeelegance.net\/?p=10768"]}]},{"@type":"BreadcrumbList","@id":"https:\/\/citeelegance.net\/?p=10768#breadcrumb","itemListElement":[{"@type":"ListItem","position":1,"name":"Accueil","item":"https:\/\/citeelegance.net\/"},{"@type":"ListItem","position":2,"name":"Burkina\/Musique : \u00ab La voix des peuples AES\u00bb, un nouvel album du G\u00e9n\u00e9ral TTY"}]},{"@type":"Person","@id":"https:\/\/citeelegance.net\/#\/schema\/person\/981ee78db24e1c4cf407476788535aba","name":"Ismael KIEKIETA","url":"https:\/\/citeelegance.net\/?author=5"}]}},"_links":{"self":[{"href":"https:\/\/citeelegance.net\/index.php?rest_route=\/wp\/v2\/posts\/10768"}],"collection":[{"href":"https:\/\/citeelegance.net\/index.php?rest_route=\/wp\/v2\/posts"}],"about":[{"href":"https:\/\/citeelegance.net\/index.php?rest_route=\/wp\/v2\/types\/post"}],"author":[{"embeddable":true,"href":"https:\/\/citeelegance.net\/index.php?rest_route=\/wp\/v2\/users\/5"}],"replies":[{"embeddable":true,"href":"https:\/\/citeelegance.net\/index.php?rest_route=%2Fwp%2Fv2%2Fcomments&post=10768"}],"version-history":[{"count":1,"href":"https:\/\/citeelegance.net\/index.php?rest_route=\/wp\/v2\/posts\/10768\/revisions"}],"predecessor-version":[{"id":10775,"href":"https:\/\/citeelegance.net\/index.php?rest_route=\/wp\/v2\/posts\/10768\/revisions\/10775"}],"wp:featuredmedia":[{"embeddable":true,"href":"https:\/\/citeelegance.net\/index.php?rest_route=\/wp\/v2\/media\/10769"}],"wp:attachment":[{"href":"https:\/\/citeelegance.net\/index.php?rest_route=%2Fwp%2Fv2%2Fmedia&parent=10768"}],"wp:term":[{"taxonomy":"category","embeddable":true,"href":"https:\/\/citeelegance.net\/index.php?rest_route=%2Fwp%2Fv2%2Fcategories&post=10768"},{"taxonomy":"post_tag","embeddable":true,"href":"https:\/\/citeelegance.net\/index.php?rest_route=%2Fwp%2Fv2%2Ftags&post=10768"}],"curies":[{"name":"wp","href":"https:\/\/api.w.org\/{rel}","templated":true}]}}