{"id":10517,"date":"2023-07-02T10:38:49","date_gmt":"2023-07-02T10:38:49","guid":{"rendered":"https:\/\/citeelegance.net\/?p=10517"},"modified":"2023-07-02T10:38:49","modified_gmt":"2023-07-02T10:38:49","slug":"burkina-faso-des-etudiants-de-ligedd-ex-gtvd-rendent-hommage-au-pr-jean-koulidiati-de-lujkz","status":"publish","type":"post","link":"https:\/\/citeelegance.net\/?p=10517","title":{"rendered":"Burkina Faso: Des \u00e9tudiants de l&#8217;IGEDD ex GTVD rendent hommage au Pr Jean KOULIDIATI de l&#8217;UJKZ"},"content":{"rendered":"<p><strong>Les \u00e9tudiants de l&#8217;Institut du G\u00e9nie de l&#8217;Environnement du D\u00e9veloppement Durable (IGEDD) ex GTVD ont organis\u00e9 une c\u00e9r\u00e9monie d&#8217;hommage \u00e0 l&#8217;endroit du Pr Jean KOULIDIATI, ce samedi 01 juillet 2023 \u00e0 Ouagadougou au sein de l&#8217;Universit\u00e9 Joseph Ki Zerbo. Cette c\u00e9r\u00e9monie d&#8217;hommage traduit la reconnaissance, le m\u00e9rite et l&#8217;exemplarit\u00e9 du Pr Jean KOULIDIATI. Ladite c\u00e9r\u00e9monie s&#8217;est tenue sous le leadership des premiers \u00e9tudiants de l&#8217;IGEDD, du Directeur de l&#8217;IGEDD, des parents, amis et coll\u00e8gues du Pr Jean KOULIDIATI.<\/strong><\/p>\n<p>Plantation d&#8217;arbres, remise d&#8217;attestations, remise de pr\u00e9sents et d\u00e9voilement du buste Pr Jean \u00e9tait au programme de la c\u00e9r\u00e9monie d&#8217;hommage qui se tient en marge de l&#8217;admission \u00e0 la retraite du Pr Jean KOULIDIATI le 10 juillet 2023.<\/p>\n<p>Pr Jean KOULIDIATI est le fondateur de l&#8217;IGEDD ex GTVD et a form\u00e9 plusieurs \u00e9tudiants comp\u00e9titifs de r\u00e9f\u00e9rence sur le march\u00e9 de l&#8217;emploi \u00e0 l&#8217;\u00e9chelle nationale et internationale.<\/p>\n<p><a href=\"https:\/\/citeelegance.net\/wp-content\/uploads\/2023\/07\/IMG_20230701_212836.jpg\"><img loading=\"lazy\" decoding=\"async\" class=\"size-medium wp-image-10520 aligncenter\" src=\"https:\/\/citeelegance.net\/wp-content\/uploads\/2023\/07\/IMG_20230701_212836-300x170.jpg\" alt=\"\" width=\"300\" height=\"170\" srcset=\"https:\/\/citeelegance.net\/wp-content\/uploads\/2023\/07\/IMG_20230701_212836-300x170.jpg 300w, https:\/\/citeelegance.net\/wp-content\/uploads\/2023\/07\/IMG_20230701_212836-768x435.jpg 768w, https:\/\/citeelegance.net\/wp-content\/uploads\/2023\/07\/IMG_20230701_212836.jpg 821w\" sizes=\"(max-width: 300px) 100vw, 300px\" \/><\/a><\/p>\n<p>Le PCO, Ahouseny SAWADOGO, lors de son allocution n&#8217;a pas manqu\u00e9 de rappeler les beaux souvenirs qu&#8217;il garde du Professeur. Il ajoute qu&#8217;il convient de remercier le Professeur au nom des \u00e9tudiants de l&#8217;IGEDD depuis la premi\u00e8re promotion.<\/p>\n<p>\u00abPr Jean KOULIDIATI a contribu\u00e9 \u00e0 ce que beaucoup d&#8217;\u00e9tudiants\u00a0 soient ce qu&#8217;ils sont aujourd&#8217;hui. Il a toujours tendu la perche \u00e0 ses \u00e9tudiants. Le professeur r\u00e9colte aujourd&#8217;hui ce qu&#8217;il a sem\u00e9. Merci et merci \u00bb, dixit Ahouseny SAWADOGO, Pr\u00e9sident du comit\u00e9 d&#8217;organisation.<\/p>\n<p><a href=\"https:\/\/citeelegance.net\/wp-content\/uploads\/2023\/07\/IMG_20230701_121520.jpg\"><img loading=\"lazy\" decoding=\"async\" class=\"size-medium wp-image-10521 aligncenter\" src=\"https:\/\/citeelegance.net\/wp-content\/uploads\/2023\/07\/IMG_20230701_121520-300x225.jpg\" alt=\"\" width=\"300\" height=\"225\" srcset=\"https:\/\/citeelegance.net\/wp-content\/uploads\/2023\/07\/IMG_20230701_121520-300x225.jpg 300w, https:\/\/citeelegance.net\/wp-content\/uploads\/2023\/07\/IMG_20230701_121520-105x80.jpg 105w, https:\/\/citeelegance.net\/wp-content\/uploads\/2023\/07\/IMG_20230701_121520.jpg 621w\" sizes=\"(max-width: 300px) 100vw, 300px\" \/><\/a><\/p>\n<p>Pour le directeur de l&#8217;IGEDD, G\u00e9rard SEGDA, cette initiative d&#8217;hommage est \u00e0 saluer. Il a profit\u00e9 de l&#8217;occasion pour inviter les nouveaux \u00e9tudiants \u00e0 suivre l&#8217;exemple.\u00a0 \u00ab C&#8217;est\u00a0 un honneur qui n&#8217;est pas donn\u00e9 \u00e0 tous que des \u00e9tudiants reconnaissent les m\u00e9rites d&#8217;un professeur. Je profite de l&#8217;occasion pour te f\u00e9liciter pour tes nouvelles fonctions de recteur de l&#8217;Universit\u00e9 panafricaine de l&#8217;Union Africaine. Aux \u00e9tudiants, l&#8217;IGEDD attend votre accompagnement et votre soutien pour son d\u00e9veloppement\u00bb, a sollicit\u00e9 le directeur.<\/p>\n<p><a href=\"https:\/\/citeelegance.net\/wp-content\/uploads\/2023\/07\/IMG_20230701_121649.jpg\"><img loading=\"lazy\" decoding=\"async\" class=\"size-medium wp-image-10522 aligncenter\" src=\"https:\/\/citeelegance.net\/wp-content\/uploads\/2023\/07\/IMG_20230701_121649-300x225.jpg\" alt=\"\" width=\"300\" height=\"225\" srcset=\"https:\/\/citeelegance.net\/wp-content\/uploads\/2023\/07\/IMG_20230701_121649-300x225.jpg 300w, https:\/\/citeelegance.net\/wp-content\/uploads\/2023\/07\/IMG_20230701_121649-105x80.jpg 105w, https:\/\/citeelegance.net\/wp-content\/uploads\/2023\/07\/IMG_20230701_121649.jpg 621w\" sizes=\"(max-width: 300px) 100vw, 300px\" \/><\/a><\/p>\n<p>Jour m\u00e9morable pour le Pr Jean KOULIDIATI, visiblement \u00e9mu, remercie les organisateurs de cette c\u00e9r\u00e9monie d&#8217;hommage.\u00a0 \u00ab Je me sens soulag\u00e9 parce qu\u2019ils ont pens\u00e9 \u00e0 moi quand ils ont eu le sentiment qu\u2019ils viennent un peu de moi et qu\u2019ils ont \u00e9t\u00e9 coul\u00e9 dans un moule que j\u2019ai contribu\u00e9 \u00e0 fabriquer. Je voudrais leur rendre hommage pour l\u2019id\u00e9e qu\u2019ils ont eu. \u00c7a me va droit au c\u0153ur \u00bb, se r\u00e9jouit Pr Jean KOULDIATI.<\/p>\n<p>\u00ab Il n\u2019y a aucun secret. Aucun coup de pouce ne peut vous permettre de r\u00e9ussir si vous-m\u00eame vous n\u2019avez pas les comp\u00e9tences requises. Travailler, il n\u2019y a que \u00e7a\u2026\u00bb, a conseill\u00e9 Pr Jean KOULIDIATI.<\/p>\n<p>C&#8217;est autour d&#8217;une ambiance festive que cette c\u00e9r\u00e9monie d&#8217;hommage a pris fin.<\/p>\n<p>\u270d\ufe0fPlume d&#8217;or<\/p>\n<aside class=\"mashsb-container mashsb-main mashsb-stretched\"><div class=\"mashsb-box\"><div class=\"mashsb-buttons\"><a class=\"mashicon-facebook mash-small mash-center mashsb-noshadow\" href=\"https:\/\/www.facebook.com\/sharer.php?u=https%3A%2F%2Fciteelegance.net%2F%3Fp%3D10517\" target=\"_top\" rel=\"nofollow\"><span class=\"icon\"><\/span><span class=\"text\">Partagez<\/span><\/a><a class=\"mashicon-twitter mash-small mash-center mashsb-noshadow\" href=\"https:\/\/twitter.com\/intent\/tweet?text=&url=https:\/\/citeelegance.net\/?p=10517\" target=\"_top\" rel=\"nofollow\"><span class=\"icon\"><\/span><span class=\"text\">Tweet<\/span><\/a><div class=\"onoffswitch2 mash-small mashsb-noshadow\" style=\"display:none;\"><\/div><\/div>\n            <\/div>\n                <div style=\"clear:both;\"><\/div><\/aside>\n            <!-- Share buttons by mashshare.net - Version: 3.8.0--><div class=\"pdf24Plugin-cp\"> \t<form name=\"pdf24Form0\" method=\"post\" action=\"https:\/\/doc2pdf.pdf24.org\/wordpress.php\" target=\"pdf24PopWin\" onsubmit=\"var pdf24Win = window.open('about:blank', 'pdf24PopWin', 'resizable=yes,scrollbars=yes,width=600,height=250,left='+(screen.width\/2-300)+',top='+(screen.height\/3-125)+''); pdf24Win.focus(); if(typeof pdf24OnCreatePDF === 'function'){void(pdf24OnCreatePDF(this,pdf24Win));}\"> \t\t<input type=\"hidden\" name=\"blogCharset\" value=\"Cw1x07UAAA==\" \/><input type=\"hidden\" name=\"blogPosts\" value=\"MwQA\" \/><input type=\"hidden\" name=\"blogUrl\" value=\"yygpKSi20tdPzixJTc1JTU\/MS07Vy0stAQA=\" \/><input type=\"hidden\" name=\"blogName\" value=\"c\/YMcVVw9XF1d\/RzdgUA\" \/><input type=\"hidden\" name=\"blogValueEncoding\" value=\"gzdeflate base64\" \/><input type=\"hidden\" name=\"postId_0\" value=\"MzQwNTQHAA==\" \/><input type=\"hidden\" name=\"postTitle_0\" value=\"cyotys7MS1RwSyzOt1JwSS1WOLyypDQlMzGvpFghJVUhR03ZwsjQ3NrT3dXFRSG1QsE9JMxFoSg1LyU1r0QhIz83NzE9VSGxVCGgSMErNTFPwds\/1MfTxdMxxBNZe6iXdxQA\" \/><input type=\"hidden\" name=\"postLink_0\" value=\"yygpKSi20tdPzixJTc1JTU\/MS07Vy0st0bcvsDU0MDU0BwA=\" \/><input type=\"hidden\" name=\"postAuthor_0\" value=\"8yzOTUzNUfD2dAWiEEcA\" \/><input type=\"hidden\" name=\"postDateTime_0\" value=\"MzIwMtY1MNc1MFIwNLAyMLcysQQA\" \/><input type=\"hidden\" name=\"postContent_0\" value=\"xVhNbxvHGb7nV0y3cJAA\/FZsqY4oQzAdQY4DC7CTAr0Yw90hd9zZmdV8kJRPufVU5JBTgR5yaqPmDxTozUT\/iP9A\/0Kfd3ZJLSnaRhEKNQRjd2b2\/X6f9xkelyfHzlujpyfPhGPLax8yybV3LBNMffrbo0H\/8Mtz7bz0wbMssLPltZaiuftEzyQEaFEIHY+MltczoUxZViujYPlYCfbZ+dmT0ehzJhbs7OV3I2awZ+yUa+mW1yxowdLltV1eFyYqqKXnpij4VLDlT2uFQmfWyKjqwrKngmv29fNvn52Pzk9fnrdYKpjjhcgk6\/XZ6yCVEp4NeoMDkvE88CnPTJiawHhgTkjd9OVbLWfCOulh0VPjRJmzryX7g7Bj02GPhfcfNtJbngVYpjizIkVMuHSO61S0GAJQ4EsJCTBn7cpCFKXiNirc6U+HPeOZ3NLrVp87z7zQASsmONKhBM\/gQC5LuOVYaUUh8f6+xFJGWjFnEgZ7EeyubRLELXLpWowX0pEHqVFq+fM0YG+33cfduq6Ou+XJJ8flyYWCeu6l0eu4cTu2AkLJSncTTo44u+poY1PAm+W1IzPIgAxVZqRaV904OERpZQj85UgEUlxaM7W8KKqa5R\/M32WQKAnmJckUmhXcTjdqnWewxZELVI+UZaScsrMzBpSQfm+jBjvraNw+TdnEFxOjM74zFevWgTCOcxYVxUoVnMTpjRynpijxKr2cxITD4wn8FpqaA5KpGrlNc6q6GyVUi0Y2W215neYCxjMds8FVrF6pvbDrlbVLx5zlVkyGSe596R52uykiI5SYUgd0tPDdedlGV6BifTdAFc9cl4LS7R12z785e0XPvcNe\/9WgPzg6eNB5XU6Tk2NZTBmdlXo6TBR\/c5XA5tRU79xd6TRhqeLODRMn34g2tX4oGHRJSmq737s\/6DGu5BRmkOUJczbdm5Xtg15v0T\/sRWuhxg+ThM1l5vNhgq2E5UJOc6ziTNTshL8T5QzP8xbbl+TDB0eLLw7uR8l43p\/kKBHVNUc0kC+k7bOCL9oxZA\/JiXLxOdqmN4PK+JawLkCEr4HkGdr88fMWO80BekJfsRenvz8dPT\/DkjI21rtDh3KlTBoi3uhV+wLHHCpfX4aq8i3HlFKCGsKxseBhQUg6E1pCzmWoP5OKTbnN6i43E+EcGq7DzhXjr03wYuMoQjGLAELyAU82lVFB41PCJW2KiKwfQGYslAFwC6CJQL782RIImsKQV+u+e\/vLDjDhZIe3ckyeoqNTMlJEH1MTyjX03ah\/+xN8j4anGw45iiZBKVy1a8QMsvKfeRM3HA0ixIdshct5nNhuwz+Msmj+KggAJUwRRO+W6C0LoMUJYF2HfUPRJAiKYWVv\/4XpJBcA+h21cEHTQmb1eAAiVkO2llozD74Ryf0hWH\/QB+rsEcH6d4FglZURRAaD+x9FMJzZI4LdVr4vBKslI2yLowoa8bg\/wVHig18BYBemGsHZB0gXeLYF5rAXT85Gp0RqiXtKjYmOkp3dpi5EHqjjuAqihqbYa1XR34g3acojgSnJCAmo8jX8aQI+QsAGIpHEIGdWbDFW0QFavP2FPb4holgImuV0EYBgYlK6wVIJdzPsVWDkia0SHG0B4A1ppq4lo2rO7Nb+QkfZgOCnovZSvN9J7IH8KJlGV+ul2l9FSsC40kg2K8i+lZLmraDkmk+sTLnUYusM9J2utjrsdCOSrS1kJ4qrMzYzHrHlKfE1Pq2vUIC3ah2jiKhoZTKNtGzjZkXoB2QEESfXYFuzpO4G0x588bs9YtrgjjANVv7\/MG1L+R4xjSTfCabVWf1VmPaUarSgi1V12y9rjNt1Q59JJ8f1zQ1fhNaaJ8WeX4\/meKtBj6Ufu3jXaAQwwDUP2EGUJSg+jf1qI5l49\/1fiMoQkylxoMKhAredy8DRiKs9Echogh8ZzVt\/SJRO0woBEE7BLPpa+E3Z6HiIBsNSBLscluB8gdeKfr3GUS63qNmEj628jLAND2YmZLhT0m2eOBL92CHYCuWrqJI+QMGWWyJ02PJPnEIw46z6iQQ8M\/33j\/iGsMLFeyCoFjaaaVnd11dskoaHhuAroAvYIhxwIsVNlzCN3ir+GI1BaAGDiAdBFjAd1K9AsqyoL50Bl2VAl4y77WL5j0JUB0k+n4k3cTBQ0usbK91QaQ5gfoA8dthLy2ecrs+2hRytzaJYLv\/O333\/twoEEVAncAwB3flTROVaY1rBMU+xvBkrgOFiLKl9GKZLnLGk5aO1F+cs0jWRNzzy3V\/\/\/J9\/\/nChQiEahLPa5cRJV9BYcJe7cWxUmhrooGqhwNvq2SGcHoQ6A+pmcrb16dgsdq8H7xGUhPC\/sSOhqj3hqRgb88eooe0K3JSqxwqJV4q1cTnPDCBhc4DM5\/POSkQHeevimEX1lnn5KAzjqXsHp\/cGX+FvG5Zo9eCr8t7BCPDVP0yYp59YAL2vvCkTJF4NE20mmGnQe3LsMG5X5pPpWOrS2uaOFwufnFxw65GPN6sTBE63ffdz6Vc+\/u+u119Hr2UFrn4uhH9EJgw\/DVYN3wvIj8rh3n1+ScqbDjcKwUDmxMHgNB9su7vhovNXSgyTTLpS8auH2mjxJSmFrPr\/T1jj346luEyqa1GpEtw+HBufNwTFwt8S9Zt2m72g6mF1vbLxVWUgLVLYWJt9R9zLaIyhzlGn126f\/Bc=\" \/> \t\t<a href=\"https:\/\/www.pdf24.org\" target=\"_blank\" title=\"www.pdf24.org\" rel=\"nofollow\"><img src=\"https:\/\/citeelegance.net\/wp-content\/plugins\/pdf24-posts-to-pdf\/img\/pdf_32x32.png\" alt=\"\" border=\"0\" height=\"32\" \/><\/a> \t\t<span class=\"pdf24Plugin-cp-space\">&nbsp;&nbsp;<\/span> \t\t<span class=\"pdf24Plugin-cp-text\">Send article as PDF<\/span> \t\t<span class=\"pdf24Plugin-cp-space\">&nbsp;&nbsp;<\/span> \t\t<input class=\"pdf24Plugin-cp-input\" style=\"margin: 0px;\" type=\"text\" name=\"sendEmailTo\" placeholder=\"Enter email address\" \/> \t\t<input class=\"pdf24Plugin-cp-submit\" style=\"margin: 0px;\" type=\"submit\" value=\"Send\" \/> \t<\/form> <\/div>","protected":false},"excerpt":{"rendered":"<p>Les \u00e9tudiants de l&#8217;Institut du G\u00e9nie de l&#8217;Environnement du D\u00e9veloppement Durable (IGEDD) ex GTVD ont organis\u00e9 une c\u00e9r\u00e9monie d&#8217;hommage \u00e0 l&#8217;endroit du Pr Jean KOULIDIATI, ce samedi 01 juillet 2023 \u00e0 Ouagadougou au sein de l&#8217;Universit\u00e9 Joseph Ki Zerbo. Cette c\u00e9r\u00e9monie d&#8217;hommage traduit la reconnaissance, le m\u00e9rite et l&#8217;exemplarit\u00e9 du Pr Jean KOULIDIATI. Ladite c\u00e9r\u00e9monie [&hellip;]<\/p>\n","protected":false},"author":5,"featured_media":10519,"comment_status":"open","ping_status":"closed","sticky":false,"template":"","format":"standard","meta":{"footnotes":""},"categories":[2,16],"tags":[591,589,590,592],"yoast_head":"<!-- This site is optimized with the Yoast SEO plugin v18.1 - https:\/\/yoast.com\/wordpress\/plugins\/seo\/ -->\n<title>Burkina Faso: Des \u00e9tudiants de l&#039;IGEDD ex GTVD rendent hommage au Pr Jean KOULIDIATI de l&#039;UJKZ - CITE ELEGANCE<\/title>\n<meta name=\"robots\" content=\"index, follow, max-snippet:-1, max-image-preview:large, max-video-preview:-1\" \/>\n<link rel=\"canonical\" href=\"https:\/\/citeelegance.net\/?p=10517\" \/>\n<meta property=\"og:locale\" content=\"fr_FR\" \/>\n<meta property=\"og:type\" content=\"article\" \/>\n<meta property=\"og:title\" content=\"Burkina Faso: Des \u00e9tudiants de l&#039;IGEDD ex GTVD rendent hommage au Pr Jean KOULIDIATI de l&#039;UJKZ - CITE ELEGANCE\" \/>\n<meta property=\"og:description\" content=\"Les \u00e9tudiants de l&#8217;Institut du G\u00e9nie de l&#8217;Environnement du D\u00e9veloppement Durable (IGEDD) ex GTVD ont organis\u00e9 une c\u00e9r\u00e9monie d&#8217;hommage \u00e0 l&#8217;endroit du Pr Jean KOULIDIATI, ce samedi 01 juillet 2023 \u00e0 Ouagadougou au sein de l&#8217;Universit\u00e9 Joseph Ki Zerbo. Cette c\u00e9r\u00e9monie d&#8217;hommage traduit la reconnaissance, le m\u00e9rite et l&#8217;exemplarit\u00e9 du Pr Jean KOULIDIATI. Ladite c\u00e9r\u00e9monie [&hellip;]\" \/>\n<meta property=\"og:url\" content=\"https:\/\/citeelegance.net\/?p=10517\" \/>\n<meta property=\"og:site_name\" content=\"CITE ELEGANCE\" \/>\n<meta property=\"article:published_time\" content=\"2023-07-02T10:38:49+00:00\" \/>\n<meta property=\"og:image\" content=\"https:\/\/citeelegance.net\/wp-content\/uploads\/2023\/07\/IMG_20230701_112835-1.jpg\" \/>\n\t<meta property=\"og:image:width\" content=\"621\" \/>\n\t<meta property=\"og:image:height\" content=\"465\" \/>\n\t<meta property=\"og:image:type\" content=\"image\/jpeg\" \/>\n<meta name=\"twitter:label1\" content=\"\u00c9crit par\" \/>\n\t<meta name=\"twitter:data1\" content=\"Ismael KIEKIETA\" \/>\n\t<meta name=\"twitter:label2\" content=\"Dur\u00e9e de lecture estim\u00e9e\" \/>\n\t<meta name=\"twitter:data2\" content=\"2 minutes\" \/>\n<script type=\"application\/ld+json\" class=\"yoast-schema-graph\">{\"@context\":\"https:\/\/schema.org\",\"@graph\":[{\"@type\":\"WebSite\",\"@id\":\"https:\/\/citeelegance.net\/#website\",\"url\":\"https:\/\/citeelegance.net\/\",\"name\":\"CITE ELEGANCE\",\"description\":\"\",\"potentialAction\":[{\"@type\":\"SearchAction\",\"target\":{\"@type\":\"EntryPoint\",\"urlTemplate\":\"https:\/\/citeelegance.net\/?s={search_term_string}\"},\"query-input\":\"required name=search_term_string\"}],\"inLanguage\":\"fr-FR\"},{\"@type\":\"ImageObject\",\"@id\":\"https:\/\/citeelegance.net\/?p=10517#primaryimage\",\"inLanguage\":\"fr-FR\",\"url\":\"https:\/\/citeelegance.net\/wp-content\/uploads\/2023\/07\/IMG_20230701_112835-1.jpg\",\"contentUrl\":\"https:\/\/citeelegance.net\/wp-content\/uploads\/2023\/07\/IMG_20230701_112835-1.jpg\",\"width\":621,\"height\":465},{\"@type\":\"WebPage\",\"@id\":\"https:\/\/citeelegance.net\/?p=10517#webpage\",\"url\":\"https:\/\/citeelegance.net\/?p=10517\",\"name\":\"Burkina Faso: Des \u00e9tudiants de l'IGEDD ex GTVD rendent hommage au Pr Jean KOULIDIATI de l'UJKZ - CITE ELEGANCE\",\"isPartOf\":{\"@id\":\"https:\/\/citeelegance.net\/#website\"},\"primaryImageOfPage\":{\"@id\":\"https:\/\/citeelegance.net\/?p=10517#primaryimage\"},\"datePublished\":\"2023-07-02T10:38:49+00:00\",\"dateModified\":\"2023-07-02T10:38:49+00:00\",\"author\":{\"@id\":\"https:\/\/citeelegance.net\/#\/schema\/person\/981ee78db24e1c4cf407476788535aba\"},\"breadcrumb\":{\"@id\":\"https:\/\/citeelegance.net\/?p=10517#breadcrumb\"},\"inLanguage\":\"fr-FR\",\"potentialAction\":[{\"@type\":\"ReadAction\",\"target\":[\"https:\/\/citeelegance.net\/?p=10517\"]}]},{\"@type\":\"BreadcrumbList\",\"@id\":\"https:\/\/citeelegance.net\/?p=10517#breadcrumb\",\"itemListElement\":[{\"@type\":\"ListItem\",\"position\":1,\"name\":\"Accueil\",\"item\":\"https:\/\/citeelegance.net\/\"},{\"@type\":\"ListItem\",\"position\":2,\"name\":\"Burkina Faso: Des \u00e9tudiants de l&#8217;IGEDD ex GTVD rendent hommage au Pr Jean KOULIDIATI de l&#8217;UJKZ\"}]},{\"@type\":\"Person\",\"@id\":\"https:\/\/citeelegance.net\/#\/schema\/person\/981ee78db24e1c4cf407476788535aba\",\"name\":\"Ismael KIEKIETA\",\"url\":\"https:\/\/citeelegance.net\/?author=5\"}]}<\/script>\n<!-- \/ Yoast SEO plugin. -->","yoast_head_json":{"title":"Burkina Faso: Des \u00e9tudiants de l'IGEDD ex GTVD rendent hommage au Pr Jean KOULIDIATI de l'UJKZ - CITE ELEGANCE","robots":{"index":"index","follow":"follow","max-snippet":"max-snippet:-1","max-image-preview":"max-image-preview:large","max-video-preview":"max-video-preview:-1"},"canonical":"https:\/\/citeelegance.net\/?p=10517","og_locale":"fr_FR","og_type":"article","og_title":"Burkina Faso: Des \u00e9tudiants de l'IGEDD ex GTVD rendent hommage au Pr Jean KOULIDIATI de l'UJKZ - CITE ELEGANCE","og_description":"Les \u00e9tudiants de l&#8217;Institut du G\u00e9nie de l&#8217;Environnement du D\u00e9veloppement Durable (IGEDD) ex GTVD ont organis\u00e9 une c\u00e9r\u00e9monie d&#8217;hommage \u00e0 l&#8217;endroit du Pr Jean KOULIDIATI, ce samedi 01 juillet 2023 \u00e0 Ouagadougou au sein de l&#8217;Universit\u00e9 Joseph Ki Zerbo. Cette c\u00e9r\u00e9monie d&#8217;hommage traduit la reconnaissance, le m\u00e9rite et l&#8217;exemplarit\u00e9 du Pr Jean KOULIDIATI. Ladite c\u00e9r\u00e9monie [&hellip;]","og_url":"https:\/\/citeelegance.net\/?p=10517","og_site_name":"CITE ELEGANCE","article_published_time":"2023-07-02T10:38:49+00:00","og_image":[{"width":621,"height":465,"url":"https:\/\/citeelegance.net\/wp-content\/uploads\/2023\/07\/IMG_20230701_112835-1.jpg","type":"image\/jpeg"}],"twitter_misc":{"\u00c9crit par":"Ismael KIEKIETA","Dur\u00e9e de lecture estim\u00e9e":"2 minutes"},"schema":{"@context":"https:\/\/schema.org","@graph":[{"@type":"WebSite","@id":"https:\/\/citeelegance.net\/#website","url":"https:\/\/citeelegance.net\/","name":"CITE ELEGANCE","description":"","potentialAction":[{"@type":"SearchAction","target":{"@type":"EntryPoint","urlTemplate":"https:\/\/citeelegance.net\/?s={search_term_string}"},"query-input":"required name=search_term_string"}],"inLanguage":"fr-FR"},{"@type":"ImageObject","@id":"https:\/\/citeelegance.net\/?p=10517#primaryimage","inLanguage":"fr-FR","url":"https:\/\/citeelegance.net\/wp-content\/uploads\/2023\/07\/IMG_20230701_112835-1.jpg","contentUrl":"https:\/\/citeelegance.net\/wp-content\/uploads\/2023\/07\/IMG_20230701_112835-1.jpg","width":621,"height":465},{"@type":"WebPage","@id":"https:\/\/citeelegance.net\/?p=10517#webpage","url":"https:\/\/citeelegance.net\/?p=10517","name":"Burkina Faso: Des \u00e9tudiants de l'IGEDD ex GTVD rendent hommage au Pr Jean KOULIDIATI de l'UJKZ - CITE ELEGANCE","isPartOf":{"@id":"https:\/\/citeelegance.net\/#website"},"primaryImageOfPage":{"@id":"https:\/\/citeelegance.net\/?p=10517#primaryimage"},"datePublished":"2023-07-02T10:38:49+00:00","dateModified":"2023-07-02T10:38:49+00:00","author":{"@id":"https:\/\/citeelegance.net\/#\/schema\/person\/981ee78db24e1c4cf407476788535aba"},"breadcrumb":{"@id":"https:\/\/citeelegance.net\/?p=10517#breadcrumb"},"inLanguage":"fr-FR","potentialAction":[{"@type":"ReadAction","target":["https:\/\/citeelegance.net\/?p=10517"]}]},{"@type":"BreadcrumbList","@id":"https:\/\/citeelegance.net\/?p=10517#breadcrumb","itemListElement":[{"@type":"ListItem","position":1,"name":"Accueil","item":"https:\/\/citeelegance.net\/"},{"@type":"ListItem","position":2,"name":"Burkina Faso: Des \u00e9tudiants de l&#8217;IGEDD ex GTVD rendent hommage au Pr Jean KOULIDIATI de l&#8217;UJKZ"}]},{"@type":"Person","@id":"https:\/\/citeelegance.net\/#\/schema\/person\/981ee78db24e1c4cf407476788535aba","name":"Ismael KIEKIETA","url":"https:\/\/citeelegance.net\/?author=5"}]}},"_links":{"self":[{"href":"https:\/\/citeelegance.net\/index.php?rest_route=\/wp\/v2\/posts\/10517"}],"collection":[{"href":"https:\/\/citeelegance.net\/index.php?rest_route=\/wp\/v2\/posts"}],"about":[{"href":"https:\/\/citeelegance.net\/index.php?rest_route=\/wp\/v2\/types\/post"}],"author":[{"embeddable":true,"href":"https:\/\/citeelegance.net\/index.php?rest_route=\/wp\/v2\/users\/5"}],"replies":[{"embeddable":true,"href":"https:\/\/citeelegance.net\/index.php?rest_route=%2Fwp%2Fv2%2Fcomments&post=10517"}],"version-history":[{"count":1,"href":"https:\/\/citeelegance.net\/index.php?rest_route=\/wp\/v2\/posts\/10517\/revisions"}],"predecessor-version":[{"id":10523,"href":"https:\/\/citeelegance.net\/index.php?rest_route=\/wp\/v2\/posts\/10517\/revisions\/10523"}],"wp:featuredmedia":[{"embeddable":true,"href":"https:\/\/citeelegance.net\/index.php?rest_route=\/wp\/v2\/media\/10519"}],"wp:attachment":[{"href":"https:\/\/citeelegance.net\/index.php?rest_route=%2Fwp%2Fv2%2Fmedia&parent=10517"}],"wp:term":[{"taxonomy":"category","embeddable":true,"href":"https:\/\/citeelegance.net\/index.php?rest_route=%2Fwp%2Fv2%2Fcategories&post=10517"},{"taxonomy":"post_tag","embeddable":true,"href":"https:\/\/citeelegance.net\/index.php?rest_route=%2Fwp%2Fv2%2Ftags&post=10517"}],"curies":[{"name":"wp","href":"https:\/\/api.w.org\/{rel}","templated":true}]}}