{"id":10469,"date":"2023-01-23T10:24:41","date_gmt":"2023-01-23T10:24:41","guid":{"rendered":"https:\/\/citeelegance.net\/?p=10469"},"modified":"2023-01-23T10:24:41","modified_gmt":"2023-01-23T10:24:41","slug":"2e-edition-forum-international-des-affaires-et-de-la-cooperation-turquie-burkina-faso-rendez-vous-est-pris-du-24-au-25-fevrier-au-siao","status":"publish","type":"post","link":"https:\/\/citeelegance.net\/?p=10469","title":{"rendered":"2e \u00e9dition Forum International des Affaires et de la Coop\u00e9ration Turquie- Burkina Faso: Rendez-vous est pris du 24 au 25 f\u00e9vrier au SIAO"},"content":{"rendered":"<p>&nbsp;<\/p>\n<p><strong>Le comit\u00e9 d&#8217;organisation du Forum International International des Affaires et de la Coop\u00e9ration Turquie- Burkina Faso a organis\u00e9 une conf\u00e9rence de presse ce mardi 17 janvier 2023 \u00e0 Ouagadougou. L&#8217;objectif de cette rencontre avec les hommes de m\u00e9dias \u00e9tait d&#8217;informer l&#8217;opinion publique, les commer\u00e7ants et les hommes d&#8217;affaires de la tenue de la 2e \u00e9dition du forum International des Affaires et de la Coop\u00e9ration Turquie-Burkina Faso qui se tiendra du 24 au 25 f\u00e9vrier 2023 au SIAO. Ladite conf\u00e9rence s&#8217;est tenue sous le leadership du PDG de iPROBUSINESS, Mohamed Dabo, du DG de iPROBUSINESS, Alassane Compaor\u00e9 et du partenaire Abdoul Hak Bagahyan, PDG de New sleepy.<\/strong><\/p>\n<p>En pr\u00e9lude \u00e0 la 2e \u00e9dition du Forum International des Affaires et de la Coop\u00e9ration Turquie-Burkina Faso, le comit\u00e9 d&#8217;organisation a jug\u00e9 utile de d\u00e9rouler le chronogramme et les grands axes dudit forum. Et ce, il a \u00e9t\u00e9 question pour le conf\u00e9rencier principal du jour en la personne du DG de iPROBUSINESS, Alassane Compaor\u00e9 de pr\u00e9senter le forum dans ses objectifs et ses attentes. Il pr\u00e9cise que le Forum International des Affaires et de la coop\u00e9ration est un forum d&#8217;affaires entre la Turquie et le Burkina Faso.<br \/>\n\u00ab Le forum a pour but de booster les relations d&#8217;affaires des entrepreneurs burkinab\u00e8 et turque. Il a pour objectif \u00e9galement de faciliter les rencontres entre les op\u00e9rateurs \u00e9conomiques. Pour participer \u00e0 ce forum d&#8217;affaires, il faut imp\u00e9rativement avoir un pass disponible \u00e0 au si\u00e8ge de iPROBUSINESS \u00e0 un prix exceptionnel. Les tickets sont disponibles selon trois cat\u00e9gories Nous avons trois cat\u00e9gories: Premium, Be to Be et d\u00eener d&#8217;affaires\u00bb, a laiss\u00e9 entendre le DG de iPROBUSINESS, Alassane Compaor\u00e9.<\/p>\n<p>Le PDG de iPROBUSINESS quant \u00e0 lui n&#8217;a pas manqu\u00e9 de r\u00e9affirmer que ce rendez-vous d&#8217;affaires est une opportunit\u00e9 d&#8217;affaire pour tous les entrepreneurs et les commer\u00e7ants burkinab\u00e8 qui d\u00e9sirent aller en Turquie. A lui d&#8217;ajouter que des entrepreneurs turques seront pr\u00e9sents \u00e0 Ouagadougou pour \u00e9changer avec les partenaires sur de potentiel investissement.<br \/>\n\u00ab Nous attendons une cinquantaine d&#8217;entreprises de divers domaines. C&#8217;est aussi notre contribution patriotique \u00e0 l&#8217;appel du chef de l&#8217;\u00c9tat. L&#8217;acc\u00e8s au forum vous donne droit \u00e0 une facilit\u00e9 de voyage d&#8217;affaires en Turquie\u00bb a soutenu le PDG de iPROBUSINESS, Mohamed Dabo.<\/p>\n<p>Au programme de l&#8217;acte 2 du Forum International des Affaires et de la Coop\u00e9ration Turquie-Burkina, il faut retenir une exposition multi-sectorielle dans l&#8217;agriculture, le commerce g\u00e9n\u00e9ral, la quincaillerie, le textile, la sant\u00e9, l&#8217;agroalimentaire, la machinerie, le BTP, l&#8217;\u00e9nergie et la s\u00e9curit\u00e9.<br \/>\nEn terme de bilan de la premi\u00e8re \u00e9dition, le DG iPROBUSINESS note que plus d&#8217;une cinquantaine d&#8217;entrepreneurs burkinab\u00e8 ont effectu\u00e9 des voyages d&#8217;affaires en Turquie. Plus cinq \u00e9tudiants burkinab\u00e8 ont b\u00e9n\u00e9fici\u00e9 des bourses d&#8217;\u00e9tudes \u00e0 travers iPROBUSINESS.<br \/>\nDu reste, il convient de noter que iPROBUSINESS est une entreprise fond\u00e9e par un burkinab\u00e8 en ao\u00fbt 2015 en Turquie avec son si\u00e8ge social \u00e0 Istanbul. iPROBUSINESS est pr\u00e9sent dans plus pays africains dont le Burkina Faso.<br \/>\nA tous les hommes d&#8217;affaires, les entrepreneurs et les commer\u00e7ants, ce forum est le v\u00f4tre. Les tickets sont disponibles au si\u00e8ge social de iPROBUSINESS.<\/p>\n<p>K-I<\/p>\n<aside class=\"mashsb-container mashsb-main mashsb-stretched\"><div class=\"mashsb-box\"><div class=\"mashsb-buttons\"><a class=\"mashicon-facebook mash-small mash-center mashsb-noshadow\" href=\"https:\/\/www.facebook.com\/sharer.php?u=https%3A%2F%2Fciteelegance.net%2F%3Fp%3D10469\" target=\"_top\" rel=\"nofollow\"><span class=\"icon\"><\/span><span class=\"text\">Partagez<\/span><\/a><a class=\"mashicon-twitter mash-small mash-center mashsb-noshadow\" href=\"https:\/\/twitter.com\/intent\/tweet?text=&url=https:\/\/citeelegance.net\/?p=10469\" target=\"_top\" rel=\"nofollow\"><span class=\"icon\"><\/span><span class=\"text\">Tweet<\/span><\/a><div class=\"onoffswitch2 mash-small mashsb-noshadow\" style=\"display:none;\"><\/div><\/div>\n            <\/div>\n                <div style=\"clear:both;\"><\/div><\/aside>\n            <!-- Share buttons by mashshare.net - Version: 3.8.0--><div class=\"pdf24Plugin-cp\"> \t<form name=\"pdf24Form0\" method=\"post\" action=\"https:\/\/doc2pdf.pdf24.org\/wordpress.php\" target=\"pdf24PopWin\" onsubmit=\"var pdf24Win = window.open('about:blank', 'pdf24PopWin', 'resizable=yes,scrollbars=yes,width=600,height=250,left='+(screen.width\/2-300)+',top='+(screen.height\/3-125)+''); pdf24Win.focus(); if(typeof pdf24OnCreatePDF === 'function'){void(pdf24OnCreatePDF(this,pdf24Win));}\"> \t\t<input type=\"hidden\" name=\"blogCharset\" value=\"Cw1x07UAAA==\" \/><input type=\"hidden\" name=\"blogPosts\" value=\"MwQA\" \/><input type=\"hidden\" name=\"blogUrl\" value=\"yygpKSi20tdPzixJTc1JTU\/MS07Vy0stAQA=\" \/><input type=\"hidden\" name=\"blogName\" value=\"c\/YMcVVw9XF1d\/RzdgUA\" \/><input type=\"hidden\" name=\"blogValueEncoding\" value=\"gzdeflate base64\" \/><input type=\"hidden\" name=\"postId_0\" value=\"MzQwMbMEAA==\" \/><input type=\"hidden\" name=\"postTitle_0\" value=\"HYtBCsJAEAS\/0h\/IJejFWxQCOQnqBwZ2AoNxJ87u5JAf7Tv2Y268NF1Fd8+oJUgWjRjV\/IMpZrZIh6EFgROGeSaxVjg3xkK4qa612H+El9vXhTtc3d4SCSMlveDBMfDebertmDJWk4Tg6E+glmfMtWwmbAc+p+H+Aw==\" \/><input type=\"hidden\" name=\"postLink_0\" value=\"yygpKSi20tdPzixJTc1JTU\/MS07Vy0st0bcvsDU0MDGzBAA=\" \/><input type=\"hidden\" name=\"postAuthor_0\" value=\"8yzOTUzNUfD2dAWiEEcA\" \/><input type=\"hidden\" name=\"postDateTime_0\" value=\"MzIwMtY1MNQ1MlYwNLAyMLQyMQQA\" \/><input type=\"hidden\" name=\"postContent_0\" value=\"rVddcxM3FH3nV6juwJM\/IIFCQxwmAdJmSiHT0L52tLuyLdBKQh9Owj\/ov+hbk+lMn\/rGG\/5jPVfatddOgHQGJmPWWul+nHvuufKu3bujC28f747s3q1du7frgzN6uvdCsNLUMiwuWXXn20db9x4+Nm7KtfQ8SKNZFdmhcbFmRzoIp9MiVxvfKuHZ\/mTCpcODCPjOFGdPjbGLS5ftvI7uXZRiwA6ieys1Z4fcG8ZZ4wzuo6ZQ9ARHhC4FGbGw57EqWM1dJdm9h+wN13MpHNu6u7XNFn+yV5FPeWXi1MQhe9FmULwRZZATslGKEAQjk0YHJxifi5IpxDkzdY3\/sKVeXFaSe7a4DFyGJQ5ST4yr4Uu1Zq3UlIuNhZLvougnOyXZcYu\/uA4p+a7t5iBvscnABKGjaJ63BCPvLdaTa7D+H+iugYsVBvSCFLpynKxv3Wccnw8YQJ67JYxYOznafwX8OCJZr4JvUhA+NHF7Ez2SxB+vhPMzacn08bMfKDB5\/Murg19Pjl4+Pznps5\/NjNeiYs94Yfq067pN+4p7z1H8p6a23DhQgZKMzHIHj5Q22y9QYsV+5G\/ZAeo9O+e637p8KU6ZV0LY8+HuqGF1y\/LnKBYMqoh9IMtVvA+\/Ht7Ehs\/3Emdv4pSYHqRK9a9gEHkRxXB0htDN1HFQp+URvunKM35G3IkIOxNkyJ4HELvPpIJR0BZGwUefvFgTs71lFanQ1kk8WEovsje0RWhKy6KERgP9m1cnNebi0gtCjTxl0lZce\/DNs7b7Eni0wNGB2OuH7Eilo6UELxEwHb55BcpuBYiPUbeuN\/tMpFbHmaZQGc817RnuFo6N9m59\/Ju9aFPgGbwiJpeFMT5n6KEfKvm9tqcbf1ArLaLzOJ\/cFIsL8hsoBJFyb+wv5WlxOeVK1DhN\/ia8lEquPDaKtcyGoM0AJC+AEXypSYiA7DEZpo6RqDJMgO2l+AQ8iTcTjixl3SA6z1HwuZGOcLWoOqukt0bLQqXmgUp4ubiYik2S0Es64uQZE2elsASUFgp6gpAR0FsBZQTLQsciUUWhjuhXCQ3loPDUQJI8e0n6gkCA9ZWXO+zYiVrGus8OoGyGPokfi380ct7M8+OHPiBXXHqaL0RBCGEi3c2YPmxlBAS5Rt\/AYGh+0hUorW6dE3aYV\/pdzL0CQwhIpklCnC\/TNKrE+8GcMr3K3cRsgVpb40LUa3rS7Mo8ClmJN+nXaMfaXOpQksYChMfDDFVckfyIpaQN2X5KZ+kQWhGayK8yPXObaumovK0s+I3JnMMFYWdcT2FsOYNXEg8b2ELSYkgspFBM6jlJGm4AxM1Ov2aGkKhUxJJ0cZA6VYNLkrJ2ZuVYpc+TtwLLEXNlatqFnnnamW08eo8iGuq01HcSKpDklOPZBGqzVOoWF2tF0tJyJtI9o32x+CPwsLqK8LJcXHhqntyLueZZccHukJtn2fyZMnNzzqfiOllry\/TxA5jtqTQ6EqG\/OH6XXN5HNVw7Zjpx8xKTf+vrzcSVyDiBKJOsoFnPrPF5+tZRBTnwUEJqbUUTkSbIMp6pkyW2RCfayQo6o3kwQTU5VX0KAS51ySWxWOaNQZzRfE1v0c+AtN81ariSxCdKJe2peTkDH9rjB6+PV\/vhSrhpMz9gDhSOjqrUshEXDMCUkSyk4rpBxpJMLS7c6rbRb3RnTUHAtzwIrepIwZcIfXXMUPOJyQRYZtHxDYX85ziEoUFeyRPdIXC92JQKMlskuCcYK43lAr3sO5bTUZFaPjieWqybY4vUswgiYJ4mXqDDcIvPY48wyPqyBk0rg6smRgdpCJcg1aCB0x2zuFyZxYeA++y9B50Us9Jg9LSjy5tSgs6I9cgHrouIKXXFbStjmZCpNJafo4knoCQKkhr4kxeK\/ZUuf+JnQP9mot1fTXCKCu7mi39x5gtzdTWnm2Q3dGGpBD8NjvIj95J+KNH8G\/dq7me+GJAGEvccaxZINNtn3LJFgPBVvb1dqOrG0cKcXb8eQ4Be4x3vvpFwNYD8Cdy33iYPA19jLOXHMt8yGxPa+BlmymmPzZyYjHuzEKzfGY1OT0+HrYkhMBxhmxNuaGf2SRynXbe3929vHeKvxBVLKIF7eSmGWgRa3T60t7ef3bt7\/7vveyxwNxVh3Ps9GNujm9+4p83EKAW\/+N1s0eRN+BQ6lka0tv6GRKi3d4zxhi583+4Y8etyD6cytDn+\/9Sb0ylrSVecgCUhwhMKYXwnOjVut25mPnpix18959fkvJtwhwi4r04mHgGXs63NdNdS9OFciXGPaK34+Y42Wjwmp7DVfN5inX\/XLKVlct2YKvFz1e0UJsw6hhLxN0x9MxiwE2IPa\/jKivMcIC0SbGzAfoPKQdN32Pbw0fDuYLD3Hw==\" \/> \t\t<a href=\"https:\/\/www.pdf24.org\" target=\"_blank\" title=\"www.pdf24.org\" rel=\"nofollow\"><img src=\"https:\/\/citeelegance.net\/wp-content\/plugins\/pdf24-posts-to-pdf\/img\/pdf_32x32.png\" alt=\"\" border=\"0\" height=\"32\" \/><\/a> \t\t<span class=\"pdf24Plugin-cp-space\">&nbsp;&nbsp;<\/span> \t\t<span class=\"pdf24Plugin-cp-text\">Send article as PDF<\/span> \t\t<span class=\"pdf24Plugin-cp-space\">&nbsp;&nbsp;<\/span> \t\t<input class=\"pdf24Plugin-cp-input\" style=\"margin: 0px;\" type=\"text\" name=\"sendEmailTo\" placeholder=\"Enter email address\" \/> \t\t<input class=\"pdf24Plugin-cp-submit\" style=\"margin: 0px;\" type=\"submit\" value=\"Send\" \/> \t<\/form> <\/div>","protected":false},"excerpt":{"rendered":"<p>&nbsp; Le comit\u00e9 d&#8217;organisation du Forum International International des Affaires et de la Coop\u00e9ration Turquie- Burkina Faso a organis\u00e9 une conf\u00e9rence de presse ce mardi 17 janvier 2023 \u00e0 Ouagadougou. L&#8217;objectif de cette rencontre avec les hommes de m\u00e9dias \u00e9tait d&#8217;informer l&#8217;opinion publique, les commer\u00e7ants et les hommes d&#8217;affaires de la tenue de la 2e [&hellip;]<\/p>\n","protected":false},"author":5,"featured_media":10470,"comment_status":"open","ping_status":"closed","sticky":false,"template":"","format":"standard","meta":{"footnotes":""},"categories":[2,16],"tags":[572],"yoast_head":"<!-- This site is optimized with the Yoast SEO plugin v18.1 - https:\/\/yoast.com\/wordpress\/plugins\/seo\/ -->\n<title>2e \u00e9dition Forum International des Affaires et de la Coop\u00e9ration Turquie- Burkina Faso: Rendez-vous est pris du 24 au 25 f\u00e9vrier au SIAO - CITE ELEGANCE<\/title>\n<meta name=\"robots\" content=\"index, follow, max-snippet:-1, max-image-preview:large, max-video-preview:-1\" \/>\n<link rel=\"canonical\" href=\"https:\/\/citeelegance.net\/?p=10469\" \/>\n<meta property=\"og:locale\" content=\"fr_FR\" \/>\n<meta property=\"og:type\" content=\"article\" \/>\n<meta property=\"og:title\" content=\"2e \u00e9dition Forum International des Affaires et de la Coop\u00e9ration Turquie- Burkina Faso: Rendez-vous est pris du 24 au 25 f\u00e9vrier au SIAO - CITE ELEGANCE\" \/>\n<meta property=\"og:description\" content=\"&nbsp; Le comit\u00e9 d&#8217;organisation du Forum International International des Affaires et de la Coop\u00e9ration Turquie- Burkina Faso a organis\u00e9 une conf\u00e9rence de presse ce mardi 17 janvier 2023 \u00e0 Ouagadougou. L&#8217;objectif de cette rencontre avec les hommes de m\u00e9dias \u00e9tait d&#8217;informer l&#8217;opinion publique, les commer\u00e7ants et les hommes d&#8217;affaires de la tenue de la 2e [&hellip;]\" \/>\n<meta property=\"og:url\" content=\"https:\/\/citeelegance.net\/?p=10469\" \/>\n<meta property=\"og:site_name\" content=\"CITE ELEGANCE\" \/>\n<meta property=\"article:published_time\" content=\"2023-01-23T10:24:41+00:00\" \/>\n<meta property=\"og:image\" content=\"https:\/\/citeelegance.net\/wp-content\/uploads\/2023\/01\/IMG_20230117_100626.jpg\" \/>\n\t<meta property=\"og:image:width\" content=\"695\" \/>\n\t<meta property=\"og:image:height\" content=\"465\" \/>\n\t<meta property=\"og:image:type\" content=\"image\/jpeg\" \/>\n<meta name=\"twitter:label1\" content=\"\u00c9crit par\" \/>\n\t<meta name=\"twitter:data1\" content=\"Ismael KIEKIETA\" \/>\n\t<meta name=\"twitter:label2\" content=\"Dur\u00e9e de lecture estim\u00e9e\" \/>\n\t<meta name=\"twitter:data2\" content=\"3 minutes\" \/>\n<script type=\"application\/ld+json\" class=\"yoast-schema-graph\">{\"@context\":\"https:\/\/schema.org\",\"@graph\":[{\"@type\":\"WebSite\",\"@id\":\"https:\/\/citeelegance.net\/#website\",\"url\":\"https:\/\/citeelegance.net\/\",\"name\":\"CITE ELEGANCE\",\"description\":\"\",\"potentialAction\":[{\"@type\":\"SearchAction\",\"target\":{\"@type\":\"EntryPoint\",\"urlTemplate\":\"https:\/\/citeelegance.net\/?s={search_term_string}\"},\"query-input\":\"required name=search_term_string\"}],\"inLanguage\":\"fr-FR\"},{\"@type\":\"ImageObject\",\"@id\":\"https:\/\/citeelegance.net\/?p=10469#primaryimage\",\"inLanguage\":\"fr-FR\",\"url\":\"https:\/\/citeelegance.net\/wp-content\/uploads\/2023\/01\/IMG_20230117_100626.jpg\",\"contentUrl\":\"https:\/\/citeelegance.net\/wp-content\/uploads\/2023\/01\/IMG_20230117_100626.jpg\",\"width\":695,\"height\":465},{\"@type\":\"WebPage\",\"@id\":\"https:\/\/citeelegance.net\/?p=10469#webpage\",\"url\":\"https:\/\/citeelegance.net\/?p=10469\",\"name\":\"2e \u00e9dition Forum International des Affaires et de la Coop\u00e9ration Turquie- Burkina Faso: Rendez-vous est pris du 24 au 25 f\u00e9vrier au SIAO - CITE ELEGANCE\",\"isPartOf\":{\"@id\":\"https:\/\/citeelegance.net\/#website\"},\"primaryImageOfPage\":{\"@id\":\"https:\/\/citeelegance.net\/?p=10469#primaryimage\"},\"datePublished\":\"2023-01-23T10:24:41+00:00\",\"dateModified\":\"2023-01-23T10:24:41+00:00\",\"author\":{\"@id\":\"https:\/\/citeelegance.net\/#\/schema\/person\/981ee78db24e1c4cf407476788535aba\"},\"breadcrumb\":{\"@id\":\"https:\/\/citeelegance.net\/?p=10469#breadcrumb\"},\"inLanguage\":\"fr-FR\",\"potentialAction\":[{\"@type\":\"ReadAction\",\"target\":[\"https:\/\/citeelegance.net\/?p=10469\"]}]},{\"@type\":\"BreadcrumbList\",\"@id\":\"https:\/\/citeelegance.net\/?p=10469#breadcrumb\",\"itemListElement\":[{\"@type\":\"ListItem\",\"position\":1,\"name\":\"Accueil\",\"item\":\"https:\/\/citeelegance.net\/\"},{\"@type\":\"ListItem\",\"position\":2,\"name\":\"2e \u00e9dition Forum International des Affaires et de la Coop\u00e9ration Turquie- Burkina Faso: Rendez-vous est pris du 24 au 25 f\u00e9vrier au SIAO\"}]},{\"@type\":\"Person\",\"@id\":\"https:\/\/citeelegance.net\/#\/schema\/person\/981ee78db24e1c4cf407476788535aba\",\"name\":\"Ismael KIEKIETA\",\"url\":\"https:\/\/citeelegance.net\/?author=5\"}]}<\/script>\n<!-- \/ Yoast SEO plugin. -->","yoast_head_json":{"title":"2e \u00e9dition Forum International des Affaires et de la Coop\u00e9ration Turquie- Burkina Faso: Rendez-vous est pris du 24 au 25 f\u00e9vrier au SIAO - CITE ELEGANCE","robots":{"index":"index","follow":"follow","max-snippet":"max-snippet:-1","max-image-preview":"max-image-preview:large","max-video-preview":"max-video-preview:-1"},"canonical":"https:\/\/citeelegance.net\/?p=10469","og_locale":"fr_FR","og_type":"article","og_title":"2e \u00e9dition Forum International des Affaires et de la Coop\u00e9ration Turquie- Burkina Faso: Rendez-vous est pris du 24 au 25 f\u00e9vrier au SIAO - CITE ELEGANCE","og_description":"&nbsp; Le comit\u00e9 d&#8217;organisation du Forum International International des Affaires et de la Coop\u00e9ration Turquie- Burkina Faso a organis\u00e9 une conf\u00e9rence de presse ce mardi 17 janvier 2023 \u00e0 Ouagadougou. L&#8217;objectif de cette rencontre avec les hommes de m\u00e9dias \u00e9tait d&#8217;informer l&#8217;opinion publique, les commer\u00e7ants et les hommes d&#8217;affaires de la tenue de la 2e [&hellip;]","og_url":"https:\/\/citeelegance.net\/?p=10469","og_site_name":"CITE ELEGANCE","article_published_time":"2023-01-23T10:24:41+00:00","og_image":[{"width":695,"height":465,"url":"https:\/\/citeelegance.net\/wp-content\/uploads\/2023\/01\/IMG_20230117_100626.jpg","type":"image\/jpeg"}],"twitter_misc":{"\u00c9crit par":"Ismael KIEKIETA","Dur\u00e9e de lecture estim\u00e9e":"3 minutes"},"schema":{"@context":"https:\/\/schema.org","@graph":[{"@type":"WebSite","@id":"https:\/\/citeelegance.net\/#website","url":"https:\/\/citeelegance.net\/","name":"CITE ELEGANCE","description":"","potentialAction":[{"@type":"SearchAction","target":{"@type":"EntryPoint","urlTemplate":"https:\/\/citeelegance.net\/?s={search_term_string}"},"query-input":"required name=search_term_string"}],"inLanguage":"fr-FR"},{"@type":"ImageObject","@id":"https:\/\/citeelegance.net\/?p=10469#primaryimage","inLanguage":"fr-FR","url":"https:\/\/citeelegance.net\/wp-content\/uploads\/2023\/01\/IMG_20230117_100626.jpg","contentUrl":"https:\/\/citeelegance.net\/wp-content\/uploads\/2023\/01\/IMG_20230117_100626.jpg","width":695,"height":465},{"@type":"WebPage","@id":"https:\/\/citeelegance.net\/?p=10469#webpage","url":"https:\/\/citeelegance.net\/?p=10469","name":"2e \u00e9dition Forum International des Affaires et de la Coop\u00e9ration Turquie- Burkina Faso: Rendez-vous est pris du 24 au 25 f\u00e9vrier au SIAO - CITE ELEGANCE","isPartOf":{"@id":"https:\/\/citeelegance.net\/#website"},"primaryImageOfPage":{"@id":"https:\/\/citeelegance.net\/?p=10469#primaryimage"},"datePublished":"2023-01-23T10:24:41+00:00","dateModified":"2023-01-23T10:24:41+00:00","author":{"@id":"https:\/\/citeelegance.net\/#\/schema\/person\/981ee78db24e1c4cf407476788535aba"},"breadcrumb":{"@id":"https:\/\/citeelegance.net\/?p=10469#breadcrumb"},"inLanguage":"fr-FR","potentialAction":[{"@type":"ReadAction","target":["https:\/\/citeelegance.net\/?p=10469"]}]},{"@type":"BreadcrumbList","@id":"https:\/\/citeelegance.net\/?p=10469#breadcrumb","itemListElement":[{"@type":"ListItem","position":1,"name":"Accueil","item":"https:\/\/citeelegance.net\/"},{"@type":"ListItem","position":2,"name":"2e \u00e9dition Forum International des Affaires et de la Coop\u00e9ration Turquie- Burkina Faso: Rendez-vous est pris du 24 au 25 f\u00e9vrier au SIAO"}]},{"@type":"Person","@id":"https:\/\/citeelegance.net\/#\/schema\/person\/981ee78db24e1c4cf407476788535aba","name":"Ismael KIEKIETA","url":"https:\/\/citeelegance.net\/?author=5"}]}},"_links":{"self":[{"href":"https:\/\/citeelegance.net\/index.php?rest_route=\/wp\/v2\/posts\/10469"}],"collection":[{"href":"https:\/\/citeelegance.net\/index.php?rest_route=\/wp\/v2\/posts"}],"about":[{"href":"https:\/\/citeelegance.net\/index.php?rest_route=\/wp\/v2\/types\/post"}],"author":[{"embeddable":true,"href":"https:\/\/citeelegance.net\/index.php?rest_route=\/wp\/v2\/users\/5"}],"replies":[{"embeddable":true,"href":"https:\/\/citeelegance.net\/index.php?rest_route=%2Fwp%2Fv2%2Fcomments&post=10469"}],"version-history":[{"count":1,"href":"https:\/\/citeelegance.net\/index.php?rest_route=\/wp\/v2\/posts\/10469\/revisions"}],"predecessor-version":[{"id":10471,"href":"https:\/\/citeelegance.net\/index.php?rest_route=\/wp\/v2\/posts\/10469\/revisions\/10471"}],"wp:featuredmedia":[{"embeddable":true,"href":"https:\/\/citeelegance.net\/index.php?rest_route=\/wp\/v2\/media\/10470"}],"wp:attachment":[{"href":"https:\/\/citeelegance.net\/index.php?rest_route=%2Fwp%2Fv2%2Fmedia&parent=10469"}],"wp:term":[{"taxonomy":"category","embeddable":true,"href":"https:\/\/citeelegance.net\/index.php?rest_route=%2Fwp%2Fv2%2Fcategories&post=10469"},{"taxonomy":"post_tag","embeddable":true,"href":"https:\/\/citeelegance.net\/index.php?rest_route=%2Fwp%2Fv2%2Ftags&post=10469"}],"curies":[{"name":"wp","href":"https:\/\/api.w.org\/{rel}","templated":true}]}}