{"id":10304,"date":"2022-08-13T13:07:25","date_gmt":"2022-08-13T13:07:25","guid":{"rendered":"https:\/\/citeelegance.net\/?p=10304"},"modified":"2022-08-13T13:07:57","modified_gmt":"2022-08-13T13:07:57","slug":"journee-nationale-de-la-jeunesse-edition-le-cnj-bf-porte-parole-de-la-jeunesse","status":"publish","type":"post","link":"https:\/\/citeelegance.net\/?p=10304","title":{"rendered":"Journ\u00e9e Nationale de la jeunesse \u00e9dition : Le CNJ-BF porte parole de la jeunesse"},"content":{"rendered":"<p><strong>Ce vendredi 12 ao\u00fbt 2022 \u00e0 Ouagadougou, le minist\u00e8re des sports et de la jeunesse en partenariat avec le Conseil National de la Jeunesse organise la journ\u00e9e comm\u00e9morative de la Journ\u00e9e Internationale de la Jeunesse \u00e9dition 2022. C&#8217;est sous le leadership du pr\u00e9sident du CNJ-BF, Moumouni DIALA que le ministre de la jeunesse, Wahabou Drabo a donn\u00e9 le top d\u00e9part des activit\u00e9s.<\/strong><\/p>\n<p>C\u00e9l\u00e9br\u00e9e chaque 12 ao\u00fbt , la journ\u00e9e internationale de la jeunesse est une occasion pour la jeunesse mondiale et surtout burkinab\u00e8 \ud83c\udde7\ud83c\uddeb de se questionner sur les enjeux majeurs de d\u00e9veloppement durable. La jeunesse est un acteur majeur et fondamental dans le processus de d\u00e9veloppement de nos nations.<\/p>\n<p>Plac\u00e9e sous le th\u00e8me : <strong><em>\u00ab Promotion du sport et autonomisation des jeunes: facteurs de r\u00e9silience face aux d\u00e9fis s\u00e9curitaires au Burkina Faso\u00bb, <\/em><\/strong>cette journ\u00e9e comm\u00e9morative\u00a0 a rassembl\u00e9 plusieurs jeunes, leaders d\u2019associations, venus des 13 r\u00e9gions du Burkina Faso pour \u00e9changer non seulement sur les d\u00e9fis actuels auxquels fait face le pays des hommes int\u00e8gres, mais \u00e9galement se pencher sur des pr\u00e9occupations en vue d\u2019envisager des solutions.<\/p>\n<p>Institu\u00e9e par la r\u00e9solution A\/RES\/54\/120 du 17 d\u00e9cembre 1999 de l\u2019Assembl\u00e9e G\u00e9n\u00e9rale des Nation-Unies, \u00e0 laquelle le Burkina a souscrit et qui est comm\u00e9mor\u00e9e par la communaut\u00e9 internationale le 12 ao\u00fbt de chaque ann\u00e9e, c\u2019est le Ministre des Sports, de la Jeunesse et de l\u2019Emploi, Monsieur Abdoul Wabou DRABO qui a proc\u00e9d\u00e9 au lancement des activit\u00e9s comm\u00e9moratives de cette journ\u00e9e internationale de la Jeunesse, \u00e9dition 2022.<\/p>\n<figure id=\"attachment_2020\" class=\"wp-caption alignright\" aria-describedby=\"caption-attachment-2020\"><a href=\"https:\/\/faso-info.net\/wp-content\/uploads\/2022\/08\/FB_IMG_1660386575810.jpg\"><img loading=\"lazy\" decoding=\"async\" class=\"wp-image-2020 size-medium\" src=\"https:\/\/faso-info.net\/wp-content\/uploads\/2022\/08\/FB_IMG_1660386575810-300x151.jpg\" sizes=\"(max-width: 300px) 100vw, 300px\" srcset=\"https:\/\/faso-info.net\/wp-content\/uploads\/2022\/08\/FB_IMG_1660386575810-300x151.jpg 300w, https:\/\/faso-info.net\/wp-content\/uploads\/2022\/08\/FB_IMG_1660386575810.jpg 720w\" alt=\"\" width=\"300\" height=\"151\" \/><\/a><figcaption id=\"caption-attachment-2020\" class=\"wp-caption-text\">Pr\u00e9sident du CNJ\/BF, Moumouni DIALA<\/figcaption><\/figure>\n<p>Le pr\u00e9sident du CNJ\/BF Moumouni DIALA lui a une fois de plus plaid\u00e9 aupr\u00e8s de l\u2019autorit\u00e9 pour une prise en compte cons\u00e9quente des pr\u00e9occupations de la jeunesse burkinab\u00e8 au vue de la rendre plus efficace, disponible a m\u00eame de pouvoir mieux s\u2019engager dans la lutte contre le terrorisme.<\/p>\n<p><em>\u00ab Quand vous prenez cette jeunesse burkinab\u00e8 elle a principalement des pr\u00e9occupations allant de la formation, la recherche de l\u2019emploi, son implication dans les sph\u00e8res de prise de d\u00e9cision. Mais aussi et surtout comment la structur\u00e9e afin qu\u2019elle puisse s\u2019engager dans la lutte contre le terrorisme, surtout dans un contexte o\u00f9 elle est \u00e0 la fois acteur et victime \u00bb,<\/em>\u00a0a plaid\u00e9 le pr\u00e9sident DIALA.<\/p>\n<figure id=\"attachment_2019\" class=\"wp-caption alignleft\" aria-describedby=\"caption-attachment-2019\"><a href=\"https:\/\/faso-info.net\/wp-content\/uploads\/2022\/08\/FB_IMG_1660385781416.jpg\"><img loading=\"lazy\" decoding=\"async\" class=\"wp-image-2019 size-medium\" src=\"https:\/\/faso-info.net\/wp-content\/uploads\/2022\/08\/FB_IMG_1660385781416-300x300.jpg\" sizes=\"(max-width: 300px) 100vw, 300px\" srcset=\"https:\/\/faso-info.net\/wp-content\/uploads\/2022\/08\/FB_IMG_1660385781416-300x300.jpg 300w, https:\/\/faso-info.net\/wp-content\/uploads\/2022\/08\/FB_IMG_1660385781416-150x150.jpg 150w, https:\/\/faso-info.net\/wp-content\/uploads\/2022\/08\/FB_IMG_1660385781416-122x122.jpg 122w, https:\/\/faso-info.net\/wp-content\/uploads\/2022\/08\/FB_IMG_1660385781416.jpg 720w\" alt=\"\" width=\"300\" height=\"300\" \/><\/a><figcaption id=\"caption-attachment-2019\" class=\"wp-caption-text\">Le Ministre des Sports, de la Jeunesse et de l\u2019Emploi, Monsieur Abdoul Wabou DRABO<\/figcaption><\/figure>\n<p>Le ministre DRABO lors de son allocution a demand\u00e9 aux participants des \u00e9changes francs et ouverts dans les d\u00e9bats parce qu\u2019il\u00a0 s\u2019engage \u00e0 \u0153uvrer pour l\u2019application des recommandations.<\/p>\n<p>\u00ab<em>Nous avons interpell\u00e9 les participants d\u2019avoir un d\u00e9bat francs a m\u00eame de traduire leurs r\u00e9els besoins au sortir de ces travaux. D\u00e9gager<\/em> des perspectives et regarder ensemble pour l\u2019avenir. Il ne s\u2019agit pas pour nous de passer \u00e0 une solution b\u00e2ton magique. Nous devons redoubler d\u2019efforts et d\u2019imagination pour trouver des solutions au terrorisme. La jeunesse est un moteur du d\u00e9veloppement. A travers le sport \u00e9galement on peut montrer le dynamisme de la jeunesse. Nous n\u2019allons pas faire un pas sans la jeunesse. Le gouvernement de la transition est \u00e0 l\u2019\u00e9coute de la jeunesse. C\u2019est un gouvernement de jeunesse et c\u2019est l\u2019occasion de jetter de nouvelles bases. C\u2019est une transition civile avec \u00e0 sa t\u00eate un militaire qui est \u00e0 l\u2019\u00e9coute de la jeunesse. Je voudrais saluer l\u2019accompagnement des partenaires techniques et financiers. Malgr\u00e9 les difficult\u00e9s, nous devons garder espoir. Jeune du Burkina Faso faisons de notre pays, un havre de paix\u00bb, a plaid\u00e9 le ministre de la jeunesse avant de d\u00e9clarer ouverte la c\u00e9r\u00e9monie.<\/p>\n<p>M. S<\/p>\n<aside class=\"mashsb-container mashsb-main mashsb-stretched\"><div class=\"mashsb-box\"><div class=\"mashsb-buttons\"><a class=\"mashicon-facebook mash-small mash-center mashsb-noshadow\" href=\"https:\/\/www.facebook.com\/sharer.php?u=https%3A%2F%2Fciteelegance.net%2F%3Fp%3D10304\" target=\"_top\" rel=\"nofollow\"><span class=\"icon\"><\/span><span class=\"text\">Partagez<\/span><\/a><a class=\"mashicon-twitter mash-small mash-center mashsb-noshadow\" href=\"https:\/\/twitter.com\/intent\/tweet?text=&url=https:\/\/citeelegance.net\/?p=10304\" target=\"_top\" rel=\"nofollow\"><span class=\"icon\"><\/span><span class=\"text\">Tweet<\/span><\/a><div class=\"onoffswitch2 mash-small mashsb-noshadow\" style=\"display:none;\"><\/div><\/div>\n            <\/div>\n                <div style=\"clear:both;\"><\/div><\/aside>\n            <!-- Share buttons by mashshare.net - Version: 3.8.0--><div class=\"pdf24Plugin-cp\"> \t<form name=\"pdf24Form0\" method=\"post\" action=\"https:\/\/doc2pdf.pdf24.org\/wordpress.php\" target=\"pdf24PopWin\" onsubmit=\"var pdf24Win = window.open('about:blank', 'pdf24PopWin', 'resizable=yes,scrollbars=yes,width=600,height=250,left='+(screen.width\/2-300)+',top='+(screen.height\/3-125)+''); pdf24Win.focus(); if(typeof pdf24OnCreatePDF === 'function'){void(pdf24OnCreatePDF(this,pdf24Win));}\"> \t\t<input type=\"hidden\" name=\"blogCharset\" value=\"Cw1x07UAAA==\" \/><input type=\"hidden\" name=\"blogPosts\" value=\"MwQA\" \/><input type=\"hidden\" name=\"blogUrl\" value=\"yygpKSi20tdPzixJTc1JTU\/MS07Vy0stAQA=\" \/><input type=\"hidden\" name=\"blogName\" value=\"c\/YMcVVw9XF1d\/RzdgUA\" \/><input type=\"hidden\" name=\"blogValueEncoding\" value=\"gzdeflate base64\" \/><input type=\"hidden\" name=\"postId_0\" value=\"MzQwNjABAA==\" \/><input type=\"hidden\" name=\"postTitle_0\" value=\"88ovLco7vDJVwS+xJDM\/LzEnVSElVSEnUSErtTQvtbg4VeHwypRMkJSClYJPqoKzn5euk5tCQX5RSapCQWJRPoYGAA==\" \/><input type=\"hidden\" name=\"postLink_0\" value=\"yygpKSi20tdPzixJTc1JTU\/MS07Vy0st0bcvsDU0MDYwAQA=\" \/><input type=\"hidden\" name=\"postAuthor_0\" value=\"8yzOTUzNUfD2dAWiEEcA\" \/><input type=\"hidden\" name=\"postDateTime_0\" value=\"MzIwMtI1sNA1NFYwNLYysLAyMgUA\" \/><input type=\"hidden\" name=\"postContent_0\" value=\"xVjLchu5Fd3PVyBMeWpSxbcs6zEiXbI8mpLL8jjjPJYusBtswoMG2gCapLzKLh+QVVZxZRNp\/AWp2YmVH8kX5BNyLtBNNSl5ZlzRVFymSDaB+zw4914cFeMj563R2fhEsLnQqRWpZIMh42b1g2fD\/nDIVu\/ZNyXPeGrKzJRtpgTLpZbOry6tYKlwzBXGeseExzemOHsjSi2cE0xoVnDrheZWcs\/4XCS0\/cRoJ6RiL7iXRnNVbXtWbzM241AQZZnS6tWVYInJ89VVbiw2zUW9pf71THthdSVPbAtcXaWSfgoOddnJ57\/eHw72vhTOM2dKRzYpwVNh3UwWLC1ZYVdXTqZCe\/p28uJZ58lpm52bMjelluzp2fHzY\/a2FDfBsGLL+Tb7I5\/xiSnZU4s3xllqNGylLd5Ay+qKYhMCyBP4JD10do96VUKOesX4s6NifLK6UquriQ0xmHFSus5PeyNC8q4Y3OQCzuIjM0nCHcWiwL6NFbnRqaSdSKQrrTelZ5PSfic1n6wu2X\/+9ud\/4PWBBGM1DHGkSgtLq+EWEKAhbMlyjjfraCG8nAtlikLkMZiIhRJd9vyWZRQE7Ko2kw1T2MNpGyGE65CmwpoEm8o7hQumjWMxAhTJGMCXiicUnjrTfra6zAU7ZDX0j0Q+vv7AXlqTm4ASpDxAmozgpTfa5NLx+BO8jIYfsmm0OJgS8KKk0Img5wL7lmTfVOJ4rK6S0krPpaVcl+xJDCo75c5c\/9BmRz1YsE58IrwXH8P99XsAyXKELZ8AFqxQpZPBiGhVuwYyS\/\/9p79inUlkjEebzneIm2ODHTI4o8fkbNOeCAtYPOM6Q2o1nHaiVDHEdaIrzxCAUijyafk2fJhy6aP\/lCt+EdXN4ALegM\/VZWbJyJxjNyzgtVysRuxmFZZoEx1BYLUsovnEJXNgn9wSeo58kHWBfYwqNzN+poFMX1L0cMQI45Seahk77n371ave7sPeYNgn7wd75E6CgOIMDw4ODsLJgZrjOsqCfb26QjJsPFauIq7O77UkZ0CQis6lCjSyjiYPiEuQeMLR21IGoK\/T2bCOnpUaSENCtw6xapz2dE0AnIgEDJNQMCAUq85vWMixV4GQ29s0WBE0Nn2VF8pIYjQd4MOOJ6B3BcoKhPXt8ZNvgsU8HDjQJywDcBUHvquz1mStLZCGE7EFY\/ljBN3eYuiYyKnMSjgk01GLe8+TGWl+jQX9FksUsD1qLYpOwouwkSuZaSuzmW8xKjcdmIjgT0Q6uRi1qlWdG0GdIGh8xNnMiumoNfO+cIe93hSHoCP11HS18D1SYGC69r0SIeOp65GFvf5+7\/TJ67Pzr18PHj3q7+w\/2t3b3R\/0u2+KDDJlnjFaLHU2ain+7qIFhxMTv3N3oZOmBzIHloM5zMl3opOjBpd5izmb3JNZnZ1+fznYHQTzghJo\/iLny85Cpn52yPB7sfwNG\/T780U7fgv6nfC\/gAmkAGruLeJsb9hfIOsKxrZYcGnUgo4WmwkCxKgFxS3WA8fyMcGqxgxB62PIuA2xjhdL3xq\/3O4Nerd7g6PejZZx+AIkB256Lm43FxCw3VuocPioXk+NDOeJmB5\/uIxnEUIuXX2cqUhZOomRvWlbYWVswHA0C09lRKMOgTwQ2jv5datdaBR+HPzAvGGBDU1itEZMpzIB2YNoJAqmlijtsDpffZ+H5TBmbiRKuqSuwAXmziJvh3LO4aaPthFzUW0W1sITl4s1mVfV+bcl1ymbUw0vYIN4VxPMHQYHJibqkjqRRV1j7nKaK1Ba3bZOjc3D83Z0lMoRXnWQRcWZjoCDz3A9tgSxNaE2eEYtccxWCH\/sURJJ\/VaXnVPR46VzstlhEXWSeVAJ\/i5RUUNp4FOpQcGkl7wpSklOfloM22slYW2pwyqAGF3g6p8xTFQ+QgGLQKuaMNg3l6B35BENSuhPrt\/zNfzUBogDYn+CswcHH+VsJaY\/n7Ih574oe3dvf\/Bw8Oh\/ouzBwb1TdmVW4Eu8\/h+UfYcJ90LZtdzBLpWCKBfv9yd3OFziFeUOh\/cl9+eVmPDlE0rMnSeiKjHPf4F+7kdL0nqGja2fMnGqceGMKpPEzhkjrMhBw6EALcNoL4lgtY99fj01YA6w6BTDjQBKgKDLgTVLYveE4wF2JyIynFQYa26ojfjoX38p5xYkF4dUKnFFg3EhBvQM4oQxW9Pe9QcqGC+oTvA5UXxoPAtwXeAtt2U1SQ41CuQYLattb9Qxb3laysCuNGkRP2PWmQhnpA4DnUN6pI1dr6Plc8Sny57ShAOqDvwZ6w8ms0IksUlGdKzIuMW4hkIdZg3RcBjjmrRddqaYjsTPM4wSBXdxjTZxCC5oGLQUMyr76ylnsvo7BlcMWplE0e+yF3F5CIkVAAeU2ThNTafr6xtKBm2JjXpUhKmUcrg5a5HXjWJ91zyPYZqQiBZnc07vsuMQIhpS4XCctBuzIOkVqFl5qGg0b7L0QvOcFG11KZVbmoIDmGoXwjOlQZssoC+uqpI3WwD3LHik19cG+B0W4egEr+uSCKlANMrnbbUn1eAFJduy3jRO53o+w\/v63iWsQcm28cICuxXhcsKdcE3JomlTgkmLmhq6QYNtDgavvvfBy1yqeLewnjF\/wvhngvqo1FI74rgqRQW4hFpFnulGuxQv78K9hUc\/pAlLASnoTnBKJHJIfY3KbHW6Ukk9YaloKmzXGA2gq4GOfBOsA4ndunxA6lzVjGpDfER3CG3ycsbn8Yqt4HJJlyYb3chH7uAQr6q9ozZMcYJTJKSwDIOtpakVY\/yaP8677FX8zKm9qSk6527mJqFscElXXtWDHN\/qz2SAR8OYop1I5Xxr68Qs736O9g0uh7am8YuEqg7dpEyM+S5o6LgcII8fE2rj10Zo42Y8NahPm33RYrHo1iK6SG4PyxCCbjErHpejsOrBzvGD4Sn+J9ILoUBHmPCpSNLTndPiwc7TQX+n\/7DFPLcZtRavvSlaoBA1amkzNTh2C9juwKe1+WR6i+6z8Gzzl2qAAqpAi+\/qFVQxb\/vuF9LXPn6669Xu4LWMpd4vhPCPyYTR56VVo3rptue9x8Xo3n3+HSlvOtwAgoHMqYPByWy47e6Gi85fKDFq0bCl+MWhNlp8SUohq\/r7GWv8u+NReEyqK1GJEtweToyfNQQF4G+J+lWnw14ReliFVza5iAbSQwob67A\/gA5AVuhNu\/vdfqcz\/i8=\" \/> \t\t<a href=\"https:\/\/www.pdf24.org\" target=\"_blank\" title=\"www.pdf24.org\" rel=\"nofollow\"><img src=\"https:\/\/citeelegance.net\/wp-content\/plugins\/pdf24-posts-to-pdf\/img\/pdf_32x32.png\" alt=\"\" border=\"0\" height=\"32\" \/><\/a> \t\t<span class=\"pdf24Plugin-cp-space\">&nbsp;&nbsp;<\/span> \t\t<span class=\"pdf24Plugin-cp-text\">Send article as PDF<\/span> \t\t<span class=\"pdf24Plugin-cp-space\">&nbsp;&nbsp;<\/span> \t\t<input class=\"pdf24Plugin-cp-input\" style=\"margin: 0px;\" type=\"text\" name=\"sendEmailTo\" placeholder=\"Enter email address\" \/> \t\t<input class=\"pdf24Plugin-cp-submit\" style=\"margin: 0px;\" type=\"submit\" value=\"Send\" \/> \t<\/form> <\/div>","protected":false},"excerpt":{"rendered":"<p>Ce vendredi 12 ao\u00fbt 2022 \u00e0 Ouagadougou, le minist\u00e8re des sports et de la jeunesse en partenariat avec le Conseil National de la Jeunesse organise la journ\u00e9e comm\u00e9morative de la Journ\u00e9e Internationale de la Jeunesse \u00e9dition 2022. C&#8217;est sous le leadership du pr\u00e9sident du CNJ-BF, Moumouni DIALA que le ministre de la jeunesse, Wahabou Drabo [&hellip;]<\/p>\n","protected":false},"author":5,"featured_media":10305,"comment_status":"open","ping_status":"closed","sticky":false,"template":"","format":"standard","meta":{"footnotes":""},"categories":[2,16],"tags":[530,531,532,533],"yoast_head":"<!-- This site is optimized with the Yoast SEO plugin v18.1 - https:\/\/yoast.com\/wordpress\/plugins\/seo\/ -->\n<title>Journ\u00e9e Nationale de la jeunesse \u00e9dition : Le CNJ-BF porte parole de la jeunesse - CITE ELEGANCE<\/title>\n<meta name=\"robots\" content=\"index, follow, max-snippet:-1, max-image-preview:large, max-video-preview:-1\" \/>\n<link rel=\"canonical\" href=\"https:\/\/citeelegance.net\/?p=10304\" \/>\n<meta property=\"og:locale\" content=\"fr_FR\" \/>\n<meta property=\"og:type\" content=\"article\" \/>\n<meta property=\"og:title\" content=\"Journ\u00e9e Nationale de la jeunesse \u00e9dition : Le CNJ-BF porte parole de la jeunesse - CITE ELEGANCE\" \/>\n<meta property=\"og:description\" content=\"Ce vendredi 12 ao\u00fbt 2022 \u00e0 Ouagadougou, le minist\u00e8re des sports et de la jeunesse en partenariat avec le Conseil National de la Jeunesse organise la journ\u00e9e comm\u00e9morative de la Journ\u00e9e Internationale de la Jeunesse \u00e9dition 2022. C&#8217;est sous le leadership du pr\u00e9sident du CNJ-BF, Moumouni DIALA que le ministre de la jeunesse, Wahabou Drabo [&hellip;]\" \/>\n<meta property=\"og:url\" content=\"https:\/\/citeelegance.net\/?p=10304\" \/>\n<meta property=\"og:site_name\" content=\"CITE ELEGANCE\" \/>\n<meta property=\"article:published_time\" content=\"2022-08-13T13:07:25+00:00\" \/>\n<meta property=\"article:modified_time\" content=\"2022-08-13T13:07:57+00:00\" \/>\n<meta property=\"og:image\" content=\"https:\/\/citeelegance.net\/wp-content\/uploads\/2022\/08\/FB_IMG_1660385793375.jpg\" \/>\n\t<meta property=\"og:image:width\" content=\"698\" \/>\n\t<meta property=\"og:image:height\" content=\"465\" \/>\n\t<meta property=\"og:image:type\" content=\"image\/jpeg\" \/>\n<meta name=\"twitter:label1\" content=\"\u00c9crit par\" \/>\n\t<meta name=\"twitter:data1\" content=\"Ismael KIEKIETA\" \/>\n\t<meta name=\"twitter:label2\" content=\"Dur\u00e9e de lecture estim\u00e9e\" \/>\n\t<meta name=\"twitter:data2\" content=\"4 minutes\" \/>\n<script type=\"application\/ld+json\" class=\"yoast-schema-graph\">{\"@context\":\"https:\/\/schema.org\",\"@graph\":[{\"@type\":\"WebSite\",\"@id\":\"https:\/\/citeelegance.net\/#website\",\"url\":\"https:\/\/citeelegance.net\/\",\"name\":\"CITE ELEGANCE\",\"description\":\"\",\"potentialAction\":[{\"@type\":\"SearchAction\",\"target\":{\"@type\":\"EntryPoint\",\"urlTemplate\":\"https:\/\/citeelegance.net\/?s={search_term_string}\"},\"query-input\":\"required name=search_term_string\"}],\"inLanguage\":\"fr-FR\"},{\"@type\":\"ImageObject\",\"@id\":\"https:\/\/citeelegance.net\/?p=10304#primaryimage\",\"inLanguage\":\"fr-FR\",\"url\":\"https:\/\/citeelegance.net\/wp-content\/uploads\/2022\/08\/FB_IMG_1660385793375.jpg\",\"contentUrl\":\"https:\/\/citeelegance.net\/wp-content\/uploads\/2022\/08\/FB_IMG_1660385793375.jpg\",\"width\":698,\"height\":465},{\"@type\":\"WebPage\",\"@id\":\"https:\/\/citeelegance.net\/?p=10304#webpage\",\"url\":\"https:\/\/citeelegance.net\/?p=10304\",\"name\":\"Journ\u00e9e Nationale de la jeunesse \u00e9dition : Le CNJ-BF porte parole de la jeunesse - CITE ELEGANCE\",\"isPartOf\":{\"@id\":\"https:\/\/citeelegance.net\/#website\"},\"primaryImageOfPage\":{\"@id\":\"https:\/\/citeelegance.net\/?p=10304#primaryimage\"},\"datePublished\":\"2022-08-13T13:07:25+00:00\",\"dateModified\":\"2022-08-13T13:07:57+00:00\",\"author\":{\"@id\":\"https:\/\/citeelegance.net\/#\/schema\/person\/981ee78db24e1c4cf407476788535aba\"},\"breadcrumb\":{\"@id\":\"https:\/\/citeelegance.net\/?p=10304#breadcrumb\"},\"inLanguage\":\"fr-FR\",\"potentialAction\":[{\"@type\":\"ReadAction\",\"target\":[\"https:\/\/citeelegance.net\/?p=10304\"]}]},{\"@type\":\"BreadcrumbList\",\"@id\":\"https:\/\/citeelegance.net\/?p=10304#breadcrumb\",\"itemListElement\":[{\"@type\":\"ListItem\",\"position\":1,\"name\":\"Accueil\",\"item\":\"https:\/\/citeelegance.net\/\"},{\"@type\":\"ListItem\",\"position\":2,\"name\":\"Journ\u00e9e Nationale de la jeunesse \u00e9dition : Le CNJ-BF porte parole de la jeunesse\"}]},{\"@type\":\"Person\",\"@id\":\"https:\/\/citeelegance.net\/#\/schema\/person\/981ee78db24e1c4cf407476788535aba\",\"name\":\"Ismael KIEKIETA\",\"url\":\"https:\/\/citeelegance.net\/?author=5\"}]}<\/script>\n<!-- \/ Yoast SEO plugin. -->","yoast_head_json":{"title":"Journ\u00e9e Nationale de la jeunesse \u00e9dition : Le CNJ-BF porte parole de la jeunesse - CITE ELEGANCE","robots":{"index":"index","follow":"follow","max-snippet":"max-snippet:-1","max-image-preview":"max-image-preview:large","max-video-preview":"max-video-preview:-1"},"canonical":"https:\/\/citeelegance.net\/?p=10304","og_locale":"fr_FR","og_type":"article","og_title":"Journ\u00e9e Nationale de la jeunesse \u00e9dition : Le CNJ-BF porte parole de la jeunesse - CITE ELEGANCE","og_description":"Ce vendredi 12 ao\u00fbt 2022 \u00e0 Ouagadougou, le minist\u00e8re des sports et de la jeunesse en partenariat avec le Conseil National de la Jeunesse organise la journ\u00e9e comm\u00e9morative de la Journ\u00e9e Internationale de la Jeunesse \u00e9dition 2022. C&#8217;est sous le leadership du pr\u00e9sident du CNJ-BF, Moumouni DIALA que le ministre de la jeunesse, Wahabou Drabo [&hellip;]","og_url":"https:\/\/citeelegance.net\/?p=10304","og_site_name":"CITE ELEGANCE","article_published_time":"2022-08-13T13:07:25+00:00","article_modified_time":"2022-08-13T13:07:57+00:00","og_image":[{"width":698,"height":465,"url":"https:\/\/citeelegance.net\/wp-content\/uploads\/2022\/08\/FB_IMG_1660385793375.jpg","type":"image\/jpeg"}],"twitter_misc":{"\u00c9crit par":"Ismael KIEKIETA","Dur\u00e9e de lecture estim\u00e9e":"4 minutes"},"schema":{"@context":"https:\/\/schema.org","@graph":[{"@type":"WebSite","@id":"https:\/\/citeelegance.net\/#website","url":"https:\/\/citeelegance.net\/","name":"CITE ELEGANCE","description":"","potentialAction":[{"@type":"SearchAction","target":{"@type":"EntryPoint","urlTemplate":"https:\/\/citeelegance.net\/?s={search_term_string}"},"query-input":"required name=search_term_string"}],"inLanguage":"fr-FR"},{"@type":"ImageObject","@id":"https:\/\/citeelegance.net\/?p=10304#primaryimage","inLanguage":"fr-FR","url":"https:\/\/citeelegance.net\/wp-content\/uploads\/2022\/08\/FB_IMG_1660385793375.jpg","contentUrl":"https:\/\/citeelegance.net\/wp-content\/uploads\/2022\/08\/FB_IMG_1660385793375.jpg","width":698,"height":465},{"@type":"WebPage","@id":"https:\/\/citeelegance.net\/?p=10304#webpage","url":"https:\/\/citeelegance.net\/?p=10304","name":"Journ\u00e9e Nationale de la jeunesse \u00e9dition : Le CNJ-BF porte parole de la jeunesse - CITE ELEGANCE","isPartOf":{"@id":"https:\/\/citeelegance.net\/#website"},"primaryImageOfPage":{"@id":"https:\/\/citeelegance.net\/?p=10304#primaryimage"},"datePublished":"2022-08-13T13:07:25+00:00","dateModified":"2022-08-13T13:07:57+00:00","author":{"@id":"https:\/\/citeelegance.net\/#\/schema\/person\/981ee78db24e1c4cf407476788535aba"},"breadcrumb":{"@id":"https:\/\/citeelegance.net\/?p=10304#breadcrumb"},"inLanguage":"fr-FR","potentialAction":[{"@type":"ReadAction","target":["https:\/\/citeelegance.net\/?p=10304"]}]},{"@type":"BreadcrumbList","@id":"https:\/\/citeelegance.net\/?p=10304#breadcrumb","itemListElement":[{"@type":"ListItem","position":1,"name":"Accueil","item":"https:\/\/citeelegance.net\/"},{"@type":"ListItem","position":2,"name":"Journ\u00e9e Nationale de la jeunesse \u00e9dition : Le CNJ-BF porte parole de la jeunesse"}]},{"@type":"Person","@id":"https:\/\/citeelegance.net\/#\/schema\/person\/981ee78db24e1c4cf407476788535aba","name":"Ismael KIEKIETA","url":"https:\/\/citeelegance.net\/?author=5"}]}},"_links":{"self":[{"href":"https:\/\/citeelegance.net\/index.php?rest_route=\/wp\/v2\/posts\/10304"}],"collection":[{"href":"https:\/\/citeelegance.net\/index.php?rest_route=\/wp\/v2\/posts"}],"about":[{"href":"https:\/\/citeelegance.net\/index.php?rest_route=\/wp\/v2\/types\/post"}],"author":[{"embeddable":true,"href":"https:\/\/citeelegance.net\/index.php?rest_route=\/wp\/v2\/users\/5"}],"replies":[{"embeddable":true,"href":"https:\/\/citeelegance.net\/index.php?rest_route=%2Fwp%2Fv2%2Fcomments&post=10304"}],"version-history":[{"count":1,"href":"https:\/\/citeelegance.net\/index.php?rest_route=\/wp\/v2\/posts\/10304\/revisions"}],"predecessor-version":[{"id":10306,"href":"https:\/\/citeelegance.net\/index.php?rest_route=\/wp\/v2\/posts\/10304\/revisions\/10306"}],"wp:featuredmedia":[{"embeddable":true,"href":"https:\/\/citeelegance.net\/index.php?rest_route=\/wp\/v2\/media\/10305"}],"wp:attachment":[{"href":"https:\/\/citeelegance.net\/index.php?rest_route=%2Fwp%2Fv2%2Fmedia&parent=10304"}],"wp:term":[{"taxonomy":"category","embeddable":true,"href":"https:\/\/citeelegance.net\/index.php?rest_route=%2Fwp%2Fv2%2Fcategories&post=10304"},{"taxonomy":"post_tag","embeddable":true,"href":"https:\/\/citeelegance.net\/index.php?rest_route=%2Fwp%2Fv2%2Ftags&post=10304"}],"curies":[{"name":"wp","href":"https:\/\/api.w.org\/{rel}","templated":true}]}}