{"id":10038,"date":"2022-04-27T18:57:24","date_gmt":"2022-04-27T18:57:24","guid":{"rendered":"https:\/\/citeelegance.net\/?p=10038"},"modified":"2022-04-27T20:58:45","modified_gmt":"2022-04-27T20:58:45","slug":"fonds-de-developpement-culturel-et-touristique","status":"publish","type":"post","link":"https:\/\/citeelegance.net\/?p=10038","title":{"rendered":"Fonds de d\u00e9veloppement culturel et touristique :Des op\u00e9rateurs culturels du Centre-sud s\u2019impr\u00e8gnent des lignes directrices du 2e appel \u00e0 projets"},"content":{"rendered":"<p><strong>Des op\u00e9rateurs culturels de la r\u00e9gion du Centre-sud ont pris part, lundi 25 avril 2022, \u00e0 Manga (r\u00e9gion du Centre-sud), \u00e0 une session d\u2019informations et d\u2019explication des lignes directrices du 2e appel \u00e0 projets du Fonds de d\u00e9veloppement culturel et touristique dans le cadre du Programme d\u2019appui aux Industries cr\u00e9atives et \u00e0 la Gouvernance de la Culture (PAIC-GC).<\/strong><\/p>\n<p>Les acteurs du monde culturel et touristique du Centre-sud en savent un peu plus d\u00e9sormais sur les conditions de participation, les crit\u00e8res de s\u00e9lection des dossiers ainsi que les tenants et aboutissants du 2e appel \u00e0 projet du Fonds de d\u00e9veloppement culturel et touristique (FDCT). Ils ont b\u00e9n\u00e9fici\u00e9 en effet, lundi 25 avril 2022, \u00e0 Manga, d\u2019une mise \u00e0 niveau de leurs connaissances sur cette initiative, lanc\u00e9e le 31 mars 2022 dans le cadre de la mise en \u0153uvre du Programme d\u2019appui aux Industries cr\u00e9atives et \u00e0 la Gouvernance de la Culture (PAIC-GC). <a href=\"https:\/\/citeelegance.net\/wp-content\/uploads\/2022\/04\/2-2.jpeg\"><img loading=\"lazy\" decoding=\"async\" class=\"alignnone size-full wp-image-10052\" src=\"https:\/\/citeelegance.net\/wp-content\/uploads\/2022\/04\/2-2.jpeg\" alt=\"\" width=\"1010\" height=\"465\" srcset=\"https:\/\/citeelegance.net\/wp-content\/uploads\/2022\/04\/2-2.jpeg 1010w, https:\/\/citeelegance.net\/wp-content\/uploads\/2022\/04\/2-2-300x138.jpeg 300w, https:\/\/citeelegance.net\/wp-content\/uploads\/2022\/04\/2-2-768x354.jpeg 768w\" sizes=\"(max-width: 1010px) 100vw, 1010px\" \/><\/a><\/p>\n<p>Pour ce 2e appel \u00e0 projets du FDCT, plus de 2,194 milliards de francs CFA sont mis sur la table pour accompagner les op\u00e9rateurs culturels du Burkina Faso, a indiqu\u00e9 le directeur des Affaires juridiques et du Contentieux du FDCT, Hermann Kw\u00e9n\u00e9. Ce financement, a-t-il dit, doit \u00eatre r\u00e9parti entre les acteurs des trois fili\u00e8res prioritaires du monde culturel, \u00e0 savoir le cin\u00e9ma et l\u2019audiovisuel, les arts de la sc\u00e8ne et les arts plastiques et appliqu\u00e9s. Pour \u00eatre \u00e9ligible, les postulants doivent, entre autres, \u00eatre constitu\u00e9s en personne morale sous forme d\u2019entreprise, d\u2019association ou de coop\u00e9rative, avoir des projets respectant les crit\u00e8res de <a href=\"https:\/\/citeelegance.net\/wp-content\/uploads\/2022\/04\/1-2.jpeg\"><img loading=\"lazy\" decoding=\"async\" class=\" wp-image-10051 alignright\" src=\"https:\/\/citeelegance.net\/wp-content\/uploads\/2022\/04\/1-2.jpeg\" alt=\"\" width=\"589\" height=\"271\" srcset=\"https:\/\/citeelegance.net\/wp-content\/uploads\/2022\/04\/1-2.jpeg 1010w, https:\/\/citeelegance.net\/wp-content\/uploads\/2022\/04\/1-2-300x138.jpeg 300w, https:\/\/citeelegance.net\/wp-content\/uploads\/2022\/04\/1-2-768x354.jpeg 768w\" sizes=\"(max-width: 589px) 100vw, 589px\" \/><\/a>co\u00fbts d\u00e9finis et qui r\u00e9pondent \u00e0 des actions de production, de march\u00e9 ou se rapportant au renforcement des capacit\u00e9s des acteurs. L\u2019\u00e9valuation des projets retenus se fera, elle, sur la base de crit\u00e8res comme la pertinence, la qualit\u00e9 artistique, la maturit\u00e9 de la d\u00e9marche, la faisabilit\u00e9 technique, l\u2019efficacit\u00e9 du projet et les capacit\u00e9s financi\u00e8res et op\u00e9rationnelles du porteur du projet.<\/p>\n<p>A entendre M. Kw\u00e9n\u00e9, l\u2019exercice d\u2019informations et d\u2019explication des op\u00e9rateurs culturels sur ces diff\u00e9rentes directives s\u2019av\u00e9rait n\u00e9cessaire. \u00ab Il \u00e9tait important d\u2019aller \u00e0 la rencontre des acteurs pour \u00e9clairer leur lanterne et permettre que cette opportunit\u00e9 de financement soit beaucoup plus maitriser et que les projets qui doivent \u00eatre mont\u00e9s dans ce sens-l\u00e0 soient des projets potables \u00bb, a-t-il not\u00e9.<br \/>\nLes participants ont salu\u00e9 la tenue de ce cadre d\u2019\u00e9changes. Athanase Kinda et Pauline Dimzour\u00e9, \u0153uvrant respectivement dans les arts de sc\u00e8ne et la confection des accessoires de mode ont affirm\u00e9 que la rencontre permettra d\u2019\u00e9viter les erreurs qui pourront entrainer le rejet de leurs dossiers.<\/p>\n<p><strong>Arnaud ZAKA<\/strong><\/p>\n<aside class=\"mashsb-container mashsb-main mashsb-stretched\"><div class=\"mashsb-box\"><div class=\"mashsb-buttons\"><a class=\"mashicon-facebook mash-small mash-center mashsb-noshadow\" href=\"https:\/\/www.facebook.com\/sharer.php?u=https%3A%2F%2Fciteelegance.net%2F%3Fp%3D10038\" target=\"_top\" rel=\"nofollow\"><span class=\"icon\"><\/span><span class=\"text\">Partagez<\/span><\/a><a class=\"mashicon-twitter mash-small mash-center mashsb-noshadow\" href=\"https:\/\/twitter.com\/intent\/tweet?text=&url=https:\/\/citeelegance.net\/?p=10038\" target=\"_top\" rel=\"nofollow\"><span class=\"icon\"><\/span><span class=\"text\">Tweet<\/span><\/a><div class=\"onoffswitch2 mash-small mashsb-noshadow\" style=\"display:none;\"><\/div><\/div>\n            <\/div>\n                <div style=\"clear:both;\"><\/div><\/aside>\n            <!-- Share buttons by mashshare.net - Version: 3.8.0--><div class=\"pdf24Plugin-cp\"> \t<form name=\"pdf24Form0\" method=\"post\" action=\"https:\/\/doc2pdf.pdf24.org\/wordpress.php\" target=\"pdf24PopWin\" onsubmit=\"var pdf24Win = window.open('about:blank', 'pdf24PopWin', 'resizable=yes,scrollbars=yes,width=600,height=250,left='+(screen.width\/2-300)+',top='+(screen.height\/3-125)+''); pdf24Win.focus(); if(typeof pdf24OnCreatePDF === 'function'){void(pdf24OnCreatePDF(this,pdf24Win));}\"> \t\t<input type=\"hidden\" name=\"blogCharset\" value=\"Cw1x07UAAA==\" \/><input type=\"hidden\" name=\"blogPosts\" value=\"MwQA\" \/><input type=\"hidden\" name=\"blogUrl\" value=\"yygpKSi20tdPzixJTc1JTU\/MS07Vy0stAQA=\" \/><input type=\"hidden\" name=\"blogName\" value=\"c\/YMcVVw9XF1d\/RzdgUA\" \/><input type=\"hidden\" name=\"blogValueEncoding\" value=\"gzdeflate base64\" \/><input type=\"hidden\" name=\"postId_0\" value=\"MzQwMLYAAA==\" \/><input type=\"hidden\" name=\"postTitle_0\" value=\"PY27DQIxFARb2QZICElB9HE6r9BDPtu8DzFtkBFydbgTKjlDQLbBzOy5lmRIROrrnbm2xoXFMUf2UGbQ4TVUzOUWxOFEQ2191ckZan9wRALHoSp3Fgn2eTxladrfl\/INpuFlGXuAopxdZeZP2hPTuM3oLzStV7pt\" \/><input type=\"hidden\" name=\"postLink_0\" value=\"yygpKSi20tdPzixJTc1JTU\/MS07Vy0st0bcvsDU0MDC2AAA=\" \/><input type=\"hidden\" name=\"postAuthor_0\" value=\"805MSS0CAA==\" \/><input type=\"hidden\" name=\"postDateTime_0\" value=\"MzIwMtI1MNE1MlcwtLAyMLEyMgEA\" \/><input type=\"hidden\" name=\"postContent_0\" value=\"tVfLbhvJFd37KyoEHNgA37RmNIooQ5GhGcMzgIAMssgmKHZXk+WpruqpB0l5lX\/IKrssR8knzG6I\/Ei+JOfe6qYoWUImliMIJLse93nuubdPm7PTEL2zy7M3KgjX7G68jCr5IIpkYvLKBFEqYaTwu5uldlaUSVwoG70ahFQKZ6NovA6ikT72hUm21GJ6JOTaayOm4+m0L3Z\/F99Ju5TixYMyXvKJZJUIKgTe\/vdf\/qZt5XwtI56DUJHX1LYxuuA1GBWE0UuLr1J7VUSvC\/qdxFQJ2TTKkNTGu\/cq8vKlsyX7Uu5u1so4HKlhw95PUhJdgi9R\/5hwTEKxUaKQpVck4Mq7pZd1rdgWqEhayLQVb22ZEEMN7QUchHlrxSZDP+L2tUtr5a20hWojeZE1ihdX528vBl9fvByejtoknI6as2enzdm3kCCLnAiormG7etzSOxlRVgS5Js+SFY1KojEpkNOB4olMheThF4yFUJ3jC+GUP13ohqPbzwe8jrufvOL9sLsxiHIX+tIhVQrWSW2DFmQGXYkKjkb2Xi5cijoEfn4wLZ+SlReXby6+fzkUb4FLwt5id2N3NxUs392Q66qq1H\/DYZ8TSICrdVC0bJEymTg9GfvOWsm2E6YoYIWKUQltETBOMFRgc3dDN8RsImqJa6TmPm4446wH1v3rr2n9fweTOJVi5VU1761ibMLJaFToqJRRS7o2tCqONs0ALiJZcZQa42QZRmT7aPxqNB1Mh+8bteydnep6KWhT2+W8Z+SH6x50Fi4\/y3Bti54ojAwBT1SK1lEN6w9qUCVjBJToWi7VYDIeH017IvjiiSYJaeK81xMbXcbVvDcZT8Y9sVJ6ucLyqy+OWEdQ8WlqBMnd9MUnyhjMxuPtZHacZeHhCaK+\/OJ4Ozt6lUXhYdPj+CLgL2q5HXAcTtjeZvsS3+M1lOXHnhiBTeSeUa4co\/hRdkRZ9VuqwKH+5KtXQK0xWvpcn5WH0UFcXJ6LQIVXd0wiRZQL4L0hBbIoXN1I0HLmmEcaShK\/T\/4HbaW4lMH1hURllahv1DAkZT7HHWaa86qSmkjoPViADuV6INLLkdMKdbN34RsFlrNWvNswMwxBjaLSXDFELNA1iANQAqgPPOA0KusfoE5qb0yBgpmUjd8TMBGbd3C40kZnRkTPc6DHbNlHDM1cAxZ22jMVaFhSSzLbULWnUru1DokOsiIfuy4bit1PqCI62W00KLG49xvJMxypMBSc02w+2FkvNfKQJTYuxGQy9Tq9ZsezYzLhM\/TbawAfZEcSR\/zUgNFBfSBG5yUMDw54oD6caYolULdXmUJR+q7QuR87ps\/CtRlniswBKDlcGWlQ3SC3MOzjDvMk2pp8Em3d5aiJYBrzxCdPoKvJI3R1dPzVLVtNv5w8ja0mn4GtJp+PrSa\/mq0QhgOy4qeOqwq3+znyrIKK1Qz3H9EXqTSpvCx3wTJX5n5u8a5MRR5a8Ig+XKxAI4AjWq5HtTjPcEN794pmyswDLKaQjYSTBP7ytt6H4ltgG+OINOl21rxFMPxHVUB6pTxmCWWo6FoqXMjAjfkW2ODDmisbtRW1VYglzQ5wDGCDaqrxdrjhdYy8yfNGJoSSmAM+5V1QYZALnW9GVaxse5Gqs8IYlP0hRmpnrJZJDlzNbNjyGLa7iqXCNybTGUWNCbiTM+z6yDnxiLI023w37Fi2NWCrfKEL9avn94e7Qx63aKyvKuyTum7G52EoEPOs6SbIG8pxNhAPD8Uv\/8RcCCqMtKPrLvVMVfDMt0MURBKMeTq7ZXnuX5BmSJbnQZBmvIhxi\/kY+asxBOIWzaF5HnQMr2S7fB00GnAnjFhgrCxcanJnxfgdiT19RnbuMh2wCOktV7fkjJ6SsUkTZUGvRzYMDHUWpzsId7cbx104iF9+3rc463B9eLrwKK9n9Eaxn\/GpL1ATD4A49VxJg3vKyN1PrlwExQoTs0JNnEf8InS\/Q6vmVnYlkwGgxRtdf0DsCAU831LIW56HN7nY8kx82+kO2pykJlQdvFpghkBGnW7bQu3wQcZK4NvXMJcjd5jGLjWyNXoN4srzh\/Kek0vBpQR7EkRtDK8tfARS+E2km\/y795o93rvX43NM3Xi7+tP5u\/N7b2syaIpb7ii1DKuwYJrMKtoFpN52v3FbRVR0iWZV6vW9qwu3fXg9xYhawp483NFQNahkoRbO\/cAaBqEG2vPPgqpnb4R1YSVLB16+22g3m82wEzEEYY1wDDUwbFbN6zTnU89n58+nl\/i\/3xRodXbZPJ+9AaPPjnuYBv2Smtqfo2t6CK+Z96yrnDHQi2gCfJ35ZDqWRrR2dyeqbeydXQEt6M0fuhM0zX7se9zo2Pn4v7ve3mavdW5tcaNUfE0mzH+bvJk\/2g5fN\/PP7vP3pPzQ4QMgOMisAgwuVtP77t5xMcRro+a9UgfMjtcn9F72O1IKWe3nM3Hw98ASL5PqVlRhlPQnCxdXB4IY+PdE\/WYwEH8g9IgWr2JxnQ2kRQqbGIg\/osBQ7SdiNjwejgeDs\/8A\" \/> \t\t<a href=\"https:\/\/www.pdf24.org\" target=\"_blank\" title=\"www.pdf24.org\" rel=\"nofollow\"><img src=\"https:\/\/citeelegance.net\/wp-content\/plugins\/pdf24-posts-to-pdf\/img\/pdf_32x32.png\" alt=\"\" border=\"0\" height=\"32\" \/><\/a> \t\t<span class=\"pdf24Plugin-cp-space\">&nbsp;&nbsp;<\/span> \t\t<span class=\"pdf24Plugin-cp-text\">Send article as PDF<\/span> \t\t<span class=\"pdf24Plugin-cp-space\">&nbsp;&nbsp;<\/span> \t\t<input class=\"pdf24Plugin-cp-input\" style=\"margin: 0px;\" type=\"text\" name=\"sendEmailTo\" placeholder=\"Enter email address\" \/> \t\t<input class=\"pdf24Plugin-cp-submit\" style=\"margin: 0px;\" type=\"submit\" value=\"Send\" \/> \t<\/form> <\/div>","protected":false},"excerpt":{"rendered":"<p>Des op\u00e9rateurs culturels de la r\u00e9gion du Centre-sud ont pris part, lundi 25 avril 2022, \u00e0 Manga (r\u00e9gion du Centre-sud), \u00e0 une session d\u2019informations et d\u2019explication des lignes directrices du 2e appel \u00e0 projets du Fonds de d\u00e9veloppement culturel et touristique dans le cadre du Programme d\u2019appui aux Industries cr\u00e9atives et \u00e0 la Gouvernance de [&hellip;]<\/p>\n","protected":false},"author":3,"featured_media":10041,"comment_status":"open","ping_status":"closed","sticky":false,"template":"","format":"standard","meta":{"footnotes":""},"categories":[2,1,16,13],"tags":[],"yoast_head":"<!-- This site is optimized with the Yoast SEO plugin v18.1 - https:\/\/yoast.com\/wordpress\/plugins\/seo\/ -->\n<title>Fonds de d\u00e9veloppement culturel et touristique :Des op\u00e9rateurs culturels du Centre-sud s\u2019impr\u00e8gnent des lignes directrices du 2e appel \u00e0 projets - CITE ELEGANCE<\/title>\n<meta name=\"robots\" content=\"index, follow, max-snippet:-1, max-image-preview:large, max-video-preview:-1\" \/>\n<link rel=\"canonical\" href=\"https:\/\/citeelegance.net\/?p=10038\" \/>\n<meta property=\"og:locale\" content=\"fr_FR\" \/>\n<meta property=\"og:type\" content=\"article\" \/>\n<meta property=\"og:title\" content=\"Fonds de d\u00e9veloppement culturel et touristique :Des op\u00e9rateurs culturels du Centre-sud s\u2019impr\u00e8gnent des lignes directrices du 2e appel \u00e0 projets - CITE ELEGANCE\" \/>\n<meta property=\"og:description\" content=\"Des op\u00e9rateurs culturels de la r\u00e9gion du Centre-sud ont pris part, lundi 25 avril 2022, \u00e0 Manga (r\u00e9gion du Centre-sud), \u00e0 une session d\u2019informations et d\u2019explication des lignes directrices du 2e appel \u00e0 projets du Fonds de d\u00e9veloppement culturel et touristique dans le cadre du Programme d\u2019appui aux Industries cr\u00e9atives et \u00e0 la Gouvernance de [&hellip;]\" \/>\n<meta property=\"og:url\" content=\"https:\/\/citeelegance.net\/?p=10038\" \/>\n<meta property=\"og:site_name\" content=\"CITE ELEGANCE\" \/>\n<meta property=\"article:published_time\" content=\"2022-04-27T18:57:24+00:00\" \/>\n<meta property=\"article:modified_time\" content=\"2022-04-27T20:58:45+00:00\" \/>\n<meta property=\"og:image\" content=\"https:\/\/citeelegance.net\/wp-content\/uploads\/2022\/04\/1.jpeg\" \/>\n\t<meta property=\"og:image:width\" content=\"1010\" \/>\n\t<meta property=\"og:image:height\" content=\"465\" \/>\n\t<meta property=\"og:image:type\" content=\"image\/jpeg\" \/>\n<meta name=\"twitter:label1\" content=\"\u00c9crit par\" \/>\n\t<meta name=\"twitter:data1\" content=\"Kader\" \/>\n\t<meta name=\"twitter:label2\" content=\"Dur\u00e9e de lecture estim\u00e9e\" \/>\n\t<meta name=\"twitter:data2\" content=\"3 minutes\" \/>\n<script type=\"application\/ld+json\" class=\"yoast-schema-graph\">{\"@context\":\"https:\/\/schema.org\",\"@graph\":[{\"@type\":\"WebSite\",\"@id\":\"https:\/\/citeelegance.net\/#website\",\"url\":\"https:\/\/citeelegance.net\/\",\"name\":\"CITE ELEGANCE\",\"description\":\"\",\"potentialAction\":[{\"@type\":\"SearchAction\",\"target\":{\"@type\":\"EntryPoint\",\"urlTemplate\":\"https:\/\/citeelegance.net\/?s={search_term_string}\"},\"query-input\":\"required name=search_term_string\"}],\"inLanguage\":\"fr-FR\"},{\"@type\":\"ImageObject\",\"@id\":\"https:\/\/citeelegance.net\/?p=10038#primaryimage\",\"inLanguage\":\"fr-FR\",\"url\":\"https:\/\/citeelegance.net\/wp-content\/uploads\/2022\/04\/1.jpeg\",\"contentUrl\":\"https:\/\/citeelegance.net\/wp-content\/uploads\/2022\/04\/1.jpeg\",\"width\":1010,\"height\":465},{\"@type\":\"WebPage\",\"@id\":\"https:\/\/citeelegance.net\/?p=10038#webpage\",\"url\":\"https:\/\/citeelegance.net\/?p=10038\",\"name\":\"Fonds de d\u00e9veloppement culturel et touristique :Des op\u00e9rateurs culturels du Centre-sud s\u2019impr\u00e8gnent des lignes directrices du 2e appel \u00e0 projets - CITE ELEGANCE\",\"isPartOf\":{\"@id\":\"https:\/\/citeelegance.net\/#website\"},\"primaryImageOfPage\":{\"@id\":\"https:\/\/citeelegance.net\/?p=10038#primaryimage\"},\"datePublished\":\"2022-04-27T18:57:24+00:00\",\"dateModified\":\"2022-04-27T20:58:45+00:00\",\"author\":{\"@id\":\"https:\/\/citeelegance.net\/#\/schema\/person\/e06163d4cd2cfc8a3cfc96dc84443ae4\"},\"breadcrumb\":{\"@id\":\"https:\/\/citeelegance.net\/?p=10038#breadcrumb\"},\"inLanguage\":\"fr-FR\",\"potentialAction\":[{\"@type\":\"ReadAction\",\"target\":[\"https:\/\/citeelegance.net\/?p=10038\"]}]},{\"@type\":\"BreadcrumbList\",\"@id\":\"https:\/\/citeelegance.net\/?p=10038#breadcrumb\",\"itemListElement\":[{\"@type\":\"ListItem\",\"position\":1,\"name\":\"Accueil\",\"item\":\"https:\/\/citeelegance.net\/\"},{\"@type\":\"ListItem\",\"position\":2,\"name\":\"Fonds de d\u00e9veloppement culturel et touristique :Des op\u00e9rateurs culturels du Centre-sud s\u2019impr\u00e8gnent des lignes directrices du 2e appel \u00e0 projets\"}]},{\"@type\":\"Person\",\"@id\":\"https:\/\/citeelegance.net\/#\/schema\/person\/e06163d4cd2cfc8a3cfc96dc84443ae4\",\"name\":\"Kader\",\"url\":\"https:\/\/citeelegance.net\/?author=3\"}]}<\/script>\n<!-- \/ Yoast SEO plugin. -->","yoast_head_json":{"title":"Fonds de d\u00e9veloppement culturel et touristique :Des op\u00e9rateurs culturels du Centre-sud s\u2019impr\u00e8gnent des lignes directrices du 2e appel \u00e0 projets - CITE ELEGANCE","robots":{"index":"index","follow":"follow","max-snippet":"max-snippet:-1","max-image-preview":"max-image-preview:large","max-video-preview":"max-video-preview:-1"},"canonical":"https:\/\/citeelegance.net\/?p=10038","og_locale":"fr_FR","og_type":"article","og_title":"Fonds de d\u00e9veloppement culturel et touristique :Des op\u00e9rateurs culturels du Centre-sud s\u2019impr\u00e8gnent des lignes directrices du 2e appel \u00e0 projets - CITE ELEGANCE","og_description":"Des op\u00e9rateurs culturels de la r\u00e9gion du Centre-sud ont pris part, lundi 25 avril 2022, \u00e0 Manga (r\u00e9gion du Centre-sud), \u00e0 une session d\u2019informations et d\u2019explication des lignes directrices du 2e appel \u00e0 projets du Fonds de d\u00e9veloppement culturel et touristique dans le cadre du Programme d\u2019appui aux Industries cr\u00e9atives et \u00e0 la Gouvernance de [&hellip;]","og_url":"https:\/\/citeelegance.net\/?p=10038","og_site_name":"CITE ELEGANCE","article_published_time":"2022-04-27T18:57:24+00:00","article_modified_time":"2022-04-27T20:58:45+00:00","og_image":[{"width":1010,"height":465,"url":"https:\/\/citeelegance.net\/wp-content\/uploads\/2022\/04\/1.jpeg","type":"image\/jpeg"}],"twitter_misc":{"\u00c9crit par":"Kader","Dur\u00e9e de lecture estim\u00e9e":"3 minutes"},"schema":{"@context":"https:\/\/schema.org","@graph":[{"@type":"WebSite","@id":"https:\/\/citeelegance.net\/#website","url":"https:\/\/citeelegance.net\/","name":"CITE ELEGANCE","description":"","potentialAction":[{"@type":"SearchAction","target":{"@type":"EntryPoint","urlTemplate":"https:\/\/citeelegance.net\/?s={search_term_string}"},"query-input":"required name=search_term_string"}],"inLanguage":"fr-FR"},{"@type":"ImageObject","@id":"https:\/\/citeelegance.net\/?p=10038#primaryimage","inLanguage":"fr-FR","url":"https:\/\/citeelegance.net\/wp-content\/uploads\/2022\/04\/1.jpeg","contentUrl":"https:\/\/citeelegance.net\/wp-content\/uploads\/2022\/04\/1.jpeg","width":1010,"height":465},{"@type":"WebPage","@id":"https:\/\/citeelegance.net\/?p=10038#webpage","url":"https:\/\/citeelegance.net\/?p=10038","name":"Fonds de d\u00e9veloppement culturel et touristique :Des op\u00e9rateurs culturels du Centre-sud s\u2019impr\u00e8gnent des lignes directrices du 2e appel \u00e0 projets - CITE ELEGANCE","isPartOf":{"@id":"https:\/\/citeelegance.net\/#website"},"primaryImageOfPage":{"@id":"https:\/\/citeelegance.net\/?p=10038#primaryimage"},"datePublished":"2022-04-27T18:57:24+00:00","dateModified":"2022-04-27T20:58:45+00:00","author":{"@id":"https:\/\/citeelegance.net\/#\/schema\/person\/e06163d4cd2cfc8a3cfc96dc84443ae4"},"breadcrumb":{"@id":"https:\/\/citeelegance.net\/?p=10038#breadcrumb"},"inLanguage":"fr-FR","potentialAction":[{"@type":"ReadAction","target":["https:\/\/citeelegance.net\/?p=10038"]}]},{"@type":"BreadcrumbList","@id":"https:\/\/citeelegance.net\/?p=10038#breadcrumb","itemListElement":[{"@type":"ListItem","position":1,"name":"Accueil","item":"https:\/\/citeelegance.net\/"},{"@type":"ListItem","position":2,"name":"Fonds de d\u00e9veloppement culturel et touristique :Des op\u00e9rateurs culturels du Centre-sud s\u2019impr\u00e8gnent des lignes directrices du 2e appel \u00e0 projets"}]},{"@type":"Person","@id":"https:\/\/citeelegance.net\/#\/schema\/person\/e06163d4cd2cfc8a3cfc96dc84443ae4","name":"Kader","url":"https:\/\/citeelegance.net\/?author=3"}]}},"_links":{"self":[{"href":"https:\/\/citeelegance.net\/index.php?rest_route=\/wp\/v2\/posts\/10038"}],"collection":[{"href":"https:\/\/citeelegance.net\/index.php?rest_route=\/wp\/v2\/posts"}],"about":[{"href":"https:\/\/citeelegance.net\/index.php?rest_route=\/wp\/v2\/types\/post"}],"author":[{"embeddable":true,"href":"https:\/\/citeelegance.net\/index.php?rest_route=\/wp\/v2\/users\/3"}],"replies":[{"embeddable":true,"href":"https:\/\/citeelegance.net\/index.php?rest_route=%2Fwp%2Fv2%2Fcomments&post=10038"}],"version-history":[{"count":7,"href":"https:\/\/citeelegance.net\/index.php?rest_route=\/wp\/v2\/posts\/10038\/revisions"}],"predecessor-version":[{"id":10059,"href":"https:\/\/citeelegance.net\/index.php?rest_route=\/wp\/v2\/posts\/10038\/revisions\/10059"}],"wp:featuredmedia":[{"embeddable":true,"href":"https:\/\/citeelegance.net\/index.php?rest_route=\/wp\/v2\/media\/10041"}],"wp:attachment":[{"href":"https:\/\/citeelegance.net\/index.php?rest_route=%2Fwp%2Fv2%2Fmedia&parent=10038"}],"wp:term":[{"taxonomy":"category","embeddable":true,"href":"https:\/\/citeelegance.net\/index.php?rest_route=%2Fwp%2Fv2%2Fcategories&post=10038"},{"taxonomy":"post_tag","embeddable":true,"href":"https:\/\/citeelegance.net\/index.php?rest_route=%2Fwp%2Fv2%2Ftags&post=10038"}],"curies":[{"name":"wp","href":"https:\/\/api.w.org\/{rel}","templated":true}]}}